{"id":216137,"date":"2025-12-11T02:24:46","date_gmt":"2025-12-11T06:24:46","guid":{"rendered":"https:\/\/www.elsinodaldetamaulipas.com.mx\/?p=216137"},"modified":"2025-12-11T02:24:46","modified_gmt":"2025-12-11T06:24:46","slug":"30-mil-tamaulipecos-viven-en-%c2%a8tinieblas%c2%a8","status":"publish","type":"post","link":"https:\/\/www.elsinodaldetamaulipas.com.mx\/?p=216137","title":{"rendered":"30 MIL TAMAULIPECOS VIVEN EN \u00a8TINIEBLAS\u00a8"},"content":{"rendered":"<h3>*Impulsa diputado local Gerardo Pe\u00f1a una reforma para atender la desigualdad energ\u00e9tica.<\/h3>\n<p>Por Julio Manuel Loya Guzm\u00e1n\/EL SINODAL DE TAMAULIPAS<br \/>\nCd. Victoria, Tamaulipas.\u2014 Una de las carencias m\u00e1s invisibles de Tamaulipas: vivir sin luz, fue expuesta por la bancada del PAN a trav\u00e9s de una reforma a la Ley de Fomento y Aprovechamiento Sustentable de Energ\u00eda, que busca que la pobreza energ\u00e9tica y la justicia energ\u00e9tica sean conceptos legales y obligatorios en la pol\u00edtica p\u00fablica estatal.<\/p>\n<p>El coordinador de la bancada, Gerardo Pe\u00f1a Flores, explic\u00f3 que la modificaci\u00f3n pretende obligar al Gobierno de Tamaulipas a incorporar programas, presupuesto y acciones espec\u00edficas para atender a por lo menos 30 mil personas que siguen sin acceso a energ\u00eda el\u00e9ctrica.<\/p>\n<p>Calific\u00f3 esta condici\u00f3n como \u201cuna de las desigualdades m\u00e1s severas y olvidadas\u201d en pleno siglo XXI, por lo que subray\u00f3 la urgencia del tema al recordar la realidad cotidiana de quienes viven sin electricidad.<\/p>\n<p>\u201cImaginen personas que no pueden alumbrar su vivienda, que no pueden cocer sus alimentos, refrigerar la leche o el agua, o siquiera encender una televisi\u00f3n o un radio para tener un m\u00ednimo de entretenimiento\u201d, expuso.<\/p>\n<p>De acuerdo con el legislador, el deber del Congreso es generar mejores condiciones de vida, y record\u00f3 que el \u00faltimo censo del INEGI revela que al menos 10 mil familias \u2014unas 30 mil personas\u2014 en Tamaulipas viven sin energ\u00eda el\u00e9ctrica, cifra que evidencia la dimensi\u00f3n del problema.<\/p>\n<p>A nivel nacional, el panorama tampoco es alentador, pues diversos estudios estiman que 36.7 % de los hogares en M\u00e9xico se encuentra en pobreza energ\u00e9tica, es decir, destinan m\u00e1s del 10 % de sus ingresos anuales al pago de servicios energ\u00e9ticos b\u00e1sicos.<\/p>\n<p>La iniciativa presentada por Pe\u00f1a Flores plantea que la ley estatal no solo reconozca el derecho al acceso a servicios energ\u00e9ticos, sino que obligue al gobierno a cerrar la brecha mediante presupuesto, programas y pol\u00edticas integrales.<\/p>\n<p>Asimismo, busca que las decisiones en materia de energ\u00eda contemplen la asequibilidad, calidad y continuidad del suministro, avanzando hacia lo que el diputado denomina \u201cjusticia energ\u00e9tica\u201d, un enfoque que prioriza la igualdad en el acceso a un servicio indispensable para el bienestar y el desarrollo social.<\/p>\n","protected":false},"excerpt":{"rendered":"<p>*Impulsa diputado local Gerardo Pe\u00f1a una reforma para atender la desigualdad energ\u00e9tica. Por Julio Manuel Loya Guzm\u00e1n\/EL SINODAL DE TAMAULIPAS Cd. Victoria, Tamaulipas.\u2014 Una de las carencias m\u00e1s invisibles de Tamaulipas: vivir sin luz, fue expuesta por la bancada del PAN a trav\u00e9s de una reforma a la Ley de Fomento y Aprovechamiento Sustentable de [&hellip;]<\/p>\n","protected":false},"author":1,"featured_media":216138,"comment_status":"closed","ping_status":"closed","sticky":false,"template":"","format":"standard","meta":{"footnotes":""},"categories":[3],"tags":[],"class_list":["post-216137","post","type-post","status-publish","format-standard","has-post-thumbnail","hentry","category-tamaulipas"],"_links":{"self":[{"href":"https:\/\/www.elsinodaldetamaulipas.com.mx\/index.php?rest_route=\/wp\/v2\/posts\/216137","targetHints":{"allow":["GET"]}}],"collection":[{"href":"https:\/\/www.elsinodaldetamaulipas.com.mx\/index.php?rest_route=\/wp\/v2\/posts"}],"about":[{"href":"https:\/\/www.elsinodaldetamaulipas.com.mx\/index.php?rest_route=\/wp\/v2\/types\/post"}],"author":[{"embeddable":true,"href":"https:\/\/www.elsinodaldetamaulipas.com.mx\/index.php?rest_route=\/wp\/v2\/users\/1"}],"replies":[{"embeddable":true,"href":"https:\/\/www.elsinodaldetamaulipas.com.mx\/index.php?rest_route=%2Fwp%2Fv2%2Fcomments&post=216137"}],"version-history":[{"count":1,"href":"https:\/\/www.elsinodaldetamaulipas.com.mx\/index.php?rest_route=\/wp\/v2\/posts\/216137\/revisions"}],"predecessor-version":[{"id":216139,"href":"https:\/\/www.elsinodaldetamaulipas.com.mx\/index.php?rest_route=\/wp\/v2\/posts\/216137\/revisions\/216139"}],"wp:featuredmedia":[{"embeddable":true,"href":"https:\/\/www.elsinodaldetamaulipas.com.mx\/index.php?rest_route=\/wp\/v2\/media\/216138"}],"wp:attachment":[{"href":"https:\/\/www.elsinodaldetamaulipas.com.mx\/index.php?rest_route=%2Fwp%2Fv2%2Fmedia&parent=216137"}],"wp:term":[{"taxonomy":"category","embeddable":true,"href":"https:\/\/www.elsinodaldetamaulipas.com.mx\/index.php?rest_route=%2Fwp%2Fv2%2Fcategories&post=216137"},{"taxonomy":"post_tag","embeddable":true,"href":"https:\/\/www.elsinodaldetamaulipas.com.mx\/index.php?rest_route=%2Fwp%2Fv2%2Ftags&post=216137"}],"curies":[{"name":"wp","href":"https:\/\/api.w.org\/{rel}","templated":true}]}}