{"id":216153,"date":"2025-12-11T14:27:00","date_gmt":"2025-12-11T18:27:00","guid":{"rendered":"https:\/\/www.elsinodaldetamaulipas.com.mx\/?p=216153"},"modified":"2025-12-11T14:27:00","modified_gmt":"2025-12-11T18:27:00","slug":"personal-de-oficinas-fiscales-renueva-compromisos","status":"publish","type":"post","link":"https:\/\/www.elsinodaldetamaulipas.com.mx\/?p=216153","title":{"rendered":"PERSONAL DE OFICINAS FISCALES RENUEVA COMPROMISOS"},"content":{"rendered":"<p><em>EL SINODAL DE TAMAULIPAS<\/em><\/p>\n<p>Ciudad Victoria, Tam.\u2014 En un ambiente de alegr\u00eda, fraternidad y humanismo impulsado por el Gobernador del Estado, Dr. Am\u00e9rico Villarreal Anaya, las Oficinas Fiscales de Tamaulipas celebraron su tradicional posada de Navidad, encabezada por su titular, Marcelo Ol\u00e1n Mendoza, quien dirigi\u00f3 un emotivo mensaje a los trabajadores del organismo, reconociendo su esfuerzo y compromiso con el servicio p\u00fablico.<\/p>\n<p><img loading=\"lazy\" decoding=\"async\" class=\"aligncenter wp-image-216155 size-full\" src=\"https:\/\/www.elsinodaldetamaulipas.com.mx\/wp-content\/uploads\/2025\/12\/\u00b4PORTADA-3.jpg\" alt=\"\" width=\"894\" height=\"487\" srcset=\"https:\/\/www.elsinodaldetamaulipas.com.mx\/wp-content\/uploads\/2025\/12\/\u00b4PORTADA-3.jpg 894w, https:\/\/www.elsinodaldetamaulipas.com.mx\/wp-content\/uploads\/2025\/12\/\u00b4PORTADA-3-300x163.jpg 300w, https:\/\/www.elsinodaldetamaulipas.com.mx\/wp-content\/uploads\/2025\/12\/\u00b4PORTADA-3-768x418.jpg 768w\" sizes=\"auto, (max-width: 894px) 100vw, 894px\" \/><\/p>\n<p>Marcelo Ol\u00e1n Mendoza, a nombre del Secretario de Finanzas del Estado, Carlos Ir\u00e1n Ram\u00edrez Gonz\u00e1lez, dese\u00f3 que la paz, el amor y la prosperidad llene los corazones y hogares de todos y cada uno de quienes conforman el equipo humanista de est\u00e1 Direcci\u00f3n a su cargo y que el a\u00f1o nuevo 2026 llegu\u00e9 con prosperidad y salud.<\/p>\n<p>&nbsp;<\/p>\n<p>Marcelo Ol\u00e1n Mendoza enfatiz\u00f3 que la labor de todos y cada uno de quienes sirven a los tamaulipecos es muy importante y fundamental para construir un estado m\u00e1s justo y eficiente, como lo establece la m\u00edstica de trabajo del Gobernador Am\u00e9rico Villarreal Anaya, quien procura, en su diario quehacer con los ciudadanos, intensificar un gobierno amigo que prev\u00e9 el bienestar de todas las familias.<\/p>\n<p><img loading=\"lazy\" decoding=\"async\" class=\"aligncenter wp-image-216156 size-full\" src=\"https:\/\/www.elsinodaldetamaulipas.com.mx\/wp-content\/uploads\/2025\/12\/PORTADA-2.jpg\" alt=\"\" width=\"894\" height=\"487\" srcset=\"https:\/\/www.elsinodaldetamaulipas.com.mx\/wp-content\/uploads\/2025\/12\/PORTADA-2.jpg 894w, https:\/\/www.elsinodaldetamaulipas.com.mx\/wp-content\/uploads\/2025\/12\/PORTADA-2-300x163.jpg 300w, https:\/\/www.elsinodaldetamaulipas.com.mx\/wp-content\/uploads\/2025\/12\/PORTADA-2-768x418.jpg 768w\" sizes=\"auto, (max-width: 894px) 100vw, 894px\" \/><\/p>\n<p>\u201cAmigas y amigos, quiero compartirles que en uni\u00f3n, armon\u00eda, paz y mucha felicidad llevamos a cabo una bonita posada con los compa\u00f1eros de la Direcci\u00f3n de Oficinas Fiscales del Estado y Establecimiento de bebidas alcoh\u00f3licas que orgullosamente presido, donde abundaron los buenos deseos para esta Navidad y pr\u00f3ximo a\u00f1o 2026\u2026\u201d<\/p>\n<p>\u201cHoy tambi\u00e9n la oportunidad de agradecer con toda la fuerza del coraz\u00f3n a todo el gran equipo de trabajo de esta Direcci\u00f3n por su esfuerzo, eficiencia y resultados, pero sobre todo la lealtad al proyecto humanista de nuestro Gobernador Constitucional, Dr. Am\u00e9rico Villarreal Anaya, quien de la mano de nuestra presidenta, Dra. Claudia Sheinbaum Pardo, d\u00eda con d\u00eda luchan por el bienestar de nuestro bonito y gran Estado de Tamaulipas\u201d, expres\u00f3 el Lic. Marcelo Ol\u00e1n Mendoza.<\/p>\n<p><img loading=\"lazy\" decoding=\"async\" class=\"aligncenter wp-image-216157 size-full\" src=\"https:\/\/www.elsinodaldetamaulipas.com.mx\/wp-content\/uploads\/2025\/12\/PORTADA-4.jpg\" alt=\"\" width=\"894\" height=\"487\" srcset=\"https:\/\/www.elsinodaldetamaulipas.com.mx\/wp-content\/uploads\/2025\/12\/PORTADA-4.jpg 894w, https:\/\/www.elsinodaldetamaulipas.com.mx\/wp-content\/uploads\/2025\/12\/PORTADA-4-300x163.jpg 300w, https:\/\/www.elsinodaldetamaulipas.com.mx\/wp-content\/uploads\/2025\/12\/PORTADA-4-768x418.jpg 768w\" sizes=\"auto, (max-width: 894px) 100vw, 894px\" \/><\/p>\n<p>Durante su intervenci\u00f3n, el director resalt\u00f3 el enfoque humanista del Dr. Am\u00e9rico Villarreal Anaya, mismo que es la gu\u00eda en las acciones de la dependencia con la sociedad e iniciativa privada, invitando a los presentes a disfrutar de esta Navidad con sus seres amados, reflexionar sobre los logros alcanzados este 2025 y renovar energ\u00edas para los retos venideros en el 2026.<\/p>\n<p>&nbsp;<\/p>\n<p>Con un mensaje cargado de esperanza y gratitud, Marcelo Ol\u00e1n Mendoza reafirm\u00f3 su compromiso con el equipo y con la comunidad tamaulipeca, en una celebraci\u00f3n que record\u00f3 la importancia de la uni\u00f3n y la solidaridad en esta temporada festiva.<\/p>\n","protected":false},"excerpt":{"rendered":"<p>EL SINODAL DE TAMAULIPAS Ciudad Victoria, Tam.\u2014 En un ambiente de alegr\u00eda, fraternidad y humanismo impulsado por el Gobernador del Estado, Dr. Am\u00e9rico Villarreal Anaya, las Oficinas Fiscales de Tamaulipas celebraron su tradicional posada de Navidad, encabezada por su titular, Marcelo Ol\u00e1n Mendoza, quien dirigi\u00f3 un emotivo mensaje a los trabajadores del organismo, reconociendo su [&hellip;]<\/p>\n","protected":false},"author":1,"featured_media":216154,"comment_status":"closed","ping_status":"closed","sticky":false,"template":"","format":"standard","meta":{"footnotes":""},"categories":[1,2],"tags":[],"class_list":["post-216153","post","type-post","status-publish","format-standard","has-post-thumbnail","hentry","category-portada","category-reynosa"],"_links":{"self":[{"href":"https:\/\/www.elsinodaldetamaulipas.com.mx\/index.php?rest_route=\/wp\/v2\/posts\/216153","targetHints":{"allow":["GET"]}}],"collection":[{"href":"https:\/\/www.elsinodaldetamaulipas.com.mx\/index.php?rest_route=\/wp\/v2\/posts"}],"about":[{"href":"https:\/\/www.elsinodaldetamaulipas.com.mx\/index.php?rest_route=\/wp\/v2\/types\/post"}],"author":[{"embeddable":true,"href":"https:\/\/www.elsinodaldetamaulipas.com.mx\/index.php?rest_route=\/wp\/v2\/users\/1"}],"replies":[{"embeddable":true,"href":"https:\/\/www.elsinodaldetamaulipas.com.mx\/index.php?rest_route=%2Fwp%2Fv2%2Fcomments&post=216153"}],"version-history":[{"count":1,"href":"https:\/\/www.elsinodaldetamaulipas.com.mx\/index.php?rest_route=\/wp\/v2\/posts\/216153\/revisions"}],"predecessor-version":[{"id":216158,"href":"https:\/\/www.elsinodaldetamaulipas.com.mx\/index.php?rest_route=\/wp\/v2\/posts\/216153\/revisions\/216158"}],"wp:featuredmedia":[{"embeddable":true,"href":"https:\/\/www.elsinodaldetamaulipas.com.mx\/index.php?rest_route=\/wp\/v2\/media\/216154"}],"wp:attachment":[{"href":"https:\/\/www.elsinodaldetamaulipas.com.mx\/index.php?rest_route=%2Fwp%2Fv2%2Fmedia&parent=216153"}],"wp:term":[{"taxonomy":"category","embeddable":true,"href":"https:\/\/www.elsinodaldetamaulipas.com.mx\/index.php?rest_route=%2Fwp%2Fv2%2Fcategories&post=216153"},{"taxonomy":"post_tag","embeddable":true,"href":"https:\/\/www.elsinodaldetamaulipas.com.mx\/index.php?rest_route=%2Fwp%2Fv2%2Ftags&post=216153"}],"curies":[{"name":"wp","href":"https:\/\/api.w.org\/{rel}","templated":true}]}}