{"id":216159,"date":"2025-12-11T17:18:08","date_gmt":"2025-12-11T21:18:08","guid":{"rendered":"https:\/\/www.elsinodaldetamaulipas.com.mx\/?p=216159"},"modified":"2025-12-11T17:18:08","modified_gmt":"2025-12-11T21:18:08","slug":"el-acueducto-quedara-concluido-el-2027","status":"publish","type":"post","link":"https:\/\/www.elsinodaldetamaulipas.com.mx\/?p=216159","title":{"rendered":"EL ACUEDUCTO QUEDAR\u00c1 CONCLUIDO EL 2027"},"content":{"rendered":"<p>T E C L A Z O S<br \/>\nPor Guadalupe E. Gonz\u00e1lez<\/p>\n<p><strong>X.-Es una obra que marcar\u00e1 historia para <\/strong><strong>las <\/strong><strong>familias victorenses: Lalo Gatt\u00e1s<\/strong><br \/>\n<strong>X.-Lograda gracias al apoyo del gobernador de <\/strong><strong>Tamaulipas Dr. Am\u00e9rico Villarreal }<\/strong><br \/>\nMARCADO entusiasmo es el que priva entre la ciudadan\u00eda victorense, al conocerse ayer (en la conferencia del pueblo) en voz de la presidenta de M\u00e9xico Dra. Claudia Sheinbaum Pardo que, para el 2027, \u201cquedar\u00e1 concluida la magna obra de la segunda l\u00ednea del acueducto para Victoria\u201d, cuyo beneficio redundar\u00e1 en favor de las familias capitalinas de Tamaulipas.<br \/>\nPOR ello, queda claro que, \u201cesta obra ser\u00e1 hist\u00f3rica\u201d para el pueblo victorense, por la soluci\u00f3n que tributar\u00e1 al problema de abasto de agua en la ciudad\u201d y, en la que, el alcalde Eduardo \u201cLalo\u201d Gatt\u00e1s B\u00e1ez, ser\u00e1 incluido \u201cpor ser quien con voluntad y buenos deseos, emprendi\u00f3 el proyecto del olvido\u201d, porque, recordemos que, fueron muchas administraciones municipales y estatales las que pasaron, sin que ninguna le pusiera la atenci\u00f3n debida a esta magna obra de bienestar Al contexto ciudadano de esta capital.<br \/>\nEN este marco, se constata que, \u201cla obra hidr\u00e1ulica, tambi\u00e9n es el fiel reflejo\u201d de cuando un Municipio, Estado y Federaci\u00f3n, \u201ctrabajan en equipo y de la mano, logrando grandes proyectos\u201d, como al que hoy aqu\u00ed hacemos patente, cuyo merito, se le atribuye al se\u00f1or Gobernador de Tamaulipas Dr. Am\u00e9rico Villarreal Anaya, \u201cpor la excelente relaci\u00f3n que mantiene en todas las oficinas del Gobierno de la Rep\u00fablica\u201d.<br \/>\nHAY que recordar que, en el a\u00f1o 2021, el alcalde \u201cLalo\u201d Gatt\u00e1s B\u00e1ez, obr\u00f3 por actualizar este importa proyecto, el que ingres\u00f3 a la secretaria de Hacienda, recibiendo para ello, \u201cel tangible respaldo del<br \/>\nmandatario tamaulipeco\u201d, con el fin de que gestionara los recursos necesarios, para la construcci\u00f3n de la segunda l\u00ednea del acueducto, cuya obra \u201choy lleva un avance del 30%, dej\u00e1ndose como huella<br \/>\nimborrable de trabajo, el valioso avance de esta magna obra que, \u201cser\u00e1 terminada para este pr\u00f3ximo 2027\u201d, tal como lo informara en la ciudad de M\u00e9xico la presidenta Dra. Claudia Sheinbaum Pardo.<br \/>\nFINALMENTE, les comento que lo anterior, no da como lectura que, \u201ccuando se tiene la firme convicci\u00f3n, el buen deseo y el sano prop\u00f3sito de consolidar obras de bienestar a los pueblos\u201d, esto se logra bajo el marco de la gran\u00edtica unidad, raz\u00f3n por la que, hoy las familias de Victoria y el contexto ciudadano en general, est\u00e1n convencidos que, gracias al apoyo de la presidenta de M\u00e9xico Dra. Claudia Sheinbaum Pardo, del se\u00f1or gobernador de Tamaulipas Dr. Am\u00e9rico Villarreal Anaya y del alcalde Eduardo \u201cLalo\u201d Gatt\u00e1s, despu\u00e9s de muchos a\u00f1os, se tendr\u00e1 un eficaz servicio deagua potable en todos los rincones de esta ciudad capital.<br \/>\nPor hoy es todo y hasta ma\u00f1ana.<br \/>\nPara sugerencias y puntos de vista en general al email:<br \/>\nlupeernesto@yahoo.com.mx<\/p>\n","protected":false},"excerpt":{"rendered":"<p>T E C L A Z O S Por Guadalupe E. Gonz\u00e1lez X.-Es una obra que marcar\u00e1 historia para las familias victorenses: Lalo Gatt\u00e1s X.-Lograda gracias al apoyo del gobernador de Tamaulipas Dr. Am\u00e9rico Villarreal } MARCADO entusiasmo es el que priva entre la ciudadan\u00eda victorense, al conocerse ayer (en la conferencia del pueblo) en [&hellip;]<\/p>\n","protected":false},"author":1,"featured_media":216160,"comment_status":"closed","ping_status":"closed","sticky":false,"template":"","format":"standard","meta":{"footnotes":""},"categories":[16],"tags":[],"class_list":["post-216159","post","type-post","status-publish","format-standard","has-post-thumbnail","hentry","category-opinion"],"_links":{"self":[{"href":"https:\/\/www.elsinodaldetamaulipas.com.mx\/index.php?rest_route=\/wp\/v2\/posts\/216159","targetHints":{"allow":["GET"]}}],"collection":[{"href":"https:\/\/www.elsinodaldetamaulipas.com.mx\/index.php?rest_route=\/wp\/v2\/posts"}],"about":[{"href":"https:\/\/www.elsinodaldetamaulipas.com.mx\/index.php?rest_route=\/wp\/v2\/types\/post"}],"author":[{"embeddable":true,"href":"https:\/\/www.elsinodaldetamaulipas.com.mx\/index.php?rest_route=\/wp\/v2\/users\/1"}],"replies":[{"embeddable":true,"href":"https:\/\/www.elsinodaldetamaulipas.com.mx\/index.php?rest_route=%2Fwp%2Fv2%2Fcomments&post=216159"}],"version-history":[{"count":1,"href":"https:\/\/www.elsinodaldetamaulipas.com.mx\/index.php?rest_route=\/wp\/v2\/posts\/216159\/revisions"}],"predecessor-version":[{"id":216161,"href":"https:\/\/www.elsinodaldetamaulipas.com.mx\/index.php?rest_route=\/wp\/v2\/posts\/216159\/revisions\/216161"}],"wp:featuredmedia":[{"embeddable":true,"href":"https:\/\/www.elsinodaldetamaulipas.com.mx\/index.php?rest_route=\/wp\/v2\/media\/216160"}],"wp:attachment":[{"href":"https:\/\/www.elsinodaldetamaulipas.com.mx\/index.php?rest_route=%2Fwp%2Fv2%2Fmedia&parent=216159"}],"wp:term":[{"taxonomy":"category","embeddable":true,"href":"https:\/\/www.elsinodaldetamaulipas.com.mx\/index.php?rest_route=%2Fwp%2Fv2%2Fcategories&post=216159"},{"taxonomy":"post_tag","embeddable":true,"href":"https:\/\/www.elsinodaldetamaulipas.com.mx\/index.php?rest_route=%2Fwp%2Fv2%2Ftags&post=216159"}],"curies":[{"name":"wp","href":"https:\/\/api.w.org\/{rel}","templated":true}]}}