{"id":216162,"date":"2025-12-11T19:10:45","date_gmt":"2025-12-11T23:10:45","guid":{"rendered":"https:\/\/www.elsinodaldetamaulipas.com.mx\/?p=216162"},"modified":"2025-12-11T19:10:45","modified_gmt":"2025-12-11T23:10:45","slug":"operativo-interinstitucional-descubre-a-delincuentes","status":"publish","type":"post","link":"https:\/\/www.elsinodaldetamaulipas.com.mx\/?p=216162","title":{"rendered":"OPERATIVO INTERINSTITUCIONAL DESCUBRE A DELINCUENTES"},"content":{"rendered":"<p>EL SINODAL DE TAMAULIPAS<\/p>\n<p>Ciudad Victoria, Tam.- Como resultado de un operativo interinstitucional encabezado por la Guardia Estatal y la Fiscal\u00eda General de Justicia, autoridades aseguraron un domicilio en el fraccionamiento Bamb\u00fa, en Ciudad Victoria, donde se encontraban personas privadas de la libertad.<\/p>\n<p>&nbsp;<\/p>\n<p>En la acci\u00f3n operativa fueron liberadas dos personas, quienes quedaron bajo resguardo y fueron trasladadas a la Fiscal\u00eda General de Justicia para rendir su declaraci\u00f3n y recibir la atenci\u00f3n m\u00e9dica correspondiente.<\/p>\n<p>&nbsp;<\/p>\n<p>Las instituciones contin\u00faan con las investigaciones para el esclarecimiento de los hechos.<\/p>\n","protected":false},"excerpt":{"rendered":"<p>EL SINODAL DE TAMAULIPAS Ciudad Victoria, Tam.- Como resultado de un operativo interinstitucional encabezado por la Guardia Estatal y la Fiscal\u00eda General de Justicia, autoridades aseguraron un domicilio en el fraccionamiento Bamb\u00fa, en Ciudad Victoria, donde se encontraban personas privadas de la libertad. &nbsp; En la acci\u00f3n operativa fueron liberadas dos personas, quienes quedaron bajo [&hellip;]<\/p>\n","protected":false},"author":1,"featured_media":216163,"comment_status":"closed","ping_status":"closed","sticky":false,"template":"","format":"standard","meta":{"footnotes":""},"categories":[25],"tags":[],"class_list":["post-216162","post","type-post","status-publish","format-standard","has-post-thumbnail","hentry","category-leyyorden"],"_links":{"self":[{"href":"https:\/\/www.elsinodaldetamaulipas.com.mx\/index.php?rest_route=\/wp\/v2\/posts\/216162","targetHints":{"allow":["GET"]}}],"collection":[{"href":"https:\/\/www.elsinodaldetamaulipas.com.mx\/index.php?rest_route=\/wp\/v2\/posts"}],"about":[{"href":"https:\/\/www.elsinodaldetamaulipas.com.mx\/index.php?rest_route=\/wp\/v2\/types\/post"}],"author":[{"embeddable":true,"href":"https:\/\/www.elsinodaldetamaulipas.com.mx\/index.php?rest_route=\/wp\/v2\/users\/1"}],"replies":[{"embeddable":true,"href":"https:\/\/www.elsinodaldetamaulipas.com.mx\/index.php?rest_route=%2Fwp%2Fv2%2Fcomments&post=216162"}],"version-history":[{"count":1,"href":"https:\/\/www.elsinodaldetamaulipas.com.mx\/index.php?rest_route=\/wp\/v2\/posts\/216162\/revisions"}],"predecessor-version":[{"id":216164,"href":"https:\/\/www.elsinodaldetamaulipas.com.mx\/index.php?rest_route=\/wp\/v2\/posts\/216162\/revisions\/216164"}],"wp:featuredmedia":[{"embeddable":true,"href":"https:\/\/www.elsinodaldetamaulipas.com.mx\/index.php?rest_route=\/wp\/v2\/media\/216163"}],"wp:attachment":[{"href":"https:\/\/www.elsinodaldetamaulipas.com.mx\/index.php?rest_route=%2Fwp%2Fv2%2Fmedia&parent=216162"}],"wp:term":[{"taxonomy":"category","embeddable":true,"href":"https:\/\/www.elsinodaldetamaulipas.com.mx\/index.php?rest_route=%2Fwp%2Fv2%2Fcategories&post=216162"},{"taxonomy":"post_tag","embeddable":true,"href":"https:\/\/www.elsinodaldetamaulipas.com.mx\/index.php?rest_route=%2Fwp%2Fv2%2Ftags&post=216162"}],"curies":[{"name":"wp","href":"https:\/\/api.w.org\/{rel}","templated":true}]}}