{"id":216172,"date":"2025-12-11T20:57:47","date_gmt":"2025-12-12T00:57:47","guid":{"rendered":"https:\/\/www.elsinodaldetamaulipas.com.mx\/?p=216172"},"modified":"2025-12-11T20:57:47","modified_gmt":"2025-12-12T00:57:47","slug":"la-educacion-tecnologica-supera-sus-estandares","status":"publish","type":"post","link":"https:\/\/www.elsinodaldetamaulipas.com.mx\/?p=216172","title":{"rendered":"LA EDUCACI\u00d3N TECNOL\u00d3GICA SUPERA SUS EST\u00c1NDARES"},"content":{"rendered":"<p><em>Por Gil Vicente Galindo\/EL SINODAL DE TAMAULIPAS<\/em><\/p>\n<p><strong>\u00a0 Reynosa, Tam.-<\/strong> El sistema educativo de nivel superior como lo es el Tecnol\u00f3gico Nacional de M\u00e9xico, sigue avanzando y transform\u00e1ndose en una mejora continua en todos los planteles de la rep\u00fablica mexicana.<\/p>\n<p>El maestro Antonio Andr\u00e9s P\u00e9rez M\u00e9ndez, director jur\u00eddico del TecNM, comento lo anterior, se\u00f1alando que bajo la direcci\u00f3n del maestro Ram\u00f3n Jim\u00e9nez L\u00f3pez, el instituto est\u00e1 dentro de los primeros lugares en investigaci\u00f3n y la confianza ciudadana, todo gracias al liderazgo de nuestro Director General.<\/p>\n<p>-Hoy por hoy, el TecNM crece en matricula y equipamiento, as\u00ed como en la certeza jur\u00eddica para que cada plantel cuente con las herramientas y actualizaciones necesarias para fortalecimiento institucional y aqu\u00ed estamos con la presidenta Claudia Sheinbaum Pardo-, agrego el maestro Antonio Andr\u00e9s P\u00e9rez.<\/p>\n<p>Con un apoyo del tama\u00f1o de la presidencia de la rep\u00fablica, no hay lugar a dudas de que el Tecnol\u00f3gico Nacional de M\u00e9xico, se fortalece, por ello, la comunidad tecnol\u00f3gica, le agradecemos infinitamente, enfatiz\u00f3 el funcionario del TecNM.<\/p>\n<p>El director jur\u00eddico del TecNM, maestro Antonio Andr\u00e9s P\u00e9rez M\u00e9ndez, se siente orgulloso de ser parte integral de la estructura tecnol\u00f3gica, donde todo el equipo se entrega con verdadera pasi\u00f3n y alta vocaci\u00f3n de servicio.<\/p>\n<p>La m\u00e1xima del director general del Tecnol\u00f3gico Nacional de M\u00e9xico, profesor Ram\u00f3n Jim\u00e9nez L\u00f3pez, es y ser\u00e1 siempre el trabajo en equipo, entender que somos unos facilitadores para que las cosas sucedan y el ejemplo lo pone nuestro director d\u00eda con d\u00eda, por lo que a nosotros nos toca replica su gran labor.<\/p>\n<p>Por otro lado, el maestro Antonio Andr\u00e9s P\u00e9rez M\u00e9ndez enfatiz\u00f3 que vienen grandes proyectos para el sistema Tecnol\u00f3gico, bajo la direcci\u00f3n del profesor Ram\u00f3n Jim\u00e9nez L\u00f3pez se preocupa e insiste en que las cosas se hagan realidad, son tiempos del Tecnol\u00f3gico Nacional de M\u00e9xico.<\/p>\n","protected":false},"excerpt":{"rendered":"<p>Por Gil Vicente Galindo\/EL SINODAL DE TAMAULIPAS \u00a0 Reynosa, Tam.- El sistema educativo de nivel superior como lo es el Tecnol\u00f3gico Nacional de M\u00e9xico, sigue avanzando y transform\u00e1ndose en una mejora continua en todos los planteles de la rep\u00fablica mexicana. El maestro Antonio Andr\u00e9s P\u00e9rez M\u00e9ndez, director jur\u00eddico del TecNM, comento lo anterior, se\u00f1alando que [&hellip;]<\/p>\n","protected":false},"author":1,"featured_media":216173,"comment_status":"closed","ping_status":"closed","sticky":false,"template":"","format":"standard","meta":{"footnotes":""},"categories":[1,2],"tags":[],"class_list":["post-216172","post","type-post","status-publish","format-standard","has-post-thumbnail","hentry","category-portada","category-reynosa"],"_links":{"self":[{"href":"https:\/\/www.elsinodaldetamaulipas.com.mx\/index.php?rest_route=\/wp\/v2\/posts\/216172","targetHints":{"allow":["GET"]}}],"collection":[{"href":"https:\/\/www.elsinodaldetamaulipas.com.mx\/index.php?rest_route=\/wp\/v2\/posts"}],"about":[{"href":"https:\/\/www.elsinodaldetamaulipas.com.mx\/index.php?rest_route=\/wp\/v2\/types\/post"}],"author":[{"embeddable":true,"href":"https:\/\/www.elsinodaldetamaulipas.com.mx\/index.php?rest_route=\/wp\/v2\/users\/1"}],"replies":[{"embeddable":true,"href":"https:\/\/www.elsinodaldetamaulipas.com.mx\/index.php?rest_route=%2Fwp%2Fv2%2Fcomments&post=216172"}],"version-history":[{"count":1,"href":"https:\/\/www.elsinodaldetamaulipas.com.mx\/index.php?rest_route=\/wp\/v2\/posts\/216172\/revisions"}],"predecessor-version":[{"id":216174,"href":"https:\/\/www.elsinodaldetamaulipas.com.mx\/index.php?rest_route=\/wp\/v2\/posts\/216172\/revisions\/216174"}],"wp:featuredmedia":[{"embeddable":true,"href":"https:\/\/www.elsinodaldetamaulipas.com.mx\/index.php?rest_route=\/wp\/v2\/media\/216173"}],"wp:attachment":[{"href":"https:\/\/www.elsinodaldetamaulipas.com.mx\/index.php?rest_route=%2Fwp%2Fv2%2Fmedia&parent=216172"}],"wp:term":[{"taxonomy":"category","embeddable":true,"href":"https:\/\/www.elsinodaldetamaulipas.com.mx\/index.php?rest_route=%2Fwp%2Fv2%2Fcategories&post=216172"},{"taxonomy":"post_tag","embeddable":true,"href":"https:\/\/www.elsinodaldetamaulipas.com.mx\/index.php?rest_route=%2Fwp%2Fv2%2Ftags&post=216172"}],"curies":[{"name":"wp","href":"https:\/\/api.w.org\/{rel}","templated":true}]}}