{"id":216175,"date":"2025-12-11T21:08:32","date_gmt":"2025-12-12T01:08:32","guid":{"rendered":"https:\/\/www.elsinodaldetamaulipas.com.mx\/?p=216175"},"modified":"2025-12-11T21:08:32","modified_gmt":"2025-12-12T01:08:32","slug":"instalan-grupo-de-administracion-de-riesgos","status":"publish","type":"post","link":"https:\/\/www.elsinodaldetamaulipas.com.mx\/?p=216175","title":{"rendered":"INSTALAN GRUPO DE ADMINISTRACI\u00d3N DE RIESGOS"},"content":{"rendered":"<p>EL SINODAL DE TAMAULIPAS<\/p>\n<p>Ciudad Victoria, Tamaulipas.- La Fiscal\u00eda General de Justicia del Estado de Tamaulipas informa que se llev\u00f3 a cabo la instalaci\u00f3n del Grupo de Trabajo de Administraci\u00f3n de Riesgos correspondiente al ejercicio fiscal 2026.<\/p>\n<p>&nbsp;<\/p>\n<p>Es de se\u00f1alar que el prop\u00f3sito principal de este Grupo es definir las acciones necesarias para integrar la Matriz y el Programa de Administraci\u00f3n de Riesgos, as\u00ed como establecer el cronograma de actividades, la designaci\u00f3n de responsables y las fechas compromiso para la entrega de los productos institucionales.<\/p>\n<p>&nbsp;<\/p>\n<p>En la reuni\u00f3n de instalaci\u00f3n estuvieron presentes el Director General de Administraci\u00f3n y Coordinador de Control Interno; el Director de Planeaci\u00f3n y Evaluaci\u00f3n, Enlace de Control Interno y de Administraci\u00f3n de Riesgos; la Vicefiscal Ministerial; la Encargada del Despacho de la Direcci\u00f3n General de Formaci\u00f3n y Servicio Profesional de Carrera; y el Director General de Servicios Periciales y Ciencias Forenses, \u00e1reas directamente involucradas en el proceso de Administraci\u00f3n de Riesgos, as\u00ed como la Titular del \u00d3rgano Interno de Control.<\/p>\n<p>&nbsp;<\/p>\n<p>Con acciones como esta, la Fiscal\u00eda General de Justicia del Estado de Tamaulipas reafirma su compromiso de vigilar, fortalecer y promover el Sistema de Control Interno Institucional, garantizando la mejora continua, la eficacia y la transparencia en los procesos internos que sustentan el funcionamiento de la instituci\u00f3n.<\/p>\n","protected":false},"excerpt":{"rendered":"<p>EL SINODAL DE TAMAULIPAS Ciudad Victoria, Tamaulipas.- La Fiscal\u00eda General de Justicia del Estado de Tamaulipas informa que se llev\u00f3 a cabo la instalaci\u00f3n del Grupo de Trabajo de Administraci\u00f3n de Riesgos correspondiente al ejercicio fiscal 2026. &nbsp; Es de se\u00f1alar que el prop\u00f3sito principal de este Grupo es definir las acciones necesarias para integrar [&hellip;]<\/p>\n","protected":false},"author":1,"featured_media":216176,"comment_status":"closed","ping_status":"closed","sticky":false,"template":"","format":"standard","meta":{"footnotes":""},"categories":[25],"tags":[],"class_list":["post-216175","post","type-post","status-publish","format-standard","has-post-thumbnail","hentry","category-leyyorden"],"_links":{"self":[{"href":"https:\/\/www.elsinodaldetamaulipas.com.mx\/index.php?rest_route=\/wp\/v2\/posts\/216175","targetHints":{"allow":["GET"]}}],"collection":[{"href":"https:\/\/www.elsinodaldetamaulipas.com.mx\/index.php?rest_route=\/wp\/v2\/posts"}],"about":[{"href":"https:\/\/www.elsinodaldetamaulipas.com.mx\/index.php?rest_route=\/wp\/v2\/types\/post"}],"author":[{"embeddable":true,"href":"https:\/\/www.elsinodaldetamaulipas.com.mx\/index.php?rest_route=\/wp\/v2\/users\/1"}],"replies":[{"embeddable":true,"href":"https:\/\/www.elsinodaldetamaulipas.com.mx\/index.php?rest_route=%2Fwp%2Fv2%2Fcomments&post=216175"}],"version-history":[{"count":1,"href":"https:\/\/www.elsinodaldetamaulipas.com.mx\/index.php?rest_route=\/wp\/v2\/posts\/216175\/revisions"}],"predecessor-version":[{"id":216177,"href":"https:\/\/www.elsinodaldetamaulipas.com.mx\/index.php?rest_route=\/wp\/v2\/posts\/216175\/revisions\/216177"}],"wp:featuredmedia":[{"embeddable":true,"href":"https:\/\/www.elsinodaldetamaulipas.com.mx\/index.php?rest_route=\/wp\/v2\/media\/216176"}],"wp:attachment":[{"href":"https:\/\/www.elsinodaldetamaulipas.com.mx\/index.php?rest_route=%2Fwp%2Fv2%2Fmedia&parent=216175"}],"wp:term":[{"taxonomy":"category","embeddable":true,"href":"https:\/\/www.elsinodaldetamaulipas.com.mx\/index.php?rest_route=%2Fwp%2Fv2%2Fcategories&post=216175"},{"taxonomy":"post_tag","embeddable":true,"href":"https:\/\/www.elsinodaldetamaulipas.com.mx\/index.php?rest_route=%2Fwp%2Fv2%2Ftags&post=216175"}],"curies":[{"name":"wp","href":"https:\/\/api.w.org\/{rel}","templated":true}]}}