{"id":216178,"date":"2025-12-11T21:12:09","date_gmt":"2025-12-12T01:12:09","guid":{"rendered":"https:\/\/www.elsinodaldetamaulipas.com.mx\/?p=216178"},"modified":"2025-12-11T21:12:09","modified_gmt":"2025-12-12T01:12:09","slug":"presentan-anteproyecto-presupuestal-de-la-fgje","status":"publish","type":"post","link":"https:\/\/www.elsinodaldetamaulipas.com.mx\/?p=216178","title":{"rendered":"PRESENTAN ANTEPROYECTO PRESUPUESTAL DE LA FGJE"},"content":{"rendered":"<p>EL SINODAL DE TAMAULIPAS<\/p>\n<p>Ciudad Victoria, Tamaulipas.-\u00a0 Durante la Cuarta Sesi\u00f3n Ordinaria del Consejo de Participaci\u00f3n Ciudadana de la Fiscal\u00eda General de Justicia del Estado, se abordaron temas relativos al Anteproyecto del Presupuesto de Egresos del Ejercicio Fiscal 2026.<\/p>\n<p>En la Sesi\u00f3n se cont\u00f3 con la presencia del Fiscal General de Justicia del Estado de Tamaulipas, Doctor Irving Barrios Mojica, el Presidente del Consejo Mtro. Luis R. Apperti Llovet, los consejeros Dr. Jaime Square Wilburn, Lic. C\u00e9sar Am\u00edlcar L\u00f3pez Gonz\u00e1lez y el Mtro. Jorge Pensado Robles, adem\u00e1s de la Vicefiscal Ministerial, Lic. Elizabeth Almanza Avalos, Vicefiscal de Litigaci\u00f3n, Control de Procesos y Constitucionalidad, Lic. Natanael Isa\u00ed Castel\u00e1n It\u00farria, Vicefiscal de los Delitos de Alto Impacto y Violaciones a Derechos Humanos, Mtro. Jes\u00fas Miguel Gracia Riestra, el Director General de Administraci\u00f3n, Lic. Leobardo Catal\u00e1n Torres, y la Secretaria T\u00e9cnica del Consejo, Lic. Alejandra Flores Chapa.<\/p>\n<p><img loading=\"lazy\" decoding=\"async\" class=\"aligncenter wp-image-216180 size-full\" src=\"https:\/\/www.elsinodaldetamaulipas.com.mx\/wp-content\/uploads\/2025\/12\/DISCUTEM.jpeg\" alt=\"\" width=\"1600\" height=\"1066\" srcset=\"https:\/\/www.elsinodaldetamaulipas.com.mx\/wp-content\/uploads\/2025\/12\/DISCUTEM.jpeg 1600w, https:\/\/www.elsinodaldetamaulipas.com.mx\/wp-content\/uploads\/2025\/12\/DISCUTEM-300x200.jpeg 300w, https:\/\/www.elsinodaldetamaulipas.com.mx\/wp-content\/uploads\/2025\/12\/DISCUTEM-1024x682.jpeg 1024w, https:\/\/www.elsinodaldetamaulipas.com.mx\/wp-content\/uploads\/2025\/12\/DISCUTEM-768x512.jpeg 768w, https:\/\/www.elsinodaldetamaulipas.com.mx\/wp-content\/uploads\/2025\/12\/DISCUTEM-1536x1023.jpeg 1536w\" sizes=\"auto, (max-width: 1600px) 100vw, 1600px\" \/><\/p>\n<p>Es de se\u00f1alar que, durante la Sesi\u00f3n, los integrantes del Consejo de Participaci\u00f3n Ciudadana hicieron entrega al Fiscal General de Justicia, un reconocimiento a su destacada gesti\u00f3n al frente de la Fiscal\u00eda General, el liderazgo, la apertura y el compromiso que caracterizaron su administraci\u00f3n. El Consejo expres\u00f3 su sincero agradecimiento por la atenci\u00f3n constante, el acompa\u00f1amiento institucional y la disposici\u00f3n permanente para escuchar, dialogar y fortalecer el trabajo conjunto. Se destac\u00f3 que, bajo su conducci\u00f3n, la Fiscal\u00eda consolid\u00f3 avances significativos que fortalecieron sus capacidades operativas y reafirmaron la confianza ciudadana. El Consejo reconoci\u00f3 que su gesti\u00f3n dej\u00f3 un legado de colaboraci\u00f3n, cercan\u00eda y mejora continua, que marca una pauta positiva para la procuraci\u00f3n de justicia en el estado.<\/p>\n<p>&nbsp;<\/p>\n<p>Durante este a\u00f1o 2025, conforme a lo establecido en la Ley Org\u00e1nica y el Reglamento de la Fiscal\u00eda General de Justicia del Estado de Tamaulipas, se realizaron 4 sesiones ordinarias programadas previamente y 1 sesi\u00f3n extraordinaria. Con estas acciones la Fiscal\u00eda General de Justicia del Estado de Tamaulipas, refrenda su compromiso de cumplir con la Ley y rendir cuentas sobre sus actividades a la ciudadan\u00eda.<\/p>\n","protected":false},"excerpt":{"rendered":"<p>EL SINODAL DE TAMAULIPAS Ciudad Victoria, Tamaulipas.-\u00a0 Durante la Cuarta Sesi\u00f3n Ordinaria del Consejo de Participaci\u00f3n Ciudadana de la Fiscal\u00eda General de Justicia del Estado, se abordaron temas relativos al Anteproyecto del Presupuesto de Egresos del Ejercicio Fiscal 2026. En la Sesi\u00f3n se cont\u00f3 con la presencia del Fiscal General de Justicia del Estado de [&hellip;]<\/p>\n","protected":false},"author":1,"featured_media":216179,"comment_status":"closed","ping_status":"closed","sticky":false,"template":"","format":"standard","meta":{"footnotes":""},"categories":[25],"tags":[],"class_list":["post-216178","post","type-post","status-publish","format-standard","has-post-thumbnail","hentry","category-leyyorden"],"_links":{"self":[{"href":"https:\/\/www.elsinodaldetamaulipas.com.mx\/index.php?rest_route=\/wp\/v2\/posts\/216178","targetHints":{"allow":["GET"]}}],"collection":[{"href":"https:\/\/www.elsinodaldetamaulipas.com.mx\/index.php?rest_route=\/wp\/v2\/posts"}],"about":[{"href":"https:\/\/www.elsinodaldetamaulipas.com.mx\/index.php?rest_route=\/wp\/v2\/types\/post"}],"author":[{"embeddable":true,"href":"https:\/\/www.elsinodaldetamaulipas.com.mx\/index.php?rest_route=\/wp\/v2\/users\/1"}],"replies":[{"embeddable":true,"href":"https:\/\/www.elsinodaldetamaulipas.com.mx\/index.php?rest_route=%2Fwp%2Fv2%2Fcomments&post=216178"}],"version-history":[{"count":1,"href":"https:\/\/www.elsinodaldetamaulipas.com.mx\/index.php?rest_route=\/wp\/v2\/posts\/216178\/revisions"}],"predecessor-version":[{"id":216181,"href":"https:\/\/www.elsinodaldetamaulipas.com.mx\/index.php?rest_route=\/wp\/v2\/posts\/216178\/revisions\/216181"}],"wp:featuredmedia":[{"embeddable":true,"href":"https:\/\/www.elsinodaldetamaulipas.com.mx\/index.php?rest_route=\/wp\/v2\/media\/216179"}],"wp:attachment":[{"href":"https:\/\/www.elsinodaldetamaulipas.com.mx\/index.php?rest_route=%2Fwp%2Fv2%2Fmedia&parent=216178"}],"wp:term":[{"taxonomy":"category","embeddable":true,"href":"https:\/\/www.elsinodaldetamaulipas.com.mx\/index.php?rest_route=%2Fwp%2Fv2%2Fcategories&post=216178"},{"taxonomy":"post_tag","embeddable":true,"href":"https:\/\/www.elsinodaldetamaulipas.com.mx\/index.php?rest_route=%2Fwp%2Fv2%2Ftags&post=216178"}],"curies":[{"name":"wp","href":"https:\/\/api.w.org\/{rel}","templated":true}]}}