{"id":216186,"date":"2025-12-11T21:21:32","date_gmt":"2025-12-12T01:21:32","guid":{"rendered":"https:\/\/www.elsinodaldetamaulipas.com.mx\/?p=216186"},"modified":"2025-12-11T21:21:32","modified_gmt":"2025-12-12T01:21:32","slug":"peligrosos-hamponcetes-vinculados-a-proceso","status":"publish","type":"post","link":"https:\/\/www.elsinodaldetamaulipas.com.mx\/?p=216186","title":{"rendered":"PELIGROSOS HAMPONCETES VINCULADOS A PROCESO"},"content":{"rendered":"<p>EL SINODAL DE TAMAULIPAS<\/p>\n<p>Tampico, Tamaulipas.\u2013 La Fiscal\u00eda General de Justicia del Estado de Tamaulipas informa que el Agente del Ministerio P\u00fablico obtuvo la vinculaci\u00f3n a proceso en contra de Job \u201cN\u201d y Juan Manuel \u201cN\u201d, por los delitos de Secuestro Expr\u00e9s Agravado y Robo de Veh\u00edculo.<\/p>\n<p>Un Juez de Control emiti\u00f3 la resoluci\u00f3n despu\u00e9s de que el Representante Social presentara datos de prueba que acreditan la probable responsabilidad de los imputados en los hechos registrados el 30 de abril de 2024, en el municipio de Altamira; cuando ambos participaron en la privaci\u00f3n de la libertad de una persona, con la intenci\u00f3n de apoderarse de sus bienes, adem\u00e1s de provocarle la p\u00e9rdida de la vida.<\/p>\n<p>Con acciones como esta, la Fiscal\u00eda General de Justicia del Estado de Tamaulipas reafirma su compromiso de investigar y llevar ante la justicia a quienes atenten contra la vida y la libertad de las y los tamaulipecos.<\/p>\n","protected":false},"excerpt":{"rendered":"<p>EL SINODAL DE TAMAULIPAS Tampico, Tamaulipas.\u2013 La Fiscal\u00eda General de Justicia del Estado de Tamaulipas informa que el Agente del Ministerio P\u00fablico obtuvo la vinculaci\u00f3n a proceso en contra de Job \u201cN\u201d y Juan Manuel \u201cN\u201d, por los delitos de Secuestro Expr\u00e9s Agravado y Robo de Veh\u00edculo. Un Juez de Control emiti\u00f3 la resoluci\u00f3n despu\u00e9s [&hellip;]<\/p>\n","protected":false},"author":1,"featured_media":216187,"comment_status":"closed","ping_status":"closed","sticky":false,"template":"","format":"standard","meta":{"footnotes":""},"categories":[25],"tags":[],"class_list":["post-216186","post","type-post","status-publish","format-standard","has-post-thumbnail","hentry","category-leyyorden"],"_links":{"self":[{"href":"https:\/\/www.elsinodaldetamaulipas.com.mx\/index.php?rest_route=\/wp\/v2\/posts\/216186","targetHints":{"allow":["GET"]}}],"collection":[{"href":"https:\/\/www.elsinodaldetamaulipas.com.mx\/index.php?rest_route=\/wp\/v2\/posts"}],"about":[{"href":"https:\/\/www.elsinodaldetamaulipas.com.mx\/index.php?rest_route=\/wp\/v2\/types\/post"}],"author":[{"embeddable":true,"href":"https:\/\/www.elsinodaldetamaulipas.com.mx\/index.php?rest_route=\/wp\/v2\/users\/1"}],"replies":[{"embeddable":true,"href":"https:\/\/www.elsinodaldetamaulipas.com.mx\/index.php?rest_route=%2Fwp%2Fv2%2Fcomments&post=216186"}],"version-history":[{"count":1,"href":"https:\/\/www.elsinodaldetamaulipas.com.mx\/index.php?rest_route=\/wp\/v2\/posts\/216186\/revisions"}],"predecessor-version":[{"id":216188,"href":"https:\/\/www.elsinodaldetamaulipas.com.mx\/index.php?rest_route=\/wp\/v2\/posts\/216186\/revisions\/216188"}],"wp:featuredmedia":[{"embeddable":true,"href":"https:\/\/www.elsinodaldetamaulipas.com.mx\/index.php?rest_route=\/wp\/v2\/media\/216187"}],"wp:attachment":[{"href":"https:\/\/www.elsinodaldetamaulipas.com.mx\/index.php?rest_route=%2Fwp%2Fv2%2Fmedia&parent=216186"}],"wp:term":[{"taxonomy":"category","embeddable":true,"href":"https:\/\/www.elsinodaldetamaulipas.com.mx\/index.php?rest_route=%2Fwp%2Fv2%2Fcategories&post=216186"},{"taxonomy":"post_tag","embeddable":true,"href":"https:\/\/www.elsinodaldetamaulipas.com.mx\/index.php?rest_route=%2Fwp%2Fv2%2Ftags&post=216186"}],"curies":[{"name":"wp","href":"https:\/\/api.w.org\/{rel}","templated":true}]}}