{"id":216191,"date":"2025-12-11T21:27:19","date_gmt":"2025-12-12T01:27:19","guid":{"rendered":"https:\/\/www.elsinodaldetamaulipas.com.mx\/?p=216191"},"modified":"2025-12-11T21:27:19","modified_gmt":"2025-12-12T01:27:19","slug":"sheinbaum-se-atrevera-a-esquinear-a-maduro","status":"publish","type":"post","link":"https:\/\/www.elsinodaldetamaulipas.com.mx\/?p=216191","title":{"rendered":"SHEINBAUM SE ATREVER\u00c1 A ESQUINEAR A MADURO"},"content":{"rendered":"<p>ACOMPA\u00d1ANTE PERMANENTE DE LA PRESIDENTA<br \/>\nESTE FIN DE SEMANA SI IR\u00c9 A LA FERIA<br \/>\n*Como que suena algo verdaderamente descabellada la propuesta que hizo el Gobierno de Venezuela que titula el locuaz y descarado NICOL\u00c1S MADURO, que a trav\u00e9s de su vicepresidenta ejecutiva DELCY RODR\u00cdGUEZ, de que M\u00e9xico, Colombia y Brasil le tiren esquina ante los duros embates de los Estados Unidos de Norteam\u00e9rica en el mar Cribe.<br \/>\nSi se atrevieron a pedir algo as\u00ed es que el presidente venezolano ya ve el final de su tiran\u00eda.<br \/>\nDijo Delcy a trav\u00e9s de la televisi\u00f3n venezolana: \u201cLlamamos a los pueblos de nuestra Am\u00e9rica Latina y el Caribe a unirse en uno solo; esta estrategia de seguridad nacional es contra toda nuestra regi\u00f3n, no es contra Venezuela\u201d.<br \/>\nRecordar que el presidente gringo DONALD TRUMP, no reconoce la legitimidad Maduro y lo acusa de liderar el c\u00e1rtel de \u201cLos Soles\u201d, una presunta organizaci\u00f3n vinculada al narcotr\u00e1fico, por lo que orden\u00f3 desplegar desde mediados de a\u00f1o una presencia militar sin precedentes en la regi\u00f3n con el argumento de combatir el tr\u00e1fico de drogas.<br \/>\nRespecto al SOS que lanz\u00f3 la vicepresidente ejecutiva no creo sinceramente que la presidenta CLAUDIA SHEINBAUM, se atreva a tirarles el apoyo partiendo de que Trump est\u00e1 atento a cualquier gesto salido de Palacio Nacional, y no ser\u00eda adem\u00e1s conveniente en estos momentos en que se negocia el T-Mec.<br \/>\nPodr\u00e1 salir Sheinbaum, con la verborrea de siempre, de que se respete la soberan\u00eda nacional de los pa\u00edses, de la no intervenci\u00f3n; pero llegar a apoyar la propuesta ser\u00eda algo muy temerario y hasta est\u00fapido.<br \/>\nA lo mejor Colombia si apoya porque Trump, ha dicho que es el pa\u00eds que sigue despu\u00e9s del acoso sobre Venezuela, al que recientemente le acaba de decomisar un buque petrolero, que iba, pero bien cuajado.<br \/>\n*EN UN ACOMPA\u00d1ANTE permanente de la presidenta CLAUDIA SHEINBAUM PARDO, se ha convertido el gobernador AM\u00c9RICO VILLARREAL ANAYA, que ahora fue invitado a la 116 Asamblea General del Instituto Mexicano del Seguro Social, que tuvo como sede la preciosa entidad de Puebla.<br \/>\nEl doctor gobernador volvi\u00f3 a refrendar su compromiso para que los tamaulipecos(as) reciban una atenci\u00f3n en salud digna, cercana y de calidad.<br \/>\nSobre la invitaci\u00f3n expres\u00f3: \u201cUn honor acompa\u00f1ar a nuestra presidenta CLAUDIA SHEINBAUM y a mis compa\u00f1eras y compa\u00f1eros gobernadores en Puebla, durante la 116 Asamblea General Ordinaria del Instituto Mexicano del Seguro Social.<br \/>\nFelicit\u00f3 a las personas que fueron reconocidos por su destacada labor, entrega y vocaci\u00f3n que inspiran la transformaci\u00f3n humanista.<br \/>\nLa presidenta Sheinbaum, inform\u00f3 que el pr\u00f3ximo mes de enero de 2026 inicia el proceso de credencializaci\u00f3n para crear un sistema de salud universal, que permita atender en cualquier unidad a los derechohabientes del ISSSTE y del IMSS-Bienestar para consolidar el acceso a la salud como un derecho humano.<br \/>\n*COMO MARCA el manual, acudi\u00f3 al Congreso del Estado el responsable del manejo del dinero en Tamaulipas CARLOS IR\u00c1N RAM\u00cdREZ GONZ\u00c1LEZ, para presentar el Paquete Econ\u00f3mico 2026 que consolida la pol\u00edtica humanista del gobernador AM\u00c9RICO VILLARREAL ANAYA, al priorizar el bienestar de las familias, la estabilidad financiera y la inversi\u00f3n p\u00fablica para fortalecer la transformaci\u00f3n del estado.<br \/>\nLo present\u00f3 ante el diputado local ISIDRO JES\u00daS VARGAS FERN\u00c1NDEZ titular de la Comisi\u00f3n de Finanzas, as\u00ed como ante la Comisi\u00f3n de Estudios Legislativos Segunda del Congreso del Estado.<br \/>\nEl tesorero expuso que el proyecto para 2026 estima ingresos superiores a 81 mil millones de pesos, lo que representa un crecimiento del 5 por ciento respecto al ejercicio vigente, destac\u00f3 que Tamaulipas contin\u00faa avanzando hacia una mayor autosuficiencia financiera gracias al incremento cercano al 11 por ciento en los ingresos estatales, logrado sin crear nuevos impuestos y mediante estrategias modernas que fortalecen la eficiencia recaudatoria con un enfoque responsable y ciudadano.<br \/>\nSubrayando que, como resultado del manejo responsable de las finanzas p\u00fablicas, la deuda de largo plazo heredada por administraciones anteriores se ha reducido en m\u00e1s de 800 millones de pesos y la calificaci\u00f3n crediticia del estado mejor\u00f3 de BBB+ a A+, permitiendo acceder a mejores condiciones financieras; este desempe\u00f1o hizo posible que, por primera vez en siete a\u00f1os, no fuera necesaria la contrataci\u00f3n de deuda de corto plazo para cerrar el ejercicio fiscal, logro que refleja la solidez financiera alcanzada bajo el liderazgo del gobernador Villarreal Anaya.<br \/>\n*NO SE PORQUE, pero el due\u00f1o de los taquitos sabrosos y deliciosas que se instalan en una esquina de la \u201cGaval\u201d de la Guanajuato, a un costado de la escuela primaria de la SARH; me pregunt\u00f3 hace un par de d\u00edas de que si ya hab\u00eda asistido a la Feria.<br \/>\nLe respond\u00ed que no, bueno, que no hab\u00eda entrado, pero si anduve merodeando a los alrededores todo el fin de semana cuando se tuvieron los espect\u00e1culos musicales de primera.<br \/>\nMe respondi\u00f3: \u201cDe lo que se ha perdido\u201d.<br \/>\nY como si fuera un promotor comercial de la misma me dijo que los precios eran accesibles y de que los Riobravenses ya nos merec\u00edamos un evento de primera como es el caso de la \u201cFeria R\u00edo Bravo 2025\u201d con motivo de la emancipaci\u00f3n de mi querido y adorado pueblo.<br \/>\nLe promet\u00ed que el fin de semana si voy entrar las instalaciones y ver los espect\u00e1culos de primera que se est\u00e1n presentado gracias al presidente municipal MIGUEL \u00c1NGEL ALMARAZ MALDONADO.<br \/>\nPor cierto, este jueves mi preciosa nieta RITA LUCIA ROMERO GARC\u00cdA, me presumi\u00f3 su boleto para entrar a presenciar el show de Bely-Beto<br \/>\n*EN SUELO Neolaredense la presidenta municipal CARMEN LILIA CANTUROSAS VILLARREAL, dio el banderazo oficial al operativo \u201cNavidad Segura 2025\u201d, un despliegue coordinado entre corporaciones municipales, estatales y federales destinado a garantizar que las familias disfruten una temporada decembrina en paz, con vigilancia constante y atenci\u00f3n oportuna en toda la ciudad.<br \/>\nCarmen Lilia, fue acompa\u00f1ada de autoridades de seguridad, Protecci\u00f3n Civil y representantes federales, destac\u00f3 que este operativo representa una estrategia integral que busca mantener un saldo blanco al cierre del a\u00f1o y fortalecer la confianza ciudadana en los cuerpos de seguridad.<br \/>\nY afirm\u00f3: \u201cEste gobierno trabaja con absoluta responsabilidad para que cada familia viva unas fiestas en paz. La seguridad es una prioridad, y la coordinaci\u00f3n de todas las corporaciones demuestra que cuando ponemos por delante el bienestar de la ciudadan\u00eda, Nuevo Laredo avanza con fuerza y unidad\u201d.<br \/>\nEl operativo \u201cNavidad Segura\u201d estar\u00e1 activo durante toda la temporada navide\u00f1a, con el prop\u00f3sito de que las celebraciones decembrinas transcurran en total tranquilidad y que el a\u00f1o 2026 llegue en un ambiente de orden, alegr\u00eda y protecci\u00f3n para todos.<br \/>\nAdem\u00e1s, entreg\u00f3 personalmente 300 becas del programa \u201cJuntos por la Titulaci\u00f3n Profesional\u201d, una iniciativa suya, pionera para combatir el rezago en la conclusi\u00f3n de estudios superiores, lo que deja de manifiesto como Nuevo Laredo se mantiene como uno de los municipios con mayor visi\u00f3n educativa y social en Tamaulipas.<br \/>\nDurante la ceremonia, la presidenta municipal destac\u00f3 el origen social del programa, creado para atender a los egresados que, pese a haber concluido su formaci\u00f3n acad\u00e9mica, no pod\u00edan titularse por limitaciones econ\u00f3micas.<br \/>\nManifestando: \u201cSab\u00edamos que cientos de j\u00f3venes y adultos hab\u00edan invertido a\u00f1os de esfuerzo, desvelos y sacrificios en sus estudios, pero un obst\u00e1culo, muchas veces econ\u00f3mico, les impidi\u00f3 obtener el documento que certifica su logro: Su t\u00edtulo profesional; ah\u00ed es donde radica el profundo sentido social de este programa\u201d.<br \/>\nA estos j\u00f3venes pr\u00e1cticamente Carmen Lilia, les adelant\u00f3 su regalo de Navidad.<br \/>\nY tambi\u00e9n tuvo su Navidad adelantada para estudiantes de primaria y secundaria que sobresalieron en su desempe\u00f1o acad\u00e9mico al encabezar la entrega de 840 tabletas electr\u00f3nicas, como parte del programa Apoyo al Desarrollo Escolar \u201cExcelencia Digital\u201d, y ante quienes reiter\u00f3 que la educaci\u00f3n es una prioridad estrat\u00e9gica de su administraci\u00f3n.<br \/>\nCon una inversi\u00f3n de 4 millones 638 mil pesos, este programa fortalece las oportunidades de aprendizaje de ni\u00f1as, ni\u00f1os y j\u00f3venes de escuelas p\u00fablicas, quienes ahora contar\u00e1n con una herramienta \u00fatil para su formaci\u00f3n acad\u00e9mica y su desarrollo personal.<br \/>\nLa alcaldesa Canturosas Villarreal, destac\u00f3 que esta iniciativa forma parte de una pol\u00edtica educativa integral que ha distinguido a su gobierno por su alto nivel de inversi\u00f3n y atenci\u00f3n a la comunidad estudiantil.<br \/>\n*FUE DISTINGUIDA como sede de la 15.\u00aa Reuni\u00f3n del Colegio de directores, la Unidad Acad\u00e9mica Multidisciplinaria Reynosa-Rodhe bajo la direcci\u00f3n de JAIME GERARDO MALACARA, y que encabez\u00f3 el rector de la Universidad Aut\u00f3noma de Tamaulipas D\u00c1MASO ANAYA ALVARADO, encuentro que permiti\u00f3 revisar los avances institucionales recientes y trazar nuevas l\u00edneas de desarrollo acad\u00e9mico, cient\u00edfico y administrativo rumbo al pr\u00f3ximo ciclo escolar.<br \/>\nEn su mensaje de apertura el rector Anaya Alvarado, destac\u00f3 la oportunidad de evaluar, con las y los directores de las facultades, unidades acad\u00e9micas y escuelas preparatorias, los logros alcanzados durante 2025, que permiten avanzar en el crecimiento y la consolidaci\u00f3n de la instituci\u00f3n y subray\u00f3 que la UAT concluye un ciclo de trabajo caracterizado por el fortalecimiento de su infraestructura, el impulso a la investigaci\u00f3n, la academia y el cumplimiento de metas institucionales, al tiempo de convocar a continuar con una visi\u00f3n estrat\u00e9gica hacia el 2026.<br \/>\nJaime Gerardo, dio el mensaje de bienvenida y present\u00f3 un balance de los resultados m\u00e1s relevantes de este plantel, destacando la realizaci\u00f3n de estancias acad\u00e9micas internacionales y el desarrollo de proyectos de investigaci\u00f3n de alto impacto en \u00e1reas como la bioqu\u00edmica, las tecnolog\u00edas y los sistemas avanzados de comunicaci\u00f3n, por lo que el rector aprovech\u00f3 para reconocer el trabajo de la UAM Reynosa Rodhe, cuyos logros reflejan el compromiso y el esfuerzo de todas las dependencias acad\u00e9micas sumados a las metas institucionales de la UAT.<br \/>\n*AS\u00cd QUIEN chingaos no es un exitoso escritor.<br \/>\nEl corrupto y brib\u00f3n senador AD\u00c1N AUGUSTO L\u00d3PEZ, seguramente para comprar impunidad, gast\u00f3 millones de pesos en adquirir 17 mil ejemplares de \u201cGrandeza\u201d, el reciente libro que acaba de salir a la luz p\u00fablica y cuyo autor es nada m\u00e1s y nada menos que el expresidente ANDR\u00c9S MANUEL L\u00d3PEZ OBRADOR.<br \/>\nY ning\u00fan mexicano piensa que ese dinero sali\u00f3 del bolsillo del pastor del reba\u00f1o guinda en el senado, debe ser dinero p\u00fablico, si se\u00f1or.<br \/>\nY otro morenista ca\u00eddo en desgracia ALEJANDRO GERTZ MANERO, durante los \u00faltimos tres a\u00f1os al frente de la fiscal\u00eda general de la Rep\u00fablica, erog\u00f3 m\u00e1s de mil 57 millones de pesos del erario en seguros m\u00e9dicos de lujo para altos mandos, fiscales especializados y personal selecto.<br \/>\nY otro morenista que le gusta gastar el dinero del pueblo es el titular del Fondo de Cultura Econ\u00f3mica PAGO IGNACIO TAIBO, que desembols\u00f3 25 millones de pesos para la impresi\u00f3n, distribuci\u00f3n y derechos de autor de la colecci\u00f3n 25 para el 25, que contiene 27 libros que ser\u00e1n repartidos en pa\u00edses como Cuba, Colombia, Venezuela, Chile, Paraguay, Honduras, Guatemala y Uruguay.<br \/>\ndesembols\u00f3, al menos, 25 millones de pesos para la impresi\u00f3n, distribuci\u00f3n y derechos de autor de la colecci\u00f3n 25 para el 25, que contiene 27 libros que ser\u00e1n repartidos en pa\u00edses como Cuba, Colombia, Venezuela, Chile, Paraguay, Honduras, Guatemala y Uruguay.<br \/>\n*PORQUE a\u00fan hay tiempo no se le pase felicitar este jueves con motivo de sus cumplea\u00f1os a mi primo ARTURO FLORES, ABRAHAM CAPITANACHI, GRACIANO GONZ\u00c1LEZ y SANTIGO CREEL.<br \/>\nCumpli\u00f3 a\u00f1os don GUADALUPE CORT\u00c9S.<br \/>\nUn monumental abrazo y que vengan muchos m\u00e1s.<br \/>\nVolveremos, HL\u2026D\u2026M<br \/>\nCorreo electr\u00f3nico: barre283@hotmail.com<\/p>\n","protected":false},"excerpt":{"rendered":"<p>ACOMPA\u00d1ANTE PERMANENTE DE LA PRESIDENTA ESTE FIN DE SEMANA SI IR\u00c9 A LA FERIA *Como que suena algo verdaderamente descabellada la propuesta que hizo el Gobierno de Venezuela que titula el locuaz y descarado NICOL\u00c1S MADURO, que a trav\u00e9s de su vicepresidenta ejecutiva DELCY RODR\u00cdGUEZ, de que M\u00e9xico, Colombia y Brasil le tiren esquina ante [&hellip;]<\/p>\n","protected":false},"author":1,"featured_media":214896,"comment_status":"closed","ping_status":"closed","sticky":false,"template":"","format":"standard","meta":{"footnotes":""},"categories":[16],"tags":[],"class_list":["post-216191","post","type-post","status-publish","format-standard","has-post-thumbnail","hentry","category-opinion"],"_links":{"self":[{"href":"https:\/\/www.elsinodaldetamaulipas.com.mx\/index.php?rest_route=\/wp\/v2\/posts\/216191","targetHints":{"allow":["GET"]}}],"collection":[{"href":"https:\/\/www.elsinodaldetamaulipas.com.mx\/index.php?rest_route=\/wp\/v2\/posts"}],"about":[{"href":"https:\/\/www.elsinodaldetamaulipas.com.mx\/index.php?rest_route=\/wp\/v2\/types\/post"}],"author":[{"embeddable":true,"href":"https:\/\/www.elsinodaldetamaulipas.com.mx\/index.php?rest_route=\/wp\/v2\/users\/1"}],"replies":[{"embeddable":true,"href":"https:\/\/www.elsinodaldetamaulipas.com.mx\/index.php?rest_route=%2Fwp%2Fv2%2Fcomments&post=216191"}],"version-history":[{"count":1,"href":"https:\/\/www.elsinodaldetamaulipas.com.mx\/index.php?rest_route=\/wp\/v2\/posts\/216191\/revisions"}],"predecessor-version":[{"id":216192,"href":"https:\/\/www.elsinodaldetamaulipas.com.mx\/index.php?rest_route=\/wp\/v2\/posts\/216191\/revisions\/216192"}],"wp:featuredmedia":[{"embeddable":true,"href":"https:\/\/www.elsinodaldetamaulipas.com.mx\/index.php?rest_route=\/wp\/v2\/media\/214896"}],"wp:attachment":[{"href":"https:\/\/www.elsinodaldetamaulipas.com.mx\/index.php?rest_route=%2Fwp%2Fv2%2Fmedia&parent=216191"}],"wp:term":[{"taxonomy":"category","embeddable":true,"href":"https:\/\/www.elsinodaldetamaulipas.com.mx\/index.php?rest_route=%2Fwp%2Fv2%2Fcategories&post=216191"},{"taxonomy":"post_tag","embeddable":true,"href":"https:\/\/www.elsinodaldetamaulipas.com.mx\/index.php?rest_route=%2Fwp%2Fv2%2Ftags&post=216191"}],"curies":[{"name":"wp","href":"https:\/\/api.w.org\/{rel}","templated":true}]}}