{"id":216196,"date":"2025-12-12T21:24:26","date_gmt":"2025-12-13T01:24:26","guid":{"rendered":"https:\/\/www.elsinodaldetamaulipas.com.mx\/?p=216196"},"modified":"2025-12-12T21:24:26","modified_gmt":"2025-12-13T01:24:26","slug":"un-vez-mas-en-palacio-nacional","status":"publish","type":"post","link":"https:\/\/www.elsinodaldetamaulipas.com.mx\/?p=216196","title":{"rendered":"UN VEZ M\u00c1S EN PALACIO NACIONAL"},"content":{"rendered":"<p>*SALI\u00d3 CON EVASIVAS SOBRE MACHADO, PREMIO NOBEL<br \/>\n*A F\u00c1TIMA, SI; Y A MAR\u00cdA CORINA, NO<br \/>\n*Qui\u00fabole, comentamos en nuestra entrega informativa anterior que el gobernador AM\u00c9RICO VILLARREAL ANAYA, pr\u00e1cticamente se ha convertido en un invitado permanente a Palacio Nacional por parte de la presidenta CLAUDIA SHEINBAUM PARDO.<br \/>\nDespu\u00e9s de acompa\u00f1arla a Puebla en un evento del Imss, ahora estuvo en la Ciudad de M\u00e9xico, para participar en la 52\u00aa sesi\u00f3n ordinaria del Consejo Nacional de Seguridad P\u00fablica, y en donde afirm\u00f3 que Tamaulipas seguir\u00e1 trabajando en coordinaci\u00f3n permanente con las instituciones del Gobierno Federal por el bienestar y la seguridad los tamaulipecos(as).<br \/>\nDijo: \u201cCon un enfoque humanista, reafirmo mi compromiso de seguir trabajando, en coordinaci\u00f3n permanente, por el bienestar y la seguridad de todas y todos en Tamaulipas\u201d.<br \/>\nComo parte de los trabajos se aprobaron once acuerdos para fortalecer la Estrategia Nacional de Seguridad, entre ellos el 01\/LII\/25, en el que el Consejo Nacional de Seguridad P\u00fablica instruye a las y los gobernadores a presentar ante sus Congresos locales las iniciativas de reforma legislativa para armonizar sus marcos jur\u00eddicos con la Ley General para Prevenir, Investigar y Sancionar la Extorsi\u00f3n, e informar al Secretariado a m\u00e1s tardar el \u00faltimo d\u00eda h\u00e1bil de enero de 2026.<br \/>\nSe instruy\u00f3 a la fiscal\u00eda general de la Rep\u00fablica a emitir un manual de operaci\u00f3n de las fiscal\u00edas o unidades especializadas para la recepci\u00f3n de denuncias, investigaci\u00f3n y persecuci\u00f3n del delito de extorsi\u00f3n, a m\u00e1s tardar el \u00faltimo d\u00eda h\u00e1bil de febrero de 2026.<br \/>\nLa presidenta Sheinbaum puntualiz\u00f3 que el trabajo coordinado ha permitido reducir en 37 por ciento los homicidios dolosos, el robo de veh\u00edculo con violencia y el robo a casa habitaci\u00f3n con violencia, que son delitos que m\u00e1s afectan a la ciudadan\u00eda.<br \/>\nExpresando: \u201cCreo que trabajando juntos, el pr\u00f3ximo a\u00f1o, a finales del pr\u00f3ximo a\u00f1o, cuando nos veamos en esta sesi\u00f3n ordinaria, podemos decir que juntos hemos bajado de manera importante este delito de la extorsi\u00f3n\u201d.<br \/>\nTuvo la presidenta a su lado a ROSA ICELA RODR\u00cdGUEZ, ERNESTINA GODOY, RICARDO TREVILLA y OMAR GARC\u00cdA HARFUCH, puro pesados(as).<br \/>\nReuniones que dejan.<br \/>\n*Y ESTE 12 DE DICIEMBRE una fecha siempre recordada por los mexicanos con alegr\u00eda, fe y devoci\u00f3n el gobernador AM\u00c9RICO VILLARREAL ANAYA y su esposa MAR\u00cdA SANTIAGO, entregaron la monumental estatua de la Virgen de la Misericorde en \u201cEl Chorrito\u201d en el municipio de Hidalgo, lo que convirti\u00f3 en este gran espacio en el Patrimonio Espiritual de Tamaulipas.<br \/>\nPresente el obispo de la Di\u00f3cesis de Victoria, monse\u00f1or \u00d3SCAR EFRA\u00cdN TAMEZ VILLARREAL y el presidente municipal PRAXEDIS GUAJARDO REYNA, y miles de asistentes que llegaron para admirar la imagen que se erige imponente en el coraz\u00f3n de la Sierra Madre, y en donde el gobernador hizo un llamado para demostrar que Tamaulipas es un pueblo que camina en unidad.<br \/>\nDijo en parte de su mensaje: \u201cLa nueva imagen de la Virgen, m\u00e1s que una obra, es un s\u00edmbolo renovado de la identidad espiritual de Tamaulipas; representa la fe de miles de personas, la esperanza de un pueblo noble y la fraternidad que nos permite caminar juntos\u201d, al cortar el list\u00f3n inaugural y depositar una ofrenda floral al pie de la obra de m\u00e1s de 30 metros de altura.<br \/>\nUn d\u00ed hist\u00f3rico e inolvidable sin lugar a dudas.<br \/>\n*COBR\u00d3 especial relevancia y quiz\u00e1s sea una historia para una pel\u00edcula en Hollywood la escapada que se dio la infatigable, luchadora e incansable mujer MAR\u00cdA CORINA MACHADO, que apareci\u00f3 a la luz p\u00fablica despu\u00e9s de un a\u00f1o en la clandestinidad ante los embates del presidente venezolano NICOL\u00c1S MADURO.<br \/>\nLleg\u00f3 a ese pa\u00eds para recibir el Premio Nobel de la Paz, pero lleg\u00f3 tarde a la ceremonia, pero su hija ya hab\u00eda recibido el reconocimiento.<br \/>\nLa l\u00edder opositora sali\u00f3 en barco desde la costa venezolano hasta la isla caribe\u00f1a de Curazao antes de enfilar, disfrazada, rumbo a Europa en donde se le recibi\u00f3 en forma espectacular y pr\u00e1cticamente como un jefe de estado.<br \/>\nLa presidenta CLAUDIA SHEINBAUM, que le da por elogiar la valent\u00eda y arrojo de las mujeres no quiso pronunciarse sobre la valent\u00eda de Machado, pero si ha pedido a los Estados Unidos de Norteam\u00e9rica que ya no molesten al dictador presidente Maduro.<br \/>\nEso s\u00ed, si felicit\u00f3 a F\u00c1TIMA BOSCH, cuando gan\u00f3 el \u201cMiss. Universo\u201d, como si eso fuera una gran chingoner\u00eda.<br \/>\nEn la ma\u00f1anera pueblerina sali\u00f3 con esta evasiva cuando le preguntaron sobre el tema: \u201cLa \u00faltima vez dije sin comentarios, y sigo diciendo, sin comentarios\u201d.<br \/>\nY continu\u00f3 con algo que no le preguntaron, el mismo rollo de siempre: \u201cM\u00e9xico siempre va a defender la autodeterminaci\u00f3n de los pueblos, la no invasi\u00f3n, la no injerencia, y la decisi\u00f3n de los pueblos de tener a los gobiernos que decidan los propios pueblos\u201d.<br \/>\n*SIGUE CONSINTIENDO a los suyos la presidenta municipal CARMEN LILIA CANTUROSAS VILLARREAL, que encabez\u00f3 la ceremonia de entrega gratuita de lentes, resultando beneficiadas 260 personas de todas las edades, quienes ahora podr\u00e1n desempe\u00f1ar sus actividades cotidianas con mayor comodidad y bienestar.<br \/>\nRegalo tras regalo, y eso que todav\u00eda no es Navidad, por parte de la alcaldesa Canturosas Villarreal.<br \/>\nEsta acci\u00f3n forma parte del programa permanente de salud visual impulsado por la alcaldesa y el Republicano Ayuntamiento, cuyo objetivo es atender necesidades reales en los hogares y contribuir al desarrollo integral de la ciudadan\u00eda, mejorando as\u00ed la calidad de vida de un considerable n\u00famero de personas.<br \/>\nCon esta nueva jornada el Gobierno Municipal suma 575 pares de lentes otorgados, un respaldo directo a la econom\u00eda familiar y a la inclusi\u00f3n social de quienes requieren este apoyo para estudiar, trabajar o realizar tareas esenciales del d\u00eda a d\u00eda.<br \/>\nExpresando Carmen Lilia: \u201cEstos lentes representan igualdad de oportunidades; son una muestra de que en Nuevo Laredo trabajamos para que nadie se quede atr\u00e1s por no poder costear un servicio tan b\u00e1sico para su bienestar. Agradezco profundamente a las y los integrantes del Cabildo, quienes recorren sus sectores, detectan necesidades y gestionan soluciones que cambian vidas\u201d.<br \/>\n*LA UAT Y EL SUSPET, hermanaron un importante y valioso acuerdo al formalizar la firma de un Convenio de Colaboraci\u00f3n que establece un amplio esquema de becas, capacitaci\u00f3n y apoyos educativos en beneficio de trabajadores sindicalizados y sus hijos, en un evento que encabez\u00f3 el rector D\u00c1MASO ANAYA ALVARADO y la secretaria general BLANCA VALLES RODR\u00cdGUEZ, quienes coincidieron en que esta alianza representa un paso decisivo para acercar los beneficios de la educaci\u00f3n superior a m\u00e1s familias tamaulipecas.<br \/>\nEl acuerdo contempla la asignaci\u00f3n de 600 becas del 25 % de descuento en inscripci\u00f3n para nivel licenciatura; as\u00ed como un 20 % en inscripciones al Centro Universitario de Idiomas (CeU Idiomas) y al Centro de Idiomas para la Ni\u00f1ez y la Adolescencia (CEINA), e incluye becas del 25 % para cursos, diplomados y posgrados dirigidos tanto a trabajadores como a sus hijos que mantengan un promedio m\u00ednimo de 8.5.<br \/>\nEl rector Anaya Alvarado, subray\u00f3 la importancia de fortalecer la relaci\u00f3n entre la UAT y los sectores que impulsan la vida p\u00fablica del Estado, resaltando que este convenio simboliza la suma de voluntades de dos instituciones comprometidas con el progreso social.<br \/>\nLa dirigente de los bur\u00f3cratas estatales expres\u00f3 su reconocimiento a la UAT por abrir nuevas oportunidades para las familias de los trabajadores y que este convenio refleja sensibilidad y compromiso institucional al ofrecer becas y apoyos formativos que permitir\u00e1n a muchos trabajadores y a sus hijos continuar su preparaci\u00f3n acad\u00e9mica.<br \/>\n*A TODO LO que da se iniciaron los trabajos de repavimentaci\u00f3n para dejar al cien la calle Coahuila Norte, una de las m\u00e1s transitadas por los automovilistas Riobravenses.<br \/>\nEl presidente municipal MIGUEL \u00c1NGEL ALMARAZ MALDONADO, dijo que en unos d\u00edas espera quede al cien porque los impuestos de los Riobravenses trabajan, y trabajan en serio.<br \/>\nEs una arteria vehicular que se encuentra en p\u00e9simas condiciones, pero en unos d\u00edas ya ser\u00e1 digna de mi querido y adorado pueblo.<br \/>\n*UN EVENTO muy colorido tuvo el comit\u00e9 municipal del Partido Revolucionario Institucional que titula ISNELIA TREVI\u00d1O SALINAS, al encabezar acompa\u00f1ada de la secretaria general del comit\u00e9 estatal JULIANA GARZA RINCONES y el regidor JUAN MACHUCA VALENZUELA; la entrega de nombramientos a militantes y simpatizantes que buscan darle mucho, pero mucho, ox\u00edgeno al tricolor.<br \/>\nCon Isnelia el tricolor ha cobrado vida en Suelo Riobravense con una muy buena esquina por parte del secretario general CARLOS AYALA, que se llevaron el reconocimiento de parte de Juliana.<br \/>\nIsnelia aprovech\u00f3 para presentar un informe detallado del tiempo que lleva al frente del tricolor.<br \/>\n*M\u00c9XICO vivi\u00f3 este viernes una de sus jornadas religiosas y culturales m\u00e1s multitudinarias del a\u00f1o con la celebraci\u00f3n de la Virgen de Guadalupe.<br \/>\nSe congregaron este a\u00f1o unos 13 millones de peregrinos en torno a la Bas\u00edlica del Tepeyac, adem\u00e1s de otras multitudes en templos, santuarios y espacios p\u00fablicos de todo el pa\u00eds.<br \/>\nDesde la madrugada se realizaron misas solemnes, cantos de \u201cLas Ma\u00f1anitas\u201d, danzas tradicionales y actos de devoci\u00f3n, mientras autoridades capitalinas y estatales desplegaron operativos especiales de seguridad, protecci\u00f3n civil y servicios m\u00e9dicos, as\u00ed como cierres viales y rutas alternas en zonas de alta afluencia.<br \/>\nLa festividad, que trasciende lo religioso, moviliza tambi\u00e9n la econom\u00eda popular con comercio, transporte y turismo, y reafirma a la Guadalupana como eje cultural e identitario nacional, presente tanto en expresiones de fe como en manifestaciones sociales y comunitarias a lo largo del territorio mexicano.<br \/>\n*EN ASUNTOS meramente deportivos: Tigres gan\u00f3 por la m\u00ednima diferencia el partido de ida de la final del f\u00fatbol mexicano profesional ante Diablos Rojos del Toluca.<br \/>\nSer\u00e9 sincero, solo vi el medio tiempo y la jugada del gol, un error del portero toluque\u00f1o; y despu\u00e9s me qued\u00e9 bien dormido.<br \/>\nEl domingo ser\u00e1 el partido de vuelta en Toluca, y prometo verlo completo, y esperando que gane Tigres.<br \/>\nY mire usted, DINORA GARZA, una de las m\u00e1ximas referentes del futbol femenil tamaulipeco a nivel profesional y quien recientemente anunci\u00f3 su retiro de las canchas, asumir\u00e1 un nuevo rol dentro del deporte estatal, pues la hist\u00f3rica exdelantera ser\u00e1 asesora de la Selecci\u00f3n Tamaulipas Femenil por parte del Instituto del Deporte de Tamaulipas, en un proyecto que busca fortalecer las categor\u00edas formativas rumbo a la Olimpiada Nacional CONADE 2026.<br \/>\nEnhorabuena.<br \/>\n*PORQUE a\u00fan hay tiempo no se le pase felicitar este viernes con motivo de sus cumplea\u00f1os a mi preciosa sobrina SOF\u00cdA S\u00c1NCHEZ BARRERA, al expresidente municipal de Suelo Riobravense JUAN DIEGO GUAJARDO ANZALD\u00daA y a inquieto y buena onda P\u00c1NFILO GUADALUPE TAMEZ GALVAN.<br \/>\nCumplieron a\u00f1os mi prima YVETTE ROMERO ALCAZAR, y el buen amigo JAVIER GONZ\u00c1LEZ.<br \/>\nUn monumental abrazo y que vengan muchos m\u00e1s.<br \/>\nVolveremos, HL\u2026D\u2026M<br \/>\nCorreo electr\u00f3nico: barre283@hotmail.com<\/p>\n<p><img loading=\"lazy\" decoding=\"async\" class=\"aligncenter wp-image-216197 size-full\" src=\"https:\/\/www.elsinodaldetamaulipas.com.mx\/wp-content\/uploads\/2025\/12\/CONDOLENCIA-BETO-1.jpg\" alt=\"\" width=\"894\" height=\"487\" srcset=\"https:\/\/www.elsinodaldetamaulipas.com.mx\/wp-content\/uploads\/2025\/12\/CONDOLENCIA-BETO-1.jpg 894w, https:\/\/www.elsinodaldetamaulipas.com.mx\/wp-content\/uploads\/2025\/12\/CONDOLENCIA-BETO-1-300x163.jpg 300w, https:\/\/www.elsinodaldetamaulipas.com.mx\/wp-content\/uploads\/2025\/12\/CONDOLENCIA-BETO-1-768x418.jpg 768w\" sizes=\"auto, (max-width: 894px) 100vw, 894px\" \/><\/p>\n","protected":false},"excerpt":{"rendered":"<p>*SALI\u00d3 CON EVASIVAS SOBRE MACHADO, PREMIO NOBEL *A F\u00c1TIMA, SI; Y A MAR\u00cdA CORINA, NO *Qui\u00fabole, comentamos en nuestra entrega informativa anterior que el gobernador AM\u00c9RICO VILLARREAL ANAYA, pr\u00e1cticamente se ha convertido en un invitado permanente a Palacio Nacional por parte de la presidenta CLAUDIA SHEINBAUM PARDO. Despu\u00e9s de acompa\u00f1arla a Puebla en un evento [&hellip;]<\/p>\n","protected":false},"author":1,"featured_media":214896,"comment_status":"closed","ping_status":"closed","sticky":false,"template":"","format":"standard","meta":{"footnotes":""},"categories":[16],"tags":[],"class_list":["post-216196","post","type-post","status-publish","format-standard","has-post-thumbnail","hentry","category-opinion"],"_links":{"self":[{"href":"https:\/\/www.elsinodaldetamaulipas.com.mx\/index.php?rest_route=\/wp\/v2\/posts\/216196","targetHints":{"allow":["GET"]}}],"collection":[{"href":"https:\/\/www.elsinodaldetamaulipas.com.mx\/index.php?rest_route=\/wp\/v2\/posts"}],"about":[{"href":"https:\/\/www.elsinodaldetamaulipas.com.mx\/index.php?rest_route=\/wp\/v2\/types\/post"}],"author":[{"embeddable":true,"href":"https:\/\/www.elsinodaldetamaulipas.com.mx\/index.php?rest_route=\/wp\/v2\/users\/1"}],"replies":[{"embeddable":true,"href":"https:\/\/www.elsinodaldetamaulipas.com.mx\/index.php?rest_route=%2Fwp%2Fv2%2Fcomments&post=216196"}],"version-history":[{"count":1,"href":"https:\/\/www.elsinodaldetamaulipas.com.mx\/index.php?rest_route=\/wp\/v2\/posts\/216196\/revisions"}],"predecessor-version":[{"id":216198,"href":"https:\/\/www.elsinodaldetamaulipas.com.mx\/index.php?rest_route=\/wp\/v2\/posts\/216196\/revisions\/216198"}],"wp:featuredmedia":[{"embeddable":true,"href":"https:\/\/www.elsinodaldetamaulipas.com.mx\/index.php?rest_route=\/wp\/v2\/media\/214896"}],"wp:attachment":[{"href":"https:\/\/www.elsinodaldetamaulipas.com.mx\/index.php?rest_route=%2Fwp%2Fv2%2Fmedia&parent=216196"}],"wp:term":[{"taxonomy":"category","embeddable":true,"href":"https:\/\/www.elsinodaldetamaulipas.com.mx\/index.php?rest_route=%2Fwp%2Fv2%2Fcategories&post=216196"},{"taxonomy":"post_tag","embeddable":true,"href":"https:\/\/www.elsinodaldetamaulipas.com.mx\/index.php?rest_route=%2Fwp%2Fv2%2Ftags&post=216196"}],"curies":[{"name":"wp","href":"https:\/\/api.w.org\/{rel}","templated":true}]}}