{"id":216202,"date":"2025-12-12T21:34:28","date_gmt":"2025-12-13T01:34:28","guid":{"rendered":"https:\/\/www.elsinodaldetamaulipas.com.mx\/?p=216202"},"modified":"2025-12-12T21:35:05","modified_gmt":"2025-12-13T01:35:05","slug":"amistad-fraternidad-y-cooperacion","status":"publish","type":"post","link":"https:\/\/www.elsinodaldetamaulipas.com.mx\/?p=216202","title":{"rendered":"AMISTAD, FRATERNIDAD Y COOPERACI\u00d3N"},"content":{"rendered":"<p>DESDE ESTA ESQUINA.<br \/>\nMELIT\u00d3N GUEVARA CASTILLO.<\/p>\n<p>Parafraseando a Cat\u00f3n, al autor de Pol\u00edtica y Cosas Peores, puedo decir que Chucho L\u00f3pez<br \/>\nes igual que el: inmensamente rico. La raz\u00f3n, tiene muchos amigos. La evidencia, su visita<br \/>\na nuestra Ciudad. Y eso que ten\u00eda, seg\u00fan dijo, mas de 12 a\u00f1os que no se aparec\u00eda por la<br \/>\nciudad.<br \/>\nChucho es fot\u00f3grafo profesional de National Geographic, porque imprime con luz los<br \/>\nhallazgos arqueol\u00f3gicos\u2026 y en su camino, jugando con la luz, ha sido capaz de hacer<br \/>\namigos. En sus conversaciones lo que mas destaca es su capacidad para improvisar, la<br \/>\ncreatividad en la fotograf\u00eda es esencial.<br \/>\n\u00bfQu\u00e9 es la amistad? Hay muchas definiciones, como explicaciones, que como Jano, tiene<br \/>\ndos caras: hay quienes nos dicen, que los amigos se cuentan con los dedos de las manos y, a<br \/>\nveces, hasta nos sobran. Si esto fuera cierto, hagan de cuenta que nadie sigue el consejo de<br \/>\nJes\u00fas: amaos los unos a los otros.<br \/>\nLos expertos comunicaci\u00f3n interpersonal y de imagen, tienen otra historia: la amistad es<br \/>\nmanipulaci\u00f3n, ego\u00edsmos y ambiciones. Por eso, en las redes sociales, encontramos post de<br \/>\nquejas: que hay gente malagradecida\u2026en fin, es cuesti\u00f3n de enfoque. Claro, en la pol\u00edtica<br \/>\ncomo en los negocios, es f\u00e1cil encontrar evidencias. Recuerden nos dicen que en pol\u00edtica<br \/>\nlos amigos son de mentiritas y los enemigos de verdad.<br \/>\nEn lo personal, estoy convencido: la amistad es cuesti\u00f3n de qu\u00edmica y de conocernos. Valga<br \/>\nel s\u00edmil de las plantas: hay que cuidarlas, cultivarlas y a veces, incluso, podarlas\u2026 con la<br \/>\nverdad, la comunicaci\u00f3n, con los actos y los gestos. Una vez, en la universidad al ver que<br \/>\ndos compa\u00f1eras no se hablaban, les pregunte\u2026 ella no me saluda, pues yo tampoco, as\u00ed que<br \/>\nlas invite un caf\u00e9, se hicieron amigas.<br \/>\nEl trovador describe la actitud correcta: quitarse la camisa por un buen amigo. Es el apoyo<br \/>\ny solidaridad como parte del proceso de la amistad, sin ego\u00edsmos, solo brindar el apoyo que<br \/>\nnecesita el amigo. Quiz\u00e1 alguien pueda decir, que es solo una canci\u00f3n, pero soy testigo de<br \/>\nmas de uno que, en los hechos, fue un amigo de esos: mi suegro, el profe Jos\u00e9 Garc\u00eda<br \/>\nBalleza y Lorenzo L\u00f3pez, entre ellos.<br \/>\nEsos procesos de amistad se dan y se fortalecen en momentos claves para abatir barreras.<br \/>\nMis videos, por ejemplo, nacieron por el estimulo de mi hija como del apoyo de mis<br \/>\namigos, esos que comentan y comparten.\u2026 mi reconocimiento y agradecimiento a quienes<br \/>\nhan sido parte de mi vida\u2026<br \/>\nPor cierto, \u00bfes usted rico como Cat\u00f3n y Chucho?<\/p>\n","protected":false},"excerpt":{"rendered":"<p>DESDE ESTA ESQUINA. MELIT\u00d3N GUEVARA CASTILLO. Parafraseando a Cat\u00f3n, al autor de Pol\u00edtica y Cosas Peores, puedo decir que Chucho L\u00f3pez es igual que el: inmensamente rico. La raz\u00f3n, tiene muchos amigos. La evidencia, su visita a nuestra Ciudad. Y eso que ten\u00eda, seg\u00fan dijo, mas de 12 a\u00f1os que no se aparec\u00eda por la [&hellip;]<\/p>\n","protected":false},"author":1,"featured_media":216203,"comment_status":"closed","ping_status":"closed","sticky":false,"template":"","format":"standard","meta":{"footnotes":""},"categories":[16],"tags":[],"class_list":["post-216202","post","type-post","status-publish","format-standard","has-post-thumbnail","hentry","category-opinion"],"_links":{"self":[{"href":"https:\/\/www.elsinodaldetamaulipas.com.mx\/index.php?rest_route=\/wp\/v2\/posts\/216202","targetHints":{"allow":["GET"]}}],"collection":[{"href":"https:\/\/www.elsinodaldetamaulipas.com.mx\/index.php?rest_route=\/wp\/v2\/posts"}],"about":[{"href":"https:\/\/www.elsinodaldetamaulipas.com.mx\/index.php?rest_route=\/wp\/v2\/types\/post"}],"author":[{"embeddable":true,"href":"https:\/\/www.elsinodaldetamaulipas.com.mx\/index.php?rest_route=\/wp\/v2\/users\/1"}],"replies":[{"embeddable":true,"href":"https:\/\/www.elsinodaldetamaulipas.com.mx\/index.php?rest_route=%2Fwp%2Fv2%2Fcomments&post=216202"}],"version-history":[{"count":2,"href":"https:\/\/www.elsinodaldetamaulipas.com.mx\/index.php?rest_route=\/wp\/v2\/posts\/216202\/revisions"}],"predecessor-version":[{"id":216205,"href":"https:\/\/www.elsinodaldetamaulipas.com.mx\/index.php?rest_route=\/wp\/v2\/posts\/216202\/revisions\/216205"}],"wp:featuredmedia":[{"embeddable":true,"href":"https:\/\/www.elsinodaldetamaulipas.com.mx\/index.php?rest_route=\/wp\/v2\/media\/216203"}],"wp:attachment":[{"href":"https:\/\/www.elsinodaldetamaulipas.com.mx\/index.php?rest_route=%2Fwp%2Fv2%2Fmedia&parent=216202"}],"wp:term":[{"taxonomy":"category","embeddable":true,"href":"https:\/\/www.elsinodaldetamaulipas.com.mx\/index.php?rest_route=%2Fwp%2Fv2%2Fcategories&post=216202"},{"taxonomy":"post_tag","embeddable":true,"href":"https:\/\/www.elsinodaldetamaulipas.com.mx\/index.php?rest_route=%2Fwp%2Fv2%2Ftags&post=216202"}],"curies":[{"name":"wp","href":"https:\/\/api.w.org\/{rel}","templated":true}]}}