{"id":216206,"date":"2025-12-12T21:38:50","date_gmt":"2025-12-13T01:38:50","guid":{"rendered":"https:\/\/www.elsinodaldetamaulipas.com.mx\/?p=216206"},"modified":"2025-12-12T21:38:50","modified_gmt":"2025-12-13T01:38:50","slug":"fiscal-hace-aclaraciones-sobre-viejo-corrido","status":"publish","type":"post","link":"https:\/\/www.elsinodaldetamaulipas.com.mx\/?p=216206","title":{"rendered":"FISCAL HACE ACLARACIONES SOBRE VIEJO CORRIDO"},"content":{"rendered":"<p><strong>Flamante fiscal tamaulipeco fija su posicionamiento respecto a detenci\u00f3n en 2002<\/strong><\/p>\n<p><strong>-Aunque fue exonerado, se le acusaba de integrar una red de complicidad<\/strong><\/p>\n<p><strong>-La ANPLC-USA cierra con broche de oro su actividad period\u00edstica-gremial en 2025<\/strong><\/p>\n<p>H. Matamoros, Tamaulipas.-Sin dejar de reconocer que la presunci\u00f3n de inocencia y el beneficio de la duda son elementos v\u00e1lidos en casos de acusaci\u00f3n, aclaraci\u00f3n o posicionamiento, no debe pasarse por alto que en algunas decisiones no debe existir el m\u00e1s m\u00ednimo cuestionamiento que haga dudar de a honestidad de tal o cual persona.<\/p>\n<p>Lo anterior podr\u00eda aplicarse a la designaci\u00f3n por votaci\u00f3n mayoritaria en el Congreso Local del nuevo titular de la Fiscal\u00eda General de Justicia del estado de Tamaulipas, JES\u00daS EDUARDO GOVEA OROZCO, quien, culpable o no, estuvo recluido durante siete meses en el penal de alta seguridad en el estado de M\u00e9xico.<\/p>\n<p>GOVEA OROZCO, junto con otros funcionarios federales y estatales comisionados en la procuraci\u00f3n de justicia fueron detenidos en 2002 tras operativo de la entonces Procuradur\u00eda General de la Rep\u00fablica (PGR), acusados de formar una red de complicidad para liberar a un presunto narcotraficante en este puerto fronterizo.<\/p>\n<p>Ante los se\u00f1alamientos medi\u00e1ticos, el ahora fiscal estatal hizo p\u00fablico un posicionamiento en donde precisa los hechos que provocaron la temporal p\u00e9rdida de su libertad, a lo cual, por supuesto, le asiste todo el derecho.<\/p>\n<p>Sin embargo, a pesar de haber sido exonerado de toda responsabilidad mediante el cl\u00e1sico \u201custed disculpe\u201d, el Congreso de Tamaulipas debi\u00f3 haber tomado en cuenta otros perfiles que evitaran la m\u00e1s m\u00ednima duda la honorabilidad de quien ahora tendr\u00e1 a su cargo la fiscal\u00eda tamaulipeca, te\u00f3ricamente aut\u00f3noma.<\/p>\n<p>\u00bfPero qu\u00e9 dice el posicionamiento de JES\u00daS EDUARDO GOVEA OROZCO?<\/p>\n<p>Veamos:<\/p>\n<p>\u201cEn las \u00faltimas horas se han difundido versiones falsas y tendenciosas con el objetivo de desacreditar mi integridad y generar desinformaci\u00f3n sobre hechos ocurridos hace m\u00e1s de dos d\u00e9cadas. Frente a estas calumnias, considero indispensable aclarar con precisi\u00f3n y contundencia la verdad jur\u00eddica de los hechos.<\/p>\n<p>1. Nunca particip\u00e9 en la liberaci\u00f3n de Rogelio Gonz\u00e1lez Piza\u00f1a, alias \u201cEl Kel\u00edn\u201d.<\/p>\n<p>Los propios se\u00f1alamientos refieren que la puesta a disposici\u00f3n y las actuaciones relacionadas fueron atribuidas \u00fanicamente al Ministerio P\u00fablico de la entonces Procuradur\u00eda General de la Rep\u00fablica. La Procuradur\u00eda de Justicia de Tamaulipas, donde yo me desempe\u00f1aba, jam\u00e1s intervino en esos hechos. Toda afirmaci\u00f3n en sentido contrario es absolutamente falsa.<\/p>\n<p>2. Fui detenido de manera ilegal y arbitraria; jam\u00e1s existi\u00f3 evidencia en mi contra.<\/p>\n<p>El 7 de febrero de 2002, diversos servidores p\u00fablicos federales y estatales fuimos detenidos de manera irregular en Matamoros, bajo una supuesta red de complicidad sin una sola prueba que la acreditara. Se trat\u00f3 de un operativo improvisado, sin sustento y profundamente injusto, que deriv\u00f3 en procesos construidos sin sustento jur\u00eddico.<\/p>\n<p>3. El Poder Judicial Federal orden\u00f3 de manera firme mi libertad absoluta.<\/p>\n<p>En septiembre de 2002, el Magistrado del Segundo Tribunal Unitario del Segundo Circuito resolvi\u00f3, de manera definitiva, que no exist\u00eda ning\u00fan elemento que justificara mantenernos vinculados a proceso. Esta resoluci\u00f3n orden\u00f3 mi libertad inmediata y no admit\u00eda recurso alguno, pues se trat\u00f3 de una ejecutoria de apelaci\u00f3n con car\u00e1cter firme.<\/p>\n<p>Es falso que mi libertad hubiese sido condicionada, el caso qued\u00f3 resuelto y cerrado de forma definitiva.<\/p>\n<p>4. Tras mi exoneraci\u00f3n judicial, fui reinstalado plenamente en mis funciones.<\/p>\n<p>Una vez conocida la resoluci\u00f3n federal que determin\u00f3 mi inocencia, en diciembre de 2002, la Procuradur\u00eda General de Justicia del Estado orden\u00f3 mi reincorporaci\u00f3n inmediata a la instituci\u00f3n. Se reconoci\u00f3 la improcedencia de la detenci\u00f3n y se restituyeron las percepciones que dej\u00e9 de devengar por aquella arbitrariedad.<\/p>\n<p>5. Igualmente fui absuelto de toda responsabilidad administrativa.<\/p>\n<p>En 2003, la Contralor\u00eda Gubernamental me absolvi\u00f3 por completo de cualquier responsabilidad administrativa asociada al caso. A partir de ese momento, pude continuar mi trayectoria institucional sin restricci\u00f3n alguna y conforme a derecho.<\/p>\n<p>6. Toda mi carrera ha sido resultado de m\u00e9ritos y evaluaciones permanentes.<\/p>\n<p>Tras mi reinstalaci\u00f3n, ocup\u00e9 diversos cargos dentro de la instituci\u00f3n, siempre sujeto a evaluaciones, supervisi\u00f3n, capacitaci\u00f3n y desempe\u00f1o conforme a los est\u00e1ndares del Sistema Nacional de Seguridad P\u00fablica. Mi trayectoria se ha construido con trabajo, integridad y estricto apego a la ley.<\/p>\n<p>7. Siempre he cumplido de manera rigurosa con todos los controles de confianza y certificaciones.<\/p>\n<p>Para permanecer y ascender en la instituci\u00f3n he sido evaluado conforme a la Constituci\u00f3n, la Ley General del Sistema Nacional de Seguridad P\u00fablica y los lineamientos que regulan la permanencia de los servidores p\u00fablicos encargados de la seguridad y la procuraci\u00f3n de justicia. Quien pretenda atribuirme cualquier tipo de v\u00ednculos con la delincuencia ignora, o pretende de forma maliciosa ocultar, que tales cargos son absolutamente incompatibles con cualquier incumplimiento de estos controles.<\/p>\n<p>8. Las calumnias difundidas contradicen deliberadamente las resoluciones judiciales firmes.<\/p>\n<p>Afirmar que \u201cenfrento un proceso desde hace 20 a\u00f1os\u201d o que \u201cnunca fui absuelto\u201d es una falsedad comprobable. Existen resoluciones judiciales firmes que determinaron mi inocencia y dieron por concluido el caso. Quien sostiene lo contrario act\u00faa con dolo y busca confundir a la opini\u00f3n p\u00fablica.<\/p>\n<p>9. Mi compromiso profesional y personal es construir un mejor sistema de justicia.<\/p>\n<p>Fui v\u00edctima de una detenci\u00f3n ilegal y de una infamia cometida por servidores p\u00fablicos sin escr\u00fapulos. Esa experiencia marc\u00f3 mi vida y fortaleci\u00f3 mi convicci\u00f3n de impedir que abusos como ese se repitan. Hoy, desde la Fiscal\u00eda General de Justicia del Estado, reafirmo mi compromiso total con la verdad, la legalidad, la independencia institucional y las v\u00edctimas de los delitos.<\/p>\n<p>10. Nada ni nadie me desviar\u00e1 del deber que he asumido con Tamaulipas.<\/p>\n<p>Quienes buscan manchar mi nombre lo hacen porque conocen la importancia de la responsabilidad que hoy desempe\u00f1o. A todos ellos les reitero que no me van a intimidar ni a distraer. Mi vida profesional ha sido y seguir\u00e1 siendo ejemplo de honestidad y servicio p\u00fablico. Mi labor estar\u00e1 guiada \u00fanicamente por la ley, la \u00e9tica y el bienestar de las familias tamaulipecas\u201d.<\/p>\n<p>Jes\u00fas Eduardo Govea Orozco<\/p>\n<p>\u00bfC\u00f3mo la ve?<\/p>\n<p>DESDE EL BALC\u00d3N:<\/p>\n<p>I.-En efecto, como dice la canci\u00f3n de Juan Gabriel \u201c\u00bfpero qu\u00e9 necesidad\u201d? de designar como fiscal estatal a quien inocente o no estuvo procesado y detenido en un penal federal de m\u00e1xima seguridad.<\/p>\n<p>La pregunta l\u00f3gica en torno al caso es \u00bfno hab\u00eda otros perfiles que evitaran revivir hechos ocurridos hace m\u00e1s de 20 a\u00f1os y, lo m\u00e1s relevante, aniquilar la m\u00e1s m\u00ednima duda de la honorabilidad de quien tendr\u00e1 a su cargo la procuraci\u00f3n de Justicia en Tamaulipas?<\/p>\n<p>Ni hablar.<\/p>\n<p>II.-Con un par de eventos de suma relevancia, la Asociaci\u00f3n Nacional de Periodistas, Locutores y Comunicadores de los Estados Unidos (ANPLC-USA) que preside GILBERTO CORTEZ cierra con broche de oro la actividad period\u00edstica gremial en 2025.<\/p>\n<p>A invitaci\u00f3n expresa del Comit\u00e9 Organizador de la Copa Mundial de la FIFA a rueda de prensa, la ANPLC se hizo presente en el estadio AT&amp;T del equipo Dallas Cowboys en Arlington, Texas.<\/p>\n<p>CORTEZ se hizo acompa\u00f1ar de MAGALY MART\u00cdNEZ y HEIDI VALDEZ, ambas egresadas de la primera generaci\u00f3n de la Academia de la ANPLC USA, y MIRNA GONZ\u00c1LEZ acreditada por la citada organizaci\u00f3n gremial estadounidense.<\/p>\n<p>Posteriormente, en el sal\u00f3n Internacional o de las Banderas en el City Hall de Dallas, Texas, la ANPLC USA entreg\u00f3 Doctorado Honoris Causa y la Proclamaci\u00f3n del D\u00eda Internacional del Periodista a la empresaria de medios de comunicaci\u00f3n y activista femenina, SONIA MORFFY, en acto solemne y de selecta concurrencia.<\/p>\n<p>\u00a1Felicidades!<\/p>\n<p>Y hasta la pr\u00f3xima.<\/p>\n<p><a href=\"mailto:mariodiaz27@prodigy.net.mx\" target=\"_blank\" rel=\"noreferrer noopener\">mariodiaz27@prodigy.net.mx<\/a><\/p>\n","protected":false},"excerpt":{"rendered":"<p>Flamante fiscal tamaulipeco fija su posicionamiento respecto a detenci\u00f3n en 2002 -Aunque fue exonerado, se le acusaba de integrar una red de complicidad -La ANPLC-USA cierra con broche de oro su actividad period\u00edstica-gremial en 2025 H. Matamoros, Tamaulipas.-Sin dejar de reconocer que la presunci\u00f3n de inocencia y el beneficio de la duda son elementos v\u00e1lidos [&hellip;]<\/p>\n","protected":false},"author":1,"featured_media":216207,"comment_status":"closed","ping_status":"closed","sticky":false,"template":"","format":"standard","meta":{"footnotes":""},"categories":[16],"tags":[],"class_list":["post-216206","post","type-post","status-publish","format-standard","has-post-thumbnail","hentry","category-opinion"],"_links":{"self":[{"href":"https:\/\/www.elsinodaldetamaulipas.com.mx\/index.php?rest_route=\/wp\/v2\/posts\/216206","targetHints":{"allow":["GET"]}}],"collection":[{"href":"https:\/\/www.elsinodaldetamaulipas.com.mx\/index.php?rest_route=\/wp\/v2\/posts"}],"about":[{"href":"https:\/\/www.elsinodaldetamaulipas.com.mx\/index.php?rest_route=\/wp\/v2\/types\/post"}],"author":[{"embeddable":true,"href":"https:\/\/www.elsinodaldetamaulipas.com.mx\/index.php?rest_route=\/wp\/v2\/users\/1"}],"replies":[{"embeddable":true,"href":"https:\/\/www.elsinodaldetamaulipas.com.mx\/index.php?rest_route=%2Fwp%2Fv2%2Fcomments&post=216206"}],"version-history":[{"count":1,"href":"https:\/\/www.elsinodaldetamaulipas.com.mx\/index.php?rest_route=\/wp\/v2\/posts\/216206\/revisions"}],"predecessor-version":[{"id":216208,"href":"https:\/\/www.elsinodaldetamaulipas.com.mx\/index.php?rest_route=\/wp\/v2\/posts\/216206\/revisions\/216208"}],"wp:featuredmedia":[{"embeddable":true,"href":"https:\/\/www.elsinodaldetamaulipas.com.mx\/index.php?rest_route=\/wp\/v2\/media\/216207"}],"wp:attachment":[{"href":"https:\/\/www.elsinodaldetamaulipas.com.mx\/index.php?rest_route=%2Fwp%2Fv2%2Fmedia&parent=216206"}],"wp:term":[{"taxonomy":"category","embeddable":true,"href":"https:\/\/www.elsinodaldetamaulipas.com.mx\/index.php?rest_route=%2Fwp%2Fv2%2Fcategories&post=216206"},{"taxonomy":"post_tag","embeddable":true,"href":"https:\/\/www.elsinodaldetamaulipas.com.mx\/index.php?rest_route=%2Fwp%2Fv2%2Ftags&post=216206"}],"curies":[{"name":"wp","href":"https:\/\/api.w.org\/{rel}","templated":true}]}}