{"id":216209,"date":"2025-12-12T21:41:28","date_gmt":"2025-12-13T01:41:28","guid":{"rendered":"https:\/\/www.elsinodaldetamaulipas.com.mx\/?p=216209"},"modified":"2025-12-12T21:41:28","modified_gmt":"2025-12-13T01:41:28","slug":"crean-centro-de-fe-y-espiritualidad","status":"publish","type":"post","link":"https:\/\/www.elsinodaldetamaulipas.com.mx\/?p=216209","title":{"rendered":"CREAN CENTRO DE FE Y ESPIRITUALIDAD"},"content":{"rendered":"<div class=\"post-content\">\n<p>*Es un centro de paz, fe y espiritualidad que fortalece la unidad, la fraternidad y la<br \/>\nesperanza, expres\u00f3 el gobernador de Tamaulipas<br \/>\nPor Roberto Olvera P\u00e9rez<br \/>\nA partir de este d\u00eda, Tamaulipas cuenta con un nuevo espacio de paz, fe y<br \/>\nespiritualidad que contribuir\u00e1 a fortalecer la unidad, la fraternidad y la esperanza,<br \/>\nexpres\u00f3 el gobernador Am\u00e9rico Villarreal Anaya al entregar la escultura<br \/>\nmonumental de la Virgen de la Misericordia, en El Chorrito, municipio de Hidalgo.<br \/>\nEn un d\u00eda hist\u00f3rico, acompa\u00f1ado por la doctora Mar\u00eda de Villarreal,<br \/>\npresidenta del Sistema DIF Estatal, y del obispo de la Di\u00f3cesis de Victoria,<br \/>\nmonse\u00f1or \u00d3scar Efra\u00edn Tamez Villarreal, y ante miles de asistentes que llegaron<br \/>\npara admirar la imagen que se erige imponente en el coraz\u00f3n de la Sierra Madre,<br \/>\nel gobernador hizo un llamado para demostrar que Tamaulipas es un pueblo que<br \/>\ncamina en unidad.<br \/>\n\u00abLa nueva imagen de la Virgen, m\u00e1s que una obra, es un s\u00edmbolo renovado de<br \/>\nla identidad espiritual de Tamaulipas; representa la fe de miles de personas, la<br \/>\nesperanza de un pueblo noble y la fraternidad que nos permite caminar juntos\u00bb, dijo, al<br \/>\ncortar el list\u00f3n inaugural y depositar una ofrenda floral al pie de la obra de m\u00e1s de 30<br \/>\nmetros de altura.<br \/>\nConviven con ni\u00f1os del Hospital Infantil de Tamaulipas<br \/>\nLa asociaci\u00f3n altruista \u201cT\u00edas de Coraz\u00f3n\u201d y el regidor Oscar Narv\u00e1ez<br \/>\nRamos, llevaron a cabo este fin de semana una noble actividad, organizando una<br \/>\nposada para ni\u00f1os pacientes de hemato-oncolog\u00eda del Albergue del Hospital<br \/>\nInfantil de Tamaulipas.<br \/>\nEl evento se llev\u00f3 a cabo en conocido sal\u00f3n donde estuvieron presentes<br \/>\nvoluntarios, familias y autoridades locales en una jornada dedicada a la empat\u00eda,<br \/>\nla solidaridad y el apoyo comunitario.<br \/>\nLa asociaci\u00f3n \u201cT\u00edas de Coraz\u00f3n\u201d est\u00e1 integrada por mujeres comprometidas<br \/>\ncon el bienestar infantil, acciones que realizan desde hace varios a\u00f1os, trabajo<br \/>\nininterrumpido en favor de quienes atraviesan procesos m\u00e9dicos complejos.<br \/>\nCabe destacar que durante la celebraci\u00f3n, tambi\u00e9n se reconoci\u00f3 al regidor<br \/>\n\u00d3scar Narv\u00e1ez por su disposici\u00f3n, cercan\u00eda con la ciudadan\u00eda y por sumarse<br \/>\nactivamente a iniciativas sociales que buscan generar un impacto positivo en la<br \/>\ncomunidad. Su participaci\u00f3n fue se\u00f1alada como un ejemplo de servicio p\u00fablico<br \/>\ncon sentido humano.<\/p>\n<p>Asimismo los presentes coincidieron en que esfuerzos como estos<br \/>\nfortalecen el tejido social y demuestran que, cuando la sociedad civil y los<br \/>\nservidores p\u00fablicos caminan en la misma direcci\u00f3n, es posible llevar esperanza y<br \/>\nalegr\u00eda a quienes m\u00e1s la necesitan.<br \/>\nLa alegre y emotiva posada concluy\u00f3 con un mensaje de gratitud hacia<br \/>\ntodas las personas e instituciones que hicieron posible el evento, reafirmando el<br \/>\ncompromiso colectivo de continuar apoyando causas que promuevan bienestar,<br \/>\ndignidad y uni\u00f3n.<br \/>\nD\u00e1maso Anaya da avances en el a\u00f1o que se va y as\u00ed viene cerrando fuerte el<br \/>\n2025<br \/>\nEl Rector de la UAT, D\u00e1maso Anaya Alvarado, dio cuenta de los avances<br \/>\ninstitucionales recientes y a la vez traz\u00f3 nuevas l\u00edneas de desarrollo acad\u00e9mico,<br \/>\ncient\u00edfico y administrativo rumbo al pr\u00f3ximo ciclo escolar. Lo anterior al encabezar<br \/>\nla 15ava Reuni\u00f3n del Colegio de Directores, celebrada en la Unidad Acad\u00e9mica<br \/>\nMultidisciplinaria Reynosa Rodhe (UAMRR); destacando que la instituci\u00f3n<br \/>\nconcluye un ciclo de trabajo caracterizado por el fortalecimiento de su<br \/>\ninfraestructura, el impulso a la investigaci\u00f3n, la academia y el cumplimiento de<br \/>\nmetas institucionales, al tiempo de convocar a continuar con una visi\u00f3n estrat\u00e9gica<br \/>\nhacia el 2026.<br \/>\nAnaya Alvarado aprovech\u00f3 la reuni\u00f3n para presentar y a la vez felicitar a<br \/>\nnuevos directivos de la UAT como Laura Esther Jim\u00e9nez Ferretiz, de la Facultad<br \/>\nde Comercio y Administraci\u00f3n Tampico; Mar\u00eda Guadalupe V\u00e1zquez Salazar, de la<br \/>\nFacultad de Enfermer\u00eda Victoria; Mart\u00edn Berrones Morales, de la Unidad<br \/>\nAcad\u00e9mica Multidisciplinaria Mante; y Vicente Paul Sald\u00edvar Alonso, electo para un<br \/>\nsegundo per\u00edodo en la Facultad de Ingenier\u00eda y Ciencias, y tambi\u00e9n, dio la<br \/>\nbienvenida a los directores interinos Jos\u00e9 Octavio Merino Charrez, de la Facultad<br \/>\nde Medicina Veterinaria y Zootecnia, y Dionisio Enrique Mart\u00ednez Salda\u00f1a, de la<br \/>\nFacultad de Medicina Matamoros.<\/p>\n<p>NOTAS CORTAS<\/p>\n<p>1.- La pregunta obligada es:\u00bfEn qu\u00e9 terminar\u00e1 el esc\u00e1ndalo de los<br \/>\nhermanos Cabeza de Vaca que ya los traen cerca con el nuevo Fiscal General del<br \/>\nestado y tambi\u00e9n est\u00e1n en la mira de la Suprema Corte?<br \/>\n2.- Y no podemos dejar de felicitar por su cumplea\u00f1os al buen amigo y<br \/>\natento Regidor \u00d3scar Narv\u00e1ez Ramos, pues ayer fue su d\u00eda y si lo conoce, a\u00fan es<br \/>\ntiempo de felicitarlo.<br \/>\nPor hoy es todo, en la pr\u00f3xima seguiremos dialogando del acontecer<br \/>\npol\u00edtico tamaulipeco.<\/p>\n<\/div>\n","protected":false},"excerpt":{"rendered":"<p>*Es un centro de paz, fe y espiritualidad que fortalece la unidad, la fraternidad y la esperanza, expres\u00f3 el gobernador de Tamaulipas Por Roberto Olvera P\u00e9rez A partir de este d\u00eda, Tamaulipas cuenta con un nuevo espacio de paz, fe y espiritualidad que contribuir\u00e1 a fortalecer la unidad, la fraternidad y la esperanza, expres\u00f3 el [&hellip;]<\/p>\n","protected":false},"author":1,"featured_media":216210,"comment_status":"closed","ping_status":"closed","sticky":false,"template":"","format":"standard","meta":{"footnotes":""},"categories":[16],"tags":[],"class_list":["post-216209","post","type-post","status-publish","format-standard","has-post-thumbnail","hentry","category-opinion"],"_links":{"self":[{"href":"https:\/\/www.elsinodaldetamaulipas.com.mx\/index.php?rest_route=\/wp\/v2\/posts\/216209","targetHints":{"allow":["GET"]}}],"collection":[{"href":"https:\/\/www.elsinodaldetamaulipas.com.mx\/index.php?rest_route=\/wp\/v2\/posts"}],"about":[{"href":"https:\/\/www.elsinodaldetamaulipas.com.mx\/index.php?rest_route=\/wp\/v2\/types\/post"}],"author":[{"embeddable":true,"href":"https:\/\/www.elsinodaldetamaulipas.com.mx\/index.php?rest_route=\/wp\/v2\/users\/1"}],"replies":[{"embeddable":true,"href":"https:\/\/www.elsinodaldetamaulipas.com.mx\/index.php?rest_route=%2Fwp%2Fv2%2Fcomments&post=216209"}],"version-history":[{"count":1,"href":"https:\/\/www.elsinodaldetamaulipas.com.mx\/index.php?rest_route=\/wp\/v2\/posts\/216209\/revisions"}],"predecessor-version":[{"id":216211,"href":"https:\/\/www.elsinodaldetamaulipas.com.mx\/index.php?rest_route=\/wp\/v2\/posts\/216209\/revisions\/216211"}],"wp:featuredmedia":[{"embeddable":true,"href":"https:\/\/www.elsinodaldetamaulipas.com.mx\/index.php?rest_route=\/wp\/v2\/media\/216210"}],"wp:attachment":[{"href":"https:\/\/www.elsinodaldetamaulipas.com.mx\/index.php?rest_route=%2Fwp%2Fv2%2Fmedia&parent=216209"}],"wp:term":[{"taxonomy":"category","embeddable":true,"href":"https:\/\/www.elsinodaldetamaulipas.com.mx\/index.php?rest_route=%2Fwp%2Fv2%2Fcategories&post=216209"},{"taxonomy":"post_tag","embeddable":true,"href":"https:\/\/www.elsinodaldetamaulipas.com.mx\/index.php?rest_route=%2Fwp%2Fv2%2Ftags&post=216209"}],"curies":[{"name":"wp","href":"https:\/\/api.w.org\/{rel}","templated":true}]}}