{"id":216215,"date":"2025-12-12T21:53:55","date_gmt":"2025-12-13T01:53:55","guid":{"rendered":"https:\/\/www.elsinodaldetamaulipas.com.mx\/?p=216215"},"modified":"2025-12-12T21:54:22","modified_gmt":"2025-12-13T01:54:22","slug":"nuevo-laredo-ordenando-el-futuro","status":"publish","type":"post","link":"https:\/\/www.elsinodaldetamaulipas.com.mx\/?p=216215","title":{"rendered":"NUEVO LAREDO ORDENANDO EL FUTURO"},"content":{"rendered":"<div class=\"post-content\">\n<p>#DESDELAFRONTERA<\/p>\n<p>POR #PEDRONATIVIDAD<\/p>\n<p>&nbsp;<\/p>\n<p>En Nuevo Laredo, mientras algunos gobiernos apenas entienden la palabra \u201cprioridad\u201d, aqu\u00ed ya\u00a0se est\u00e1\u00a0en otro nivel,\u00a0es\u00a0el motor de desarrollo de Tamaulipas, el municipio que marca pauta nacional, el que convierte los discursos en resultados y los compromisos en acciones visibles. Y en educaci\u00f3n\u2026 ni se diga. Se ha convertido en\u00a0ejemplo, modelo y referencia obligada.<\/p>\n<p>Este jueves volvi\u00f3 a quedar claro con la entrega de 840 tabletas electr\u00f3nicas del programa Excelencia Digital, un impulso directo a ni\u00f1as, ni\u00f1os y j\u00f3venes que destacaron por su desempe\u00f1o acad\u00e9mico. No es un regalo, es un reconocimiento. No es un acto aislado, es parte de una visi\u00f3n.\u00a0Y,\u00a0sobre todo, no es casualidad,\u00a0es la huella de un gobierno que sabe hacia d\u00f3nde va.<\/p>\n<p>Al frente de esta iniciativa estuvo la alcaldesa Carmen Lilia\u00a0Canturosas\u00a0Villarreal, la mujer que, con firmeza y sensibilidad, ha puesto la educaci\u00f3n como piedra angular de su administraci\u00f3n. Porque para ella,\u00a0y para este gobierno,\u00a0educar no es una estad\u00edstica,\u00a0es un acto de justicia social, de movilidad, de futuro.<\/p>\n<p>Y ah\u00ed est\u00e1n los hechos. M\u00e1s de 4 millones 638 mil pesos invertidos en tecnolog\u00eda para estudiantes de primaria y secundaria. Tabletas Samsung Galaxy\u00a0Tab\u00a0A9+, no cualquier cosa, herramientas reales para competir, aprender, crecer y romper l\u00edmites. Nuevo Laredo no entrega promesas,\u00a0entrega oportunidades.<\/p>\n<p>Pero este programa no vive solo. Forma parte de una pol\u00edtica educativa integral que ha distinguido a esta administraci\u00f3n,\u00a0infraestructura digna, becas, transporte escolar, gu\u00edas, kits de jardiner\u00eda, bono para maestros, apoyos complementarios\u2026 Una cadena de esfuerzos que, juntos, elevan la calidad del entorno escolar y dignifican el camino de quienes se preparan para el ma\u00f1ana.<\/p>\n<p>Y Carmen Lilia lo dijo con esa mezcla de firmeza y humanidad que la caracteriza,\u00a0\u201cEn Nuevo Laredo estamos convencidos de que la educaci\u00f3n es la herramienta m\u00e1s poderosa para transformar vidas.\u201d<br \/>\nY tiene raz\u00f3n. Aqu\u00ed la educaci\u00f3n no es discurso,\u00a0es acci\u00f3n diaria.<\/p>\n<p>Hoy Nuevo Laredo no solo entreg\u00f3\u00a0tabletas. Entreg\u00f3\u00a0confianza, entrega herramientas, entrega futuro.<\/p>\n<p>ACLARA CCR LEY VAPEADORES<\/p>\n<p>En medio del ruido, las versiones torcidas y los infaltables \u201cexpertos\u201d de Facebook, siempre se agradece que un legislador salga a poner orden, claridad y verdad. Y en este caso, esa voz firme, directa y responsable viene del diputado federal Carlos\u00a0Canturosas, orgullo\u00a0neolaredense\u00a0y uno de los referentes m\u00e1s serios dentro de la C\u00e1mara de Diputados.<\/p>\n<p>El legislador sali\u00f3 a aclarar un tema que ha generado pol\u00e9mica, memes y hasta alarmismo barato, la reforma impulsada por la presidenta Claudia Sheinbaum para regular y prohibir los cigarrillos electr\u00f3nicos y vapeadores. Desde septiembre, cuando la iniciativa lleg\u00f3 al pleno, se solt\u00f3 la desinformaci\u00f3n como si fuera confeti, asegurando que se pretend\u00eda criminalizar a quienes consumen vapeadores.<\/p>\n<p>Y\u00a0Canturosas\u00a0lo dijo tal cual, sin rodeos, \u201cEsto es totalmente falso, no\u00a0se va a meter a la c\u00e1rcel por fumar o usar un vapeador\u201d.<br \/>\nLa iniciativa no va contra las personas. No es persecuci\u00f3n ni castigo. Es un tema de salud p\u00fablica, un intento por poner orden en un mercado que ha crecido sin control, donde muchos j\u00f3venes consumen productos sin regulaci\u00f3n, sin evidencia de seguridad y sin informaci\u00f3n real sobre sus riesgos.<\/p>\n<p>Las sanciones,\u00a0as\u00ed lo explic\u00f3 el diputado,\u00a0se dirigen a quienes fabrican, venden o publicitan estos productos sin control. Es decir, a quienes lucran con la salud de millones, no a quienes consumen\u2026\u00a0\u00bfQu\u00e9,\u00a0no?\u00a0Nos leemos.<br \/>\nComentarios:\u00a0<a href=\"mailto:pedropnatividad@gmail.com\" target=\"_blank\" rel=\"noreferrer noopener\">pedropnatividad@gmail.com<\/a><\/p>\n<\/div>\n","protected":false},"excerpt":{"rendered":"<p>#DESDELAFRONTERA POR #PEDRONATIVIDAD &nbsp; En Nuevo Laredo, mientras algunos gobiernos apenas entienden la palabra \u201cprioridad\u201d, aqu\u00ed ya\u00a0se est\u00e1\u00a0en otro nivel,\u00a0es\u00a0el motor de desarrollo de Tamaulipas, el municipio que marca pauta nacional, el que convierte los discursos en resultados y los compromisos en acciones visibles. Y en educaci\u00f3n\u2026 ni se diga. Se ha convertido en\u00a0ejemplo, modelo [&hellip;]<\/p>\n","protected":false},"author":1,"featured_media":216216,"comment_status":"closed","ping_status":"closed","sticky":false,"template":"","format":"standard","meta":{"footnotes":""},"categories":[16],"tags":[],"class_list":["post-216215","post","type-post","status-publish","format-standard","has-post-thumbnail","hentry","category-opinion"],"_links":{"self":[{"href":"https:\/\/www.elsinodaldetamaulipas.com.mx\/index.php?rest_route=\/wp\/v2\/posts\/216215","targetHints":{"allow":["GET"]}}],"collection":[{"href":"https:\/\/www.elsinodaldetamaulipas.com.mx\/index.php?rest_route=\/wp\/v2\/posts"}],"about":[{"href":"https:\/\/www.elsinodaldetamaulipas.com.mx\/index.php?rest_route=\/wp\/v2\/types\/post"}],"author":[{"embeddable":true,"href":"https:\/\/www.elsinodaldetamaulipas.com.mx\/index.php?rest_route=\/wp\/v2\/users\/1"}],"replies":[{"embeddable":true,"href":"https:\/\/www.elsinodaldetamaulipas.com.mx\/index.php?rest_route=%2Fwp%2Fv2%2Fcomments&post=216215"}],"version-history":[{"count":1,"href":"https:\/\/www.elsinodaldetamaulipas.com.mx\/index.php?rest_route=\/wp\/v2\/posts\/216215\/revisions"}],"predecessor-version":[{"id":216217,"href":"https:\/\/www.elsinodaldetamaulipas.com.mx\/index.php?rest_route=\/wp\/v2\/posts\/216215\/revisions\/216217"}],"wp:featuredmedia":[{"embeddable":true,"href":"https:\/\/www.elsinodaldetamaulipas.com.mx\/index.php?rest_route=\/wp\/v2\/media\/216216"}],"wp:attachment":[{"href":"https:\/\/www.elsinodaldetamaulipas.com.mx\/index.php?rest_route=%2Fwp%2Fv2%2Fmedia&parent=216215"}],"wp:term":[{"taxonomy":"category","embeddable":true,"href":"https:\/\/www.elsinodaldetamaulipas.com.mx\/index.php?rest_route=%2Fwp%2Fv2%2Fcategories&post=216215"},{"taxonomy":"post_tag","embeddable":true,"href":"https:\/\/www.elsinodaldetamaulipas.com.mx\/index.php?rest_route=%2Fwp%2Fv2%2Ftags&post=216215"}],"curies":[{"name":"wp","href":"https:\/\/api.w.org\/{rel}","templated":true}]}}