{"id":216218,"date":"2025-12-12T22:01:12","date_gmt":"2025-12-13T02:01:12","guid":{"rendered":"https:\/\/www.elsinodaldetamaulipas.com.mx\/?p=216218"},"modified":"2025-12-12T22:01:30","modified_gmt":"2025-12-13T02:01:30","slug":"crearan-un-fonden-estatal","status":"publish","type":"post","link":"https:\/\/www.elsinodaldetamaulipas.com.mx\/?p=216218","title":{"rendered":"CREAR\u00c1N UN FONDEN ESTATAL"},"content":{"rendered":"<div class=\"post-content\">\n<p>AN\u00c1LISIS Y COMENTARIO<\/p>\n<p>Por: Christopher\u2026Mora.<\/p>\n<p>-Quieren cerrar la Preparatoria \u201cMedina Cedillo\u201d.<br \/>\n-Hist\u00f3rico convenio UAT-Burocracia Estatal.<br \/>\n-Con una gran visi\u00f3n preventiva ante los da\u00f1os y consecuencias de un posible<br \/>\ndesastre natural que afecte a miles de familias, el Gobernador Am\u00e9rico<br \/>\nVillarreal Anaya ha enviado al Congreso de Tamaulipas una iniciativa para<br \/>\ncrear oficialmente un Fondo Estatal de Protecci\u00f3n Civil, Fondos Municipales<br \/>\nObligatorios y un sistema de certificaci\u00f3n profesional, adem\u00e1s un sistema muy<br \/>\ntransparente que evite la politizaci\u00f3n en la entrega de apoyos a las familias<br \/>\ndurante emergencias.<br \/>\nRecordemos que en el sexenio de AMLO se cancel\u00f3 el FONDEN a nivel<br \/>\nfederal.<br \/>\nSi embargo hoy ante la imperiosa necesidad de que el Estado brinde el apoyo<br \/>\nnecesario y oportuno a quienes sufran por alguna contingencia natural en sus<br \/>\nbienes o sus personas y tomando en cuenta el historial de inundaciones y<br \/>\nhuracanes que han afectado al estado de Tamaulipas, es que se plante\u00f3 la<br \/>\ncreaci\u00f3n de este FONDEN Estatal.<br \/>\nEsta iniciativa se\u00f1ala que cada ayuntamiento deber\u00e1 de crear un Fondo<br \/>\nMunicipal para disponer de los recursos inmediatos y suficientes que<br \/>\ngaranticen una respuesta ante cualquier emergencia.<br \/>\nLa propuesta del Gobernador Am\u00e9rico Villarreal para la creaci\u00f3n de la nueva<br \/>\nLey de Protecci\u00f3n Civil Estatal, ya est\u00e1 en el Congreso del Estado y en unos<br \/>\nd\u00edas m\u00e1s habr\u00e1 de ser votada y seguramente aprobada por unanimidad de los<br \/>\nDiputados, que NO deber\u00e1n ante poner colores o siglas partidistas a esta<br \/>\niniciativa del Ejecutivo Estatal.<\/p>\n<p>-En la zona sur espec\u00edficamente en Tampico existe una gran pol\u00e9mica porque<br \/>\nlos miembros del Cabildo acordaron el cierre inmediato y definitivo de una de<br \/>\nlas preparatorias m\u00e1s emblem\u00e1ticas de la zona conurbada.<br \/>\nMe refiero a la Preparatoria \u201cFrancisco Medina Cedillo\u201d, que lleva 75 a\u00f1os<br \/>\nforjando la educaci\u00f3n de miles de j\u00f3venes y muchos de ellos se han<br \/>\ndistinguido por ser grandes m\u00e9dicos, abogados, maestros y empresarios entre<br \/>\notras \u00e1reas productivas.<br \/>\nEl ambiente entre Directivos, maestros, padre de familia, alumnos de la Prepa<br \/>\n\u201cMedina Cedillo\u201d y los miembros del cabildo se tens\u00f3 cuando los llamados<br \/>\n\u201crepresentantes ciudadanos\u201d (regidores y s\u00edndicos), lanzaron un ultim\u00e1tum de<br \/>\ndesalojo a la Preparatoria en menci\u00f3n para el \u00faltimo d\u00eda de diciembre.<br \/>\nLo que quiz\u00e1 desconocen los integrantes del cabildo es que existe un<br \/>\nCOMODATO con una vigencia de cien a\u00f1os y que se renov\u00f3 hace 15<br \/>\naproximadamente.<br \/>\nLa autoridad municipal quiere hacerse de esta manera del edificio para abrir<br \/>\nun CBTIs.<br \/>\nY adem\u00e1s ha dispuesto que la Preparatoria y su Patronato liquiden ya los<br \/>\nsalarios de maestros, empleados administrativos y de intendencia.<br \/>\nPor su parte los amenazados con el desalojo solicitan que la presidencia<br \/>\nmunicipal al menos permita terminar sus seis semestres a los alumnos que<br \/>\nacaba de ingresar.<br \/>\nAlgunas voces sugieren que la presidencia municipal mejor renueve cuando<br \/>\nmenos un piso del Antiguo Hospital Civil y asienten la nueva escuela en esa<br \/>\ninmueble, que incluso est\u00e1 a menos de 300 metros de la Medina Cedillo.<br \/>\nY la sociedad se pregunta:<br \/>\n\u00bfQu\u00e9 intereses tan poderosos en el Ayuntamiento de Tampico hay detr\u00e1s de<br \/>\neste intento de desalojo en contra de una hist\u00f3rica y reconocida instituci\u00f3n<br \/>\neducativa?<\/p>\n<p>Vamos a ver si esta administraci\u00f3n municipal analiza los saldos negativos que<br \/>\nles dejar\u00e1 esta decisi\u00f3n o enmiendan su actitud y demuestran que son de<br \/>\nverdad un gobierno \u201chumanista\u201d.<\/p>\n<p>-Este viernes se gener\u00f3 una gran noticia para los cientos de familias que<br \/>\nconforman el Sindicato \u00danico de Trabajadores al Servicio de los Poderes del<br \/>\nEstado de Tamaulipas y Organismos P\u00fablicos Descentralizados, mejor<br \/>\nconocido por sus siglas como el SUTSPET y que liderea mi amiga la<br \/>\nLicenciada Blanca Valles Rodr\u00edguez, del meritito Villagr\u00e1n Tamaulipas.<br \/>\nBueno dirigente de la burocracia estatal firm\u00f3 un prometedor convenio con el<br \/>\nRector de la Universidad Aut\u00f3noma de Tamaulipas, que establece un amplio<br \/>\nesquema de becas, capacitaci\u00f3n y apoyos educativos en beneficio de<br \/>\ntrabajadores sindicalizados y sus hijos, en un hecho que NO tiene precedentes<br \/>\ny que demuestra la madurez acad\u00e9mica y pol\u00edtica de ambas instituciones.<br \/>\nEl acuerdo contempla la asignaci\u00f3n de 600 becas del 25 % de descuento en<br \/>\ninscripci\u00f3n para nivel licenciatura; as\u00ed como un 20 % en inscripciones al<br \/>\nCentro Universitario de Idiomas (CeU Idiomas) y al Centro de Idiomas para la<br \/>\nNi\u00f1ez y la Adolescencia (CEINA). Incluye tambi\u00e9n becas del 25 % para<br \/>\ncursos, diplomados y posgrados dirigidos tanto a trabajadores como a sus hijos<br \/>\nque mantengan un promedio m\u00ednimo de 8.5.<br \/>\nAdicionalmente, la Universidad pone a disposici\u00f3n sus cursos y programas de<br \/>\nactualizaci\u00f3n que respondan a las necesidades formativas identificadas por el<br \/>\nsindicato.<br \/>\nEsta novedosa alianza entre la UAT y el SUTSPET, permitir\u00e1 que la presencia<br \/>\nde la M\u00e1xima Casa de estudios llegue a m\u00e1s hogares de Tamaulipas y por otra<br \/>\nparte los trabajadores al servicio del estado de Tamaulipas aseguran el ingreso<br \/>\nde sus hijos a estudios de licenciatura y con beneficios y apoyos muy<br \/>\nsignificativos.<br \/>\nEn hora buena para el SUTSPET y la UAT.<br \/>\nHasta aqu\u00ed mi An\u00e1lisis y Comentario.<br \/>\nSoy su amigo: Christopher\u2026 Mora.<\/p>\n<p>Comentarios y sugerencias a: victam63@yahoo.com.mx<br \/>\nY tambi\u00e9n lo invito a que visite mi p\u00e1gina de Facebook:<br \/>\n\u201cAn\u00e1lisis y Comentario\u201d.<\/p>\n<\/div>\n<div class=\"post-tags-box\">\n<ul class=\"tags-box\">\n<li><\/li>\n<\/ul>\n<\/div>\n","protected":false},"excerpt":{"rendered":"<p>AN\u00c1LISIS Y COMENTARIO Por: Christopher\u2026Mora. -Quieren cerrar la Preparatoria \u201cMedina Cedillo\u201d. -Hist\u00f3rico convenio UAT-Burocracia Estatal. -Con una gran visi\u00f3n preventiva ante los da\u00f1os y consecuencias de un posible desastre natural que afecte a miles de familias, el Gobernador Am\u00e9rico Villarreal Anaya ha enviado al Congreso de Tamaulipas una iniciativa para crear oficialmente un Fondo Estatal [&hellip;]<\/p>\n","protected":false},"author":1,"featured_media":216219,"comment_status":"closed","ping_status":"closed","sticky":false,"template":"","format":"standard","meta":{"footnotes":""},"categories":[16],"tags":[],"class_list":["post-216218","post","type-post","status-publish","format-standard","has-post-thumbnail","hentry","category-opinion"],"_links":{"self":[{"href":"https:\/\/www.elsinodaldetamaulipas.com.mx\/index.php?rest_route=\/wp\/v2\/posts\/216218","targetHints":{"allow":["GET"]}}],"collection":[{"href":"https:\/\/www.elsinodaldetamaulipas.com.mx\/index.php?rest_route=\/wp\/v2\/posts"}],"about":[{"href":"https:\/\/www.elsinodaldetamaulipas.com.mx\/index.php?rest_route=\/wp\/v2\/types\/post"}],"author":[{"embeddable":true,"href":"https:\/\/www.elsinodaldetamaulipas.com.mx\/index.php?rest_route=\/wp\/v2\/users\/1"}],"replies":[{"embeddable":true,"href":"https:\/\/www.elsinodaldetamaulipas.com.mx\/index.php?rest_route=%2Fwp%2Fv2%2Fcomments&post=216218"}],"version-history":[{"count":1,"href":"https:\/\/www.elsinodaldetamaulipas.com.mx\/index.php?rest_route=\/wp\/v2\/posts\/216218\/revisions"}],"predecessor-version":[{"id":216220,"href":"https:\/\/www.elsinodaldetamaulipas.com.mx\/index.php?rest_route=\/wp\/v2\/posts\/216218\/revisions\/216220"}],"wp:featuredmedia":[{"embeddable":true,"href":"https:\/\/www.elsinodaldetamaulipas.com.mx\/index.php?rest_route=\/wp\/v2\/media\/216219"}],"wp:attachment":[{"href":"https:\/\/www.elsinodaldetamaulipas.com.mx\/index.php?rest_route=%2Fwp%2Fv2%2Fmedia&parent=216218"}],"wp:term":[{"taxonomy":"category","embeddable":true,"href":"https:\/\/www.elsinodaldetamaulipas.com.mx\/index.php?rest_route=%2Fwp%2Fv2%2Fcategories&post=216218"},{"taxonomy":"post_tag","embeddable":true,"href":"https:\/\/www.elsinodaldetamaulipas.com.mx\/index.php?rest_route=%2Fwp%2Fv2%2Ftags&post=216218"}],"curies":[{"name":"wp","href":"https:\/\/api.w.org\/{rel}","templated":true}]}}