{"id":216221,"date":"2025-12-12T22:33:54","date_gmt":"2025-12-13T02:33:54","guid":{"rendered":"https:\/\/www.elsinodaldetamaulipas.com.mx\/?p=216221"},"modified":"2025-12-12T22:33:54","modified_gmt":"2025-12-13T02:33:54","slug":"todos-los-mexicanos-somos-guadalupanos","status":"publish","type":"post","link":"https:\/\/www.elsinodaldetamaulipas.com.mx\/?p=216221","title":{"rendered":"TODOS LOS MEXICANOS SOMOS GUADALUPANOS"},"content":{"rendered":"<div class=\"post-content\">\n<p>AGENDA POL\u00cdTICA<\/p>\n<p>Por: Juan Antonio Lerma<\/p>\n<p><strong>\u25cf La Virgen y la Noche buena<\/strong><br \/>\n<strong>\u25cf Refuerza Patty servicios p\u00fablicos<\/strong><\/p>\n<p>En M\u00e9xico, Estados Unidos, Filipinas y en muchos otros lugares del mundo, el 12 de diciembre de cada a\u00f1o se celebra el d\u00eda de la Virgen de Guadalupe, en honor de la imagen que tiene la tradici\u00f3n cat\u00f3lica m\u00e1s importante y con mayor culto en nuestro pa\u00eds.<br \/>\nConsiderada la patrona de todo M\u00e9xico y emperatriz de las Am\u00e9ricas, el d\u00eda de la Virgen de Guadalupe es uno de los grandes acontecimientos, y una excusa m\u00e1s que perfecta para disfrutar de un M\u00e9xico en estado puro.<br \/>\nLos festejos guadalupanos, que culminan el 12 de diciembre con el d\u00eda de la Virgen de Guadalupe, marcan el inicio de la temporada navide\u00f1a.<br \/>\nPoco despu\u00e9s, comienzan las posadas del 16 al 24 de diciembre, y toda la preparaci\u00f3n culmina con la Nochebuena 24 de diciembre y el d\u00eda de Navidad -25 de diciembre.<br \/>\nDe tal manera que ya es tiempo de ir planeando c\u00f3mo vamos a celebrar la Nochebuena y la Navidad.<br \/>\nPuede hacer fiesta en casa, con toda la familia. O convivio de compa\u00f1eros de trabajo, vecinos y amigos.<br \/>\nCenar en la noche el tradicional pavo o tamales, o bien, si alcanza para la carne asada. Y recalentado en plena navidad.<br \/>\nTodo es v\u00e1lido y sirve para cohesionar a la familia, para sepultar enconos y amarguras. Pero no se olviden que es el cumple del patr\u00f3n, del Rey de Reyes.<br \/>\nEn general, las navidades se consideran momentos de alegr\u00eda, ilusi\u00f3n, reuni\u00f3n familiar o, al menos, unos d\u00edas para hacer una pausa a finales del a\u00f1o. Sin embargo, tambi\u00e9n hay a quien no le entusiasma tanto diciembre, porque cuando se acercan estas fechas, a veces, se reabre el dolor del duelo o la p\u00e9rdida de seres queridos.<br \/>\nClaro, que por supuesto hay ausencias que duelen, que siempre est\u00e1n presentes en nuestras mentes y corazones, pero hay que seguir con la vida que marca este mundo terrenal.<br \/>\nVaya un rato en familia a su iglesia. No a pedir cosa alguna, sino a dar gracias por lo que tenemos o no tenemos. Y comparta los regalos, los tamales, la carnita asada y los buenos momentos con alguien que no tenga recurso o que est\u00e9 pasando por alguna mala racha.<br \/>\nDeje que los acalerados y alocados pol\u00edticos se agarren del chongo y se piquen los ojos entre ellos.<br \/>\nUsted que todo el a\u00f1o se ha partido la mandarina en gajos para que su familia est\u00e9 bien y no les falte nada. Tiene usted derecho a disfrutar de los d\u00edas navide\u00f1os y as\u00ed, la fiesta tenga sentido.<\/p>\n<p style=\"text-align: center;\">DEL ARCHIVERO\u2026<\/p>\n<p>Nunca antes, Administraci\u00f3n alguna hab\u00eda invertido recursos en la adquisici\u00f3n de unidades operativas para las diversas \u00e1reas del Ayuntamiento, lo que refleja el orden y buen manejo de los recursos p\u00fablicos, la transparencia y compromiso que se tiene con ciudad Mante por parte de la alcaldesa, PATTY CH\u00cdO.<br \/>\nEsto sucede a casi 20 a\u00f1os de que se compr\u00f3 el cami\u00f3n mas reciente en el \u00e1rea de recolecci\u00f3n de basura, en servicios p\u00fablicos (2008).<br \/>\nDesde entonces, ning\u00fan alcalde hab\u00eda invertido en ese rubro.<br \/>\nAl entregar 3 nuevas unidades y una m\u00e1s que don\u00f3 Pemex (camiones recolectores de basura) como parte de las gestiones de la alcaldesa y la adquisici\u00f3n de un cami\u00f3n pluma para rehabilitar el alumbrado, se reitera el orden financiero, el compromiso y trabajo que se realiza en el Ayuntamiento, lo que permite que se cuente con m\u00e1s veh\u00edculos en el \u00e1rea de servicios p\u00fablicos y poder brindar mejores resultados a la poblaci\u00f3n.<br \/>\nEn el \u00e1rea de alumbrado p\u00fablico, se contaba con un cami\u00f3n pluma con m\u00e1s de 20 a\u00f1os de existencia, lo cual no permit\u00eda avanzar en la rehabilitaci\u00f3n de la red del alumbrado p\u00fablico. Hoy, no hay pretextos para que en servicios p\u00fablicos salgan conque no tienen herramientas y ni equipo. Est\u00e1n obligados a dar verdaderos resultados a la ciudadan\u00eda porque la alcaldesa est\u00e1 haciendo la parte que le corresponde.<br \/>\nCambiando de municipio, le comentamos que dada a su vasta experiencia en el servicio p\u00fablico, la alcaldesa de Xicot\u00e9nctl, MARIELA L\u00d3PEZ SOSA cierra muy bien el primer a\u00f1o de administraci\u00f3n minicipal.<br \/>\nSe registran importantes avances en obra p\u00fablica, en atenci\u00f3n personalizada a la ciudadan\u00eda en Xicotencatl, pero efectivamente se tiene la esperanza de que el pr\u00f3ximo a\u00f1o vengan cosas buenas para ese vecino municipio, cuya fortaleza econ\u00f3mica fue la industria azucarera.<br \/>\nEn Ocampo, hay mucho que destacar de lo realizado tanto por el alcalde, MELCHOR BUDARTH B\u00c1EZ como de su esposa, MARTHA URESTI DE BUDARTH, al frente del DIF municipal.<br \/>\nEn el tema financiero, un buen manejo y administraci\u00f3n de los recursos que realiza el tesorero, JASIEL SALAS VERA le ha permitido al alcalde BUDARTH B\u00c1EZ cumplir compromisos con la sociedad a la hora de solicitar apoyos para el deporte, para la salud, educaci\u00f3n, entre muchos otros.<br \/>\nY a parte, el vergel tamaulipeco registra importante avance en el tema de obra p\u00fablica, donde se contin\u00faa cumpliendo compromisos con hechos.<br \/>\nPor su respectivo lado, en G\u00f3mez Far\u00edas, el alcalde, FRANK DE LE\u00d3N \u00c1VILA cierra el a\u00f1o 2025 con una estrategia de visitas navide\u00f1as a diferentes colonias y comunidades de su municipio a donde lleva regalos, trenecito, festivales y momentos de alegr\u00eda a chicos y grandes.<br \/>\nConstrucci\u00f3n de losas, apoyos para la vivienda, fomento al deporte, apoyo a la educaci\u00f3n, fomento, al turismo, a la salud y unidad familiar, as\u00ed como cientos de acciones en alumbrado p\u00fablico, en mejoramiento de calles y caminos rurales, entre mucho m\u00e1s, hoy colocan a G\u00f3mez Far\u00edas en la ruta del desarrollo en todos los aspectos.<\/p>\n<p>lerma2002@hotmail.com<\/p>\n<p><img loading=\"lazy\" decoding=\"async\" class=\"aligncenter wp-image-216223 size-full\" src=\"https:\/\/www.elsinodaldetamaulipas.com.mx\/wp-content\/uploads\/2025\/12\/MARCELO-CONDOLENCIA.jpg\" alt=\"\" width=\"894\" height=\"487\" \/><\/p>\n<\/div>\n","protected":false},"excerpt":{"rendered":"<p>AGENDA POL\u00cdTICA Por: Juan Antonio Lerma \u25cf La Virgen y la Noche buena \u25cf Refuerza Patty servicios p\u00fablicos En M\u00e9xico, Estados Unidos, Filipinas y en muchos otros lugares del mundo, el 12 de diciembre de cada a\u00f1o se celebra el d\u00eda de la Virgen de Guadalupe, en honor de la imagen que tiene la tradici\u00f3n [&hellip;]<\/p>\n","protected":false},"author":1,"featured_media":216222,"comment_status":"closed","ping_status":"closed","sticky":false,"template":"","format":"standard","meta":{"footnotes":""},"categories":[16],"tags":[],"class_list":["post-216221","post","type-post","status-publish","format-standard","has-post-thumbnail","hentry","category-opinion"],"_links":{"self":[{"href":"https:\/\/www.elsinodaldetamaulipas.com.mx\/index.php?rest_route=\/wp\/v2\/posts\/216221","targetHints":{"allow":["GET"]}}],"collection":[{"href":"https:\/\/www.elsinodaldetamaulipas.com.mx\/index.php?rest_route=\/wp\/v2\/posts"}],"about":[{"href":"https:\/\/www.elsinodaldetamaulipas.com.mx\/index.php?rest_route=\/wp\/v2\/types\/post"}],"author":[{"embeddable":true,"href":"https:\/\/www.elsinodaldetamaulipas.com.mx\/index.php?rest_route=\/wp\/v2\/users\/1"}],"replies":[{"embeddable":true,"href":"https:\/\/www.elsinodaldetamaulipas.com.mx\/index.php?rest_route=%2Fwp%2Fv2%2Fcomments&post=216221"}],"version-history":[{"count":1,"href":"https:\/\/www.elsinodaldetamaulipas.com.mx\/index.php?rest_route=\/wp\/v2\/posts\/216221\/revisions"}],"predecessor-version":[{"id":216224,"href":"https:\/\/www.elsinodaldetamaulipas.com.mx\/index.php?rest_route=\/wp\/v2\/posts\/216221\/revisions\/216224"}],"wp:featuredmedia":[{"embeddable":true,"href":"https:\/\/www.elsinodaldetamaulipas.com.mx\/index.php?rest_route=\/wp\/v2\/media\/216222"}],"wp:attachment":[{"href":"https:\/\/www.elsinodaldetamaulipas.com.mx\/index.php?rest_route=%2Fwp%2Fv2%2Fmedia&parent=216221"}],"wp:term":[{"taxonomy":"category","embeddable":true,"href":"https:\/\/www.elsinodaldetamaulipas.com.mx\/index.php?rest_route=%2Fwp%2Fv2%2Fcategories&post=216221"},{"taxonomy":"post_tag","embeddable":true,"href":"https:\/\/www.elsinodaldetamaulipas.com.mx\/index.php?rest_route=%2Fwp%2Fv2%2Ftags&post=216221"}],"curies":[{"name":"wp","href":"https:\/\/api.w.org\/{rel}","templated":true}]}}