{"id":216226,"date":"2025-12-13T11:03:24","date_gmt":"2025-12-13T15:03:24","guid":{"rendered":"https:\/\/www.elsinodaldetamaulipas.com.mx\/?p=216226"},"modified":"2025-12-13T11:03:24","modified_gmt":"2025-12-13T15:03:24","slug":"bomberos-salvan-a-menor-atrapada-en-incendio","status":"publish","type":"post","link":"https:\/\/www.elsinodaldetamaulipas.com.mx\/?p=216226","title":{"rendered":"BOMBEROS SALVAN A MENOR ATRAPADA EN INCENDIO"},"content":{"rendered":"<p>Por Julio Manuel Loya Guzm\u00e1n\/EL SINODAL DE TAMAULIPAS<\/p>\n<p>Matamoros, Tamaulipas.\u2014 Una menor estuvo al borde de la muerte la tarde de este viernes luego de quedar atrapada e inconsciente dentro de una vivienda envuelta en llamas en el fraccionamiento Infonavit Los \u00c1ngeles. La oportuna y arriesgada intervenci\u00f3n del Heroico Cuerpo de Bomberos evit\u00f3 que la tragedia tuviera un desenlace fatal.<\/p>\n<p>&nbsp;<\/p>\n<p>El incendio se registr\u00f3 en un domicilio ubicado sobre la calle Poderes, donde vecinos alertaron a los servicios de emergencia y, mientras llegaban las unidades, intentaron sofocar el fuego con cubetas de agua. Para cuando los bomberos arribaron al sitio, la casa ya se encontraba completamente invadida por el fuego y una densa columna de humo.<\/p>\n<p><img loading=\"lazy\" decoding=\"async\" class=\"aligncenter wp-image-216229 size-full\" src=\"https:\/\/www.elsinodaldetamaulipas.com.mx\/wp-content\/uploads\/2025\/12\/APAGAFUEGOS-2.jpg\" alt=\"\" width=\"894\" height=\"487\" srcset=\"https:\/\/www.elsinodaldetamaulipas.com.mx\/wp-content\/uploads\/2025\/12\/APAGAFUEGOS-2.jpg 894w, https:\/\/www.elsinodaldetamaulipas.com.mx\/wp-content\/uploads\/2025\/12\/APAGAFUEGOS-2-300x163.jpg 300w, https:\/\/www.elsinodaldetamaulipas.com.mx\/wp-content\/uploads\/2025\/12\/APAGAFUEGOS-2-768x418.jpg 768w\" sizes=\"auto, (max-width: 894px) 100vw, 894px\" \/><\/p>\n<p>El comandante Gustavo Acu\u00f1a Rangel, quien encabez\u00f3 la primera respuesta, ingres\u00f3 de inmediato al inmueble sin esperar refuerzos. En medio de temperaturas extremas y con visibilidad pr\u00e1cticamente nula, avanz\u00f3 hasta una segunda habitaci\u00f3n, ubicada al fondo del lado izquierdo, donde localiz\u00f3 a la menor Camila, de 16 a\u00f1os de edad, totalmente inconsciente por inhalaci\u00f3n de humo.<\/p>\n<p>&nbsp;<\/p>\n<p>El oficial tom\u00f3 a la menor en brazos y logr\u00f3 sacarla del domicilio. Ya en el exterior, sobre el pavimento, le brind\u00f3 los primeros auxilios para reanimarla, lo que permiti\u00f3 estabilizarla antes de su traslado urgente a un hospital para recibir atenci\u00f3n m\u00e9dica especializada.<\/p>\n<p>&nbsp;<\/p>\n<p>\u201cGracias a Dios llegamos a tiempo; logramos intervenir, hacer la b\u00fasqueda y el rescate. Sin pensarlo dos veces, primero el pr\u00f3jimo y despu\u00e9s nosotros\u201d, declar\u00f3 Acu\u00f1a Rangel, al destacar que arriesgar la vida forma parte del deber de los bomberos.<\/p>\n<p>&nbsp;<\/p>\n<p>Param\u00e9dicos tambi\u00e9n atendieron en el lugar a Guadalupe Genoveva, madre de la menor, quien presentaba quemaduras en las piernas y se encontraba en estado de shock. Tanto ella como la ni\u00f1a fueron trasladadas de emergencia a un hospital.<\/p>\n<p>&nbsp;<\/p>\n<p>El siniestro provoc\u00f3 da\u00f1os significativos en la vivienda afectada y en casas aleda\u00f1as, adem\u00e1s de movilizar a varias corporaciones de emergencia debido al riesgo de propagaci\u00f3n del fuego a domicilios contiguos.<\/p>\n<p><img loading=\"lazy\" decoding=\"async\" class=\"aligncenter wp-image-216230 size-full\" src=\"https:\/\/www.elsinodaldetamaulipas.com.mx\/wp-content\/uploads\/2025\/12\/APAGAFUEGOS-3.jpg\" alt=\"\" width=\"894\" height=\"487\" srcset=\"https:\/\/www.elsinodaldetamaulipas.com.mx\/wp-content\/uploads\/2025\/12\/APAGAFUEGOS-3.jpg 894w, https:\/\/www.elsinodaldetamaulipas.com.mx\/wp-content\/uploads\/2025\/12\/APAGAFUEGOS-3-300x163.jpg 300w, https:\/\/www.elsinodaldetamaulipas.com.mx\/wp-content\/uploads\/2025\/12\/APAGAFUEGOS-3-768x418.jpg 768w\" sizes=\"auto, (max-width: 894px) 100vw, 894px\" \/><\/p>\n<p>Tras las investigaciones correspondientes, autoridades confirmaron que el incendio se origin\u00f3 por una veladora encendida en la planta baja del inmueble. M\u00e1s tarde, m\u00e9dicos reportaron que la menor, identificada como Camila, se encontraba estable y fuera de peligro.<\/p>\n<p style=\"text-align: center;\"><strong>GRANADOS FELICITA A BOMBEROS Y VECINOS<\/strong><\/p>\n<p>El alcalde de Matamoros, Jos\u00e9 Alberto Granados, reconoci\u00f3 la r\u00e1pida actuaci\u00f3n del Heroico Cuerpo de Bomberos y destac\u00f3 la labor del comandante Acu\u00f1a Rangel durante el voraz incendio.<\/p>\n<p>&nbsp;<\/p>\n<p>\u201cMe siento contento por la pronta respuesta del Heroico Cuerpo de Bomberos y de nuestro comandante, a quien en su momento haremos un reconocimiento\u201d, expres\u00f3 el edil.<\/p>\n<p>&nbsp;<\/p>\n<p>Asimismo, el alcalde resalt\u00f3 la participaci\u00f3n de los vecinos del sector, cuya intervenci\u00f3n inicial fue clave para evitar que el incendio derivara en una tragedia mayor.<\/p>\n","protected":false},"excerpt":{"rendered":"<p>Por Julio Manuel Loya Guzm\u00e1n\/EL SINODAL DE TAMAULIPAS Matamoros, Tamaulipas.\u2014 Una menor estuvo al borde de la muerte la tarde de este viernes luego de quedar atrapada e inconsciente dentro de una vivienda envuelta en llamas en el fraccionamiento Infonavit Los \u00c1ngeles. La oportuna y arriesgada intervenci\u00f3n del Heroico Cuerpo de Bomberos evit\u00f3 que la [&hellip;]<\/p>\n","protected":false},"author":1,"featured_media":216228,"comment_status":"closed","ping_status":"closed","sticky":false,"template":"","format":"standard","meta":{"footnotes":""},"categories":[1,3],"tags":[],"class_list":["post-216226","post","type-post","status-publish","format-standard","has-post-thumbnail","hentry","category-portada","category-tamaulipas"],"_links":{"self":[{"href":"https:\/\/www.elsinodaldetamaulipas.com.mx\/index.php?rest_route=\/wp\/v2\/posts\/216226","targetHints":{"allow":["GET"]}}],"collection":[{"href":"https:\/\/www.elsinodaldetamaulipas.com.mx\/index.php?rest_route=\/wp\/v2\/posts"}],"about":[{"href":"https:\/\/www.elsinodaldetamaulipas.com.mx\/index.php?rest_route=\/wp\/v2\/types\/post"}],"author":[{"embeddable":true,"href":"https:\/\/www.elsinodaldetamaulipas.com.mx\/index.php?rest_route=\/wp\/v2\/users\/1"}],"replies":[{"embeddable":true,"href":"https:\/\/www.elsinodaldetamaulipas.com.mx\/index.php?rest_route=%2Fwp%2Fv2%2Fcomments&post=216226"}],"version-history":[{"count":2,"href":"https:\/\/www.elsinodaldetamaulipas.com.mx\/index.php?rest_route=\/wp\/v2\/posts\/216226\/revisions"}],"predecessor-version":[{"id":216231,"href":"https:\/\/www.elsinodaldetamaulipas.com.mx\/index.php?rest_route=\/wp\/v2\/posts\/216226\/revisions\/216231"}],"wp:featuredmedia":[{"embeddable":true,"href":"https:\/\/www.elsinodaldetamaulipas.com.mx\/index.php?rest_route=\/wp\/v2\/media\/216228"}],"wp:attachment":[{"href":"https:\/\/www.elsinodaldetamaulipas.com.mx\/index.php?rest_route=%2Fwp%2Fv2%2Fmedia&parent=216226"}],"wp:term":[{"taxonomy":"category","embeddable":true,"href":"https:\/\/www.elsinodaldetamaulipas.com.mx\/index.php?rest_route=%2Fwp%2Fv2%2Fcategories&post=216226"},{"taxonomy":"post_tag","embeddable":true,"href":"https:\/\/www.elsinodaldetamaulipas.com.mx\/index.php?rest_route=%2Fwp%2Fv2%2Ftags&post=216226"}],"curies":[{"name":"wp","href":"https:\/\/api.w.org\/{rel}","templated":true}]}}