{"id":217525,"date":"2026-01-16T21:32:54","date_gmt":"2026-01-17T01:32:54","guid":{"rendered":"https:\/\/www.elsinodaldetamaulipas.com.mx\/?p=217525"},"modified":"2026-01-16T21:32:54","modified_gmt":"2026-01-17T01:32:54","slug":"otra-vez-un-escenario-incierto-para-las-mujeres","status":"publish","type":"post","link":"https:\/\/www.elsinodaldetamaulipas.com.mx\/?p=217525","title":{"rendered":"OTRA VEZ UN ESCENARIO INCIERTO PARA LAS MUJERES"},"content":{"rendered":"<div class=\"post-content\">\n<p>Con la llegada de Claudia Sheinbaum a la presidencia de la Rep\u00fablica las mujeres se han tragado la idea de que cada vez \u201cavanzan\u201d m\u00e1s en la pol\u00edtica, tan es as\u00ed que no han reparado en como en ocasiones las ningunean los partidos, las utilizan y hasta se dan el lujo de enga\u00f1arlas poniendo de candidatas a puestos de elecci\u00f3n popular a algunas cuyo m\u00e9rito m\u00e1s grande es ser la amante de alguien importante, abrir las piernas en forma veloz, ser la esposa o ex esposa del cacique en turno o, en su defecto, la hermana o hija de alg\u00fan pol\u00edtico o funcionario partidista o de gobierno de alto nivel y sino tambi\u00e9n les vale el ser parte de una familia poderosa, obvio, con sus excepciones que confirman esta regla.<\/p>\n<p>En casi todos los partidos pol\u00edticos sucede pr\u00e1cticamente lo mismo, el poder no se comparte ni se reparte, siguen siendo las mismas familias las que lo detentan y si se ampl\u00eda poquito es nom\u00e1s por el coraz\u00f3n apoyado en la cartera y el poder que tienen algunos pr\u00f3ceres de la pol\u00edtica.<\/p>\n<p>Son muy pocas las mujeres que realmente tienen poder adquirido por m\u00e9ritos propios y de esas todav\u00eda son menos las que tratan de ser solidarias con su g\u00e9nero, la gran mayor\u00eda tienen en su c\u00edrculo cercano a hombres o de plano triunfan y mueren solas, solo hacen equipo por circunstancias laborales o de actividad que les toque desempe\u00f1ar.<\/p>\n<p>Ciertamente las mujeres se lo merecen todo, pero lo \u00fanico que les damos son palabras bonitas, cada que se puede en la pol\u00edtica se les frena.<\/p>\n<p>Claro, hay mujeres que son el ejemplo de lo que decimos querer, que se abren las puertas del \u00e9xito en base a su trabajo, que entienden que la inteligencia y sagacidad no tiene g\u00e9nero, que le gritan a sus partidos pol\u00edticos cuando las ningunean o tratan de enga\u00f1arlas, hay mujeres que son admirables pero siguen siendo muy poquitas en un lugar donde las queremos a todas, aqu\u00ed en Tamaulipas tenemos muchos ejemplos, por lo menos cinco de ellas quieren la gubernatura, con posibilidades reales, ap\u00fantelas de una vez, Tan\u00eda Contreras, que es presidenta del Supremo Tribunal de Justicia; la Senadora Olga Sosa; la presidenta municipal de Nuevo Laredo, Carmen Lilia Cant\u00fa Rosas; la Secretaria de Bienestar Silvia Casas y podr\u00eda cerrar la lista Maky Ortiz que tambi\u00e9n es Senadora y que El Verde ya propuso de candidata a ese cargo, le reitero, todas con posibilidades reales, unas m\u00e1s que otras, pero no tan lejos, es m\u00e1s, la situaci\u00f3n est\u00e1 tan competida entre ellas que nadie se sorprender\u00e1 con el nombre de la elegida, si es que toca g\u00e9nero femenino en Tamaulipas, porque esa es otra situaci\u00f3n y para all\u00e1 vamos.<\/p>\n<p>Mire, la realidad es que los hombres tamaulipecos metidos a la pol\u00edtica otra vez andan brincando en una pata, se enteraron que all\u00e1 en San Luis Potos\u00ed, que es otra Entidad que jam\u00e1s ha sido gobernada por una mujer, le dieron para atr\u00e1s a una propuesta del obligar a los partidos pol\u00edticos a postular mujeres, el mismo gobernador tuvo que vetar la ley ante la controversia que gener\u00f3 porque todos presumen que la impulsaba buscando menos competencia electoral para su esposa que ser\u00e1 la candidata de su partido, El Verde.<\/p>\n<p>La realidad es que, por donde se le quiera ver, con la decisi\u00f3n de vetar esa ley que le garantizaba la gubernatura a las del g\u00e9nero femenino, las que pierden son las mujeres, se les deja de asegurar el espacio, aunque se haya actuado de la mejor manera al frenar una reforma que el mismo gobernador hab\u00eda propuesto y tuvo que eliminarla porque la ley ya hab\u00eda sido atacada hasta por la presidencia de la Rep\u00fablica que pretend\u00eda ordenar una revisi\u00f3n constitucional de la misma, preguntar si no atentaba contra otros derechos, es decir, tarde o temprano iba a derrumbarse.<\/p>\n<p>Y yo le insisto ante esa situaci\u00f3n, otra vez el panorama esta incierto para las mujeres en Tamaulipas, si da gusto verlas trabajar un chingo, pero los hombres siguen pensando que todav\u00eda no est\u00e1 dicha la \u00faltima palabra y en esos desencuentros los resultados son impredecibles, a menos, eso s\u00ed, que todas las mujeres se unan y propongan una sola candidata de tal forma que nadie pueda competir contra ellas y eso, por m\u00e1s fotos y sonrisas que se saquen juntas, todav\u00eda parece imposible en este momento\u2026<\/p>\n<p>IMPULSA STPS TAMAULIPAS INCLUSI\u00d3N LABORAL Y REINSERCI\u00d3N SOCIAL CON RESPALDO INTERINSTITUCIONAL\u2026 La Secretar\u00eda del Trabajo y Previsi\u00f3n Social de Tamaulipas avanza de manera firme en la construcci\u00f3n de una agenda de inclusi\u00f3n laboral, con especial \u00e9nfasis en la reinserci\u00f3n social de personas privadas de la libertad, una pol\u00edtica que consolida al empleo digno como herramienta de transformaci\u00f3n social.<\/p>\n<p>Luis Gerardo Illoldi Reyes, titular de la dependencia estatal, dijo que se ha fortalecido el di\u00e1logo y la coordinaci\u00f3n con el Congreso del Estado y diversas instancias federales y estatales, con el prop\u00f3sito de atender pendientes legislativos y generar condiciones que garanticen derechos laborales plenos, sin distinci\u00f3n de estatus jur\u00eddico.<\/p>\n<p>Refiri\u00f3 que en este esfuerzo, destaca la colaboraci\u00f3n con la Comisi\u00f3n del Trabajo del Congreso local, presidida por la diputada Gabriela Regalado, cuya participaci\u00f3n ha sido clave para impulsar el fomento al empleo penitenciario, una estrategia orientada a dignificar las condiciones laborales de las personas internas y a integrarlas a din\u00e1micas productivas reales.<\/p>\n<p>La STPS ha trabajado en la conformaci\u00f3n de una comisi\u00f3n interinstitucional en la que participan el gobierno federal, el gobierno estatal y el Poder Legislativo, con el objetivo de definir qu\u00e9 tipos de empleos pueden desarrollarse dentro de los centros de reinserci\u00f3n social, garantizando que quienes realicen actividades productivas cuenten con condiciones de trabajo digno, seguridad y derechos laborales.<\/p>\n<p>Se\u00f1al\u00f3 que como parte de esta pol\u00edtica p\u00fablica, la dependencia estatal ha iniciado un proceso de sensibilizaci\u00f3n con el sector empresarial, buscando que las empresas trasladen parte de sus operaciones a los centros penitenciarios, permitiendo que las personas privadas de la libertad se adapten a rutinas laborales formales y adquieran experiencia que facilite su reincorporaci\u00f3n a la vida productiva una vez cumplida su sentencia.<\/p>\n<p>Refiri\u00f3 que en este contexto, la STPS ha sostenido acercamientos con al menos cinco empresas del sector maquilador, dos en Nuevo Laredo, dos en Reynosa y una m\u00e1s en Matamoros, que han manifestado inter\u00e9s en sumarse a este esquema de inclusi\u00f3n laboral. De igual forma, se prev\u00e9 ampliar estas acciones hacia la zona sur del estado, particularmente en el Centro de Reinserci\u00f3n Social de Altamira, cuyas instalaciones cuentan con espacios adecuados para el desarrollo de actividades industriales internas.<\/p>\n<p>Illoldi Reyes refrend\u00f3 el compromiso de la Secretar\u00eda del Trabajo y Previsi\u00f3n Social de colocar al empleo como eje de justicia social, inclusi\u00f3n y desarrollo humano, alineado a la visi\u00f3n de un gobierno humanista y de transformaci\u00f3n, encabezado por el gobernador Am\u00e9rico Villarreal Anaya, que prioriza la dignidad de las personas y la construcci\u00f3n de oportunidades para todas y todos en Tamaulipas<\/p>\n<p>SUPERVISA RECTOR LOS CAMPUS PREVIO AL INICIO DE CLASES EN LA UAT\u2026 Como parte de los preparativos para el inicio del ciclo escolar Primavera 2026-1, que arranca el 19 de enero, el rector de la Universidad Aut\u00f3noma de Tamaulipas (UAT), D\u00e1maso Anaya Alvarado, visit\u00f3 el Centro Universitario Sur (campus Tampico) con el objetivo de verificar que todo est\u00e9 listo para recibir a la comunidad estudiantil.<\/p>\n<p>Durante su estancia, el rector D\u00e1maso Anaya hizo un recorrido por las diversas \u00e1reas en donde constat\u00f3 el funcionamiento y la coordinaci\u00f3n institucional entre las dependencias que integran esta sede universitaria.<\/p>\n<p>Mantuvo un acercamiento directo con el personal administrativo, a quienes salud\u00f3 y reconoci\u00f3 por su compromiso cotidiano, subrayando la importancia de fomentar una gesti\u00f3n cercana que permita atender de primera mano las necesidades de la comunidad universitaria y fortalecer el trabajo colaborativo en beneficio del desarrollo institucional.<\/p>\n<p>El rector reiter\u00f3 la prioridad de seguir fortaleciendo la infraestructura, el equipamiento y los servicios, en atenci\u00f3n al crecimiento sostenido de la matr\u00edcula y a las demandas acad\u00e9micas actuales, con el objetivo de garantizar espacios dignos, funcionales y adecuados para el cumplimiento de las funciones sustantivas de la Universidad.<\/p>\n<p>Destac\u00f3 la importancia de consolidar una agenda de trabajo permanente, que permita dar continuidad a los recorridos por las dependencias universitarias en todo el estado, como parte de una visi\u00f3n integral de planeaci\u00f3n estrat\u00e9gica, crecimiento ordenado y mejora continua.<\/p>\n<p>El rector D\u00e1maso Anaya recorri\u00f3 las oficinas del Edificio Administrativo Central, en donde se encuentran la subsecretar\u00eda general zona sur, servicios escolares, servicio social, cultura y arte, adem\u00e1s de espacios del Aula Magna, la Biblioteca Central, el Centro de Atenci\u00f3n Psicol\u00f3gica, el Instituto de Energ\u00eda, as\u00ed como protecci\u00f3n universitaria, mantenimiento y otras instalaciones del campus.<\/p>\n<p>A trav\u00e9s de este recorrido, se constat\u00f3 el adecuado funcionamiento de dichas \u00e1reas, as\u00ed como su relevancia en el fortalecimiento del bienestar universitario, la atenci\u00f3n integral a la comunidad y el impulso a las actividades acad\u00e9micas, de investigaci\u00f3n y administrativas que se desarrollan en el campus sur.<\/p>\n<p>LLEGA D\u00cdA DEL PUEBLO A EL MIRADOR DE CIUDAD VICTORIA CON SERVICIOS Y BENEFICIOS.CON\u2026 la mesa de audiencia p\u00fablica, servicios gubernamentales y productos a bajo costo, el alcalde de Victoria Lalo Gatt\u00e1s y su esposa Lucy de Gatt\u00e1s visitaron la colonia El Mirador con la jornada D\u00eda del Pueblo.<\/p>\n<p>A nombre de las familias asistentes, la se\u00f1ora Carmen Cruz L\u00f3pez dio calidad bienvenida y reconoci\u00f3 el compromiso con el bienestar de la comunidad, al llevar beneficios en apoyo a la econom\u00eda y soluci\u00f3n a las demandas de la gente que m\u00e1s necesita.<\/p>\n<p>\u201cVenimos con toda la Presidencia Municipal para estar cerca de tu casa, colonia y poder escuchar y atender\u201d dijo Gatt\u00e1s en su mensaje a vecinos de El Mirador y colonias aleda\u00f1as que acudieron al evento celebrado en el \u00e1rea deportiva y de convivencia social.<\/p>\n<p>En los m\u00f3dulos de atenci\u00f3n, la Secretar\u00eda de Bienestar ofreci\u00f3 productos de la canasta b\u00e1sica a bajo costo, lentes y atenci\u00f3n medica; el DIF Municipal donaci\u00f3n de ropa invernal y asesor\u00eda a trav\u00e9s de la Procuradur\u00eda de Atenci\u00f3n ni\u00f1as, ni\u00f1os y adolescentes.<\/p>\n<p>A la jornada, se sum\u00f3 personal de Desarrollo Econ\u00f3mico con bolsa de trabajo, Tesorer\u00eda con descuentos en el pago del impuesto predial, COMAPA con la regularizaci\u00f3n de recibos, Guardia Estatal con pl\u00e1ticas sobre prevenci\u00f3n de violencia familiar y el INEA con opci\u00f3n de cursos de alfabetizaci\u00f3n.<\/p>\n<p>Coloque en el buscador de facebok @CENADeNegros1 y le agradecer\u00e9 que me regale un Me Gusta, adem\u00e1s nos puede seguir en la cuenta de X @gatovaliente y, como siempre, le dejo el correo electr\u00f3nico a sus \u00f3rdenes para lo que guste y mande\u2026\u00a0<a href=\"mailto:marcovazquez20001@hotmail.com\" target=\"_blank\" rel=\"noreferrer noopener\">marcovazquez20001@hotmail.com<\/a><\/p>\n<\/div>\n","protected":false},"excerpt":{"rendered":"<p>Con la llegada de Claudia Sheinbaum a la presidencia de la Rep\u00fablica las mujeres se han tragado la idea de que cada vez \u201cavanzan\u201d m\u00e1s en la pol\u00edtica, tan es as\u00ed que no han reparado en como en ocasiones las ningunean los partidos, las utilizan y hasta se dan el lujo de enga\u00f1arlas poniendo de [&hellip;]<\/p>\n","protected":false},"author":1,"featured_media":216375,"comment_status":"closed","ping_status":"closed","sticky":false,"template":"","format":"standard","meta":{"footnotes":""},"categories":[16],"tags":[],"class_list":["post-217525","post","type-post","status-publish","format-standard","has-post-thumbnail","hentry","category-opinion"],"_links":{"self":[{"href":"https:\/\/www.elsinodaldetamaulipas.com.mx\/index.php?rest_route=\/wp\/v2\/posts\/217525","targetHints":{"allow":["GET"]}}],"collection":[{"href":"https:\/\/www.elsinodaldetamaulipas.com.mx\/index.php?rest_route=\/wp\/v2\/posts"}],"about":[{"href":"https:\/\/www.elsinodaldetamaulipas.com.mx\/index.php?rest_route=\/wp\/v2\/types\/post"}],"author":[{"embeddable":true,"href":"https:\/\/www.elsinodaldetamaulipas.com.mx\/index.php?rest_route=\/wp\/v2\/users\/1"}],"replies":[{"embeddable":true,"href":"https:\/\/www.elsinodaldetamaulipas.com.mx\/index.php?rest_route=%2Fwp%2Fv2%2Fcomments&post=217525"}],"version-history":[{"count":1,"href":"https:\/\/www.elsinodaldetamaulipas.com.mx\/index.php?rest_route=\/wp\/v2\/posts\/217525\/revisions"}],"predecessor-version":[{"id":217526,"href":"https:\/\/www.elsinodaldetamaulipas.com.mx\/index.php?rest_route=\/wp\/v2\/posts\/217525\/revisions\/217526"}],"wp:featuredmedia":[{"embeddable":true,"href":"https:\/\/www.elsinodaldetamaulipas.com.mx\/index.php?rest_route=\/wp\/v2\/media\/216375"}],"wp:attachment":[{"href":"https:\/\/www.elsinodaldetamaulipas.com.mx\/index.php?rest_route=%2Fwp%2Fv2%2Fmedia&parent=217525"}],"wp:term":[{"taxonomy":"category","embeddable":true,"href":"https:\/\/www.elsinodaldetamaulipas.com.mx\/index.php?rest_route=%2Fwp%2Fv2%2Fcategories&post=217525"},{"taxonomy":"post_tag","embeddable":true,"href":"https:\/\/www.elsinodaldetamaulipas.com.mx\/index.php?rest_route=%2Fwp%2Fv2%2Ftags&post=217525"}],"curies":[{"name":"wp","href":"https:\/\/api.w.org\/{rel}","templated":true}]}}