{"id":217530,"date":"2026-01-16T21:55:41","date_gmt":"2026-01-17T01:55:41","guid":{"rendered":"https:\/\/www.elsinodaldetamaulipas.com.mx\/?p=217530"},"modified":"2026-01-16T21:55:41","modified_gmt":"2026-01-17T01:55:41","slug":"negociazo-en-el-tecnologico-de-victoria","status":"publish","type":"post","link":"https:\/\/www.elsinodaldetamaulipas.com.mx\/?p=217530","title":{"rendered":"NEGOCIAZO EN EL TECNOL\u00d3GICO DE VICTORIA"},"content":{"rendered":"<p>AN\u00c1LISIS Y COMENTARIO<\/p>\n<p>por: Christopher\u2026Mora.<\/p>\n<p>-Bur\u00f3cratas reconocen reforma al IPSSET.<br \/>\n-No apoyan al nuevo Fiscal de Tamaulipas.<br \/>\n-Coordinador del IMSS-Bienestar quiere ser alcalde.<br \/>\n-Llegar\u00e1n importantes inversiones a la capital.<br \/>\n-Quienes estuvieron presentes en el evento de la instalaci\u00f3n y toma de protesta<br \/>\nal Consejo Estatal y de nueve Consejos Municipales de Paz y Justicia C\u00edvica,<br \/>\ndesarrollado en los patios del Palacio de Gobierno y que presidi\u00f3 el ejecutivo<br \/>\nestatal Am\u00e9rico Villarreal Anaya, coinciden en se\u00f1alar que la Alcaldesa de<br \/>\nNuevo Laredo Carmen Lilia Caturosas Villarreal, goza del reconocimiento y<br \/>\namistad de muchos de sus pares que acudieron al evento y de la gran mayor\u00eda<br \/>\nde los funcionarios del gabinete.<br \/>\nFueron incontables los saludos, los abrazos y las famosas \u201cselfies\u201d con la<br \/>\npresidenta municipal fronteriza.<br \/>\nY ella, Carmen Lilia, como siempre, sencilla y atenta con quien se le acerca a<br \/>\nsaludarla o a solicitarle alguna gesti\u00f3n.<br \/>\nSabe muy bien la gran responsabilidad que tiene al administrar una de las<br \/>\nciudades fronterizas m\u00e1s importante del pa\u00eds, reconoce que los retos en Nuevo<br \/>\nLaredo son grandes y diversos, pero se mantiene firme, sin que el canto de las<br \/>\nsirenas la distraiga de su diario quehacer.<br \/>\nCarmen Lilia lo ha expresado en diversas ocasiones: \u201cEl apoyo firme del<br \/>\nGobernador Am\u00e9rico Villarreal ha sido y ser\u00e1 fundamental para seguir<br \/>\ntransformando a Nuevo Laredo\u201d.<br \/>\nEl sentido del servicio p\u00fablico lo trae en la sangre y a eso, a eso no se puede<br \/>\nrenunciar.<\/p>\n<p>-Las diversas irregularidades en la administraci\u00f3n del Tecnol\u00f3gico de Ciudad<br \/>\nVictoria, terminaron haci\u00e9ndose p\u00fablicas y no me refiero solo a la protesta que<br \/>\nrealizaron este jueves trabajadores administrativos y personal acad\u00e9mico en<br \/>\ndemanda del pago de sus salarios atrasados.<br \/>\nSe habla en esas quejas de favoritismos, de fallas en la toma de decisiones, por<br \/>\nparte de la Directora Deissy Jessica \u00c1lvarez Vergara y que se reflejan en el<br \/>\ndeterioro de la calidad de la instituci\u00f3n.<br \/>\nOtro tema muy delicado, tiene que ver con una denuncia que nos hicieron<br \/>\nllegar en el sentido de que la Directora est\u00e1 \u201cofertando\u201d la concesi\u00f3n de la<br \/>\ncafeter\u00eda.<br \/>\nY si usted amigo lector est\u00e1 interesado en esa fuente de trabajo, solamente<br \/>\ntiene que poner 150 mil pesos en la mesa en una sola exhibici\u00f3n, para apenas<br \/>\ntener el derecho a entrar en el proceso de \u201clicitaci\u00f3n\u201d y de la renta mensual<br \/>\nesa\u2026esa es otra cantidad.<br \/>\nLo que no aclara la Directora del Tecnol\u00f3gico es si le devolver\u00e1 su dinero, si<br \/>\nes que no usted resulta beneficiado en la famosa \u201clicitaci\u00f3n\u201d.<br \/>\nEs justo aclarar que Jessica \u00c1lvarez cumplir\u00e1 tres a\u00f1os como Directora del<br \/>\nTec. el pr\u00f3ximo mes de febrero.<br \/>\n-En el tema de la amplia burocracia estatal, le comentar\u00e9 que Blanca Valles<br \/>\nRodr\u00edguez, Secretaria General del SUTSPET y Arnulfo Rodr\u00edguez Trevi\u00f1o<br \/>\nSecretario General de la Secci\u00f3n 30 del SNTE, coincidieron en se\u00f1alar que la<br \/>\nreforma que impuls\u00f3 el Gobernador a la Ley del IPSSET es un ejemplo a nivel<br \/>\nnacional y Tamaulipas es pionero en la defensa de los derechos de las y los<br \/>\ntrabajadores, gracias al liderazgo y visi\u00f3n del gobernador Am\u00e9rico Villarreal<br \/>\nAnaya.<br \/>\nBlanca Valles, reconoci\u00f3 el esfuerzo del Gobierno de Tamaulipas y destac\u00f3<br \/>\nque uno de los logros m\u00e1s importantes de la nueva legislaci\u00f3n es que se<br \/>\nmantiene el 10.5 por ciento de la aportaci\u00f3n por parte de las y los trabajadores.<br \/>\n\u201cComo representante de nuestra organizaci\u00f3n sindical, esto solo merece<br \/>\nnuestra gratitud a esta reforma, una gratitud de verdad. Estamos contentos y<br \/>\nmucho m\u00e1s, gobernador. Tambi\u00e9n reiterar lo que usted ha mencionado: que en<\/p>\n<p>Tamaulipas nos vamos jubilados con salarios m\u00ednimos y no con UMAS, como<br \/>\nest\u00e1 la mayor\u00eda de los fondos, y esto es algo importante\u201d, expres\u00f3.<br \/>\n-Todo parece indicar que grupos internos en la Fiscal\u00eda General de<br \/>\nTamaulipas, est\u00e1n empe\u00f1ados en NO colaborar con el nuevo Fiscal Eduardo<br \/>\nGovea Orozco, para cambiar la percepci\u00f3n que los tamaulipecos tenemos y<br \/>\ncon raz\u00f3n, de que es una instituci\u00f3n corrompida, viciada y alejada de su<br \/>\nesencia.<br \/>\nVamos a poner solo dos ejemplos muy claros:<br \/>\nLa pifia que cometieron el ministerio p\u00fablico y los agentes ministeriales al<br \/>\ndetener y poner a disposici\u00f3n ante un juzgado penal a un ciudadano deportista<br \/>\ny empleado del Hospital Infantil de ciudad Victoria, prejuzg\u00e1ndolo como autor<br \/>\nde una doble violaci\u00f3n sexual en contra de dos trabajadoras de ese centro.<br \/>\nTras cinco d\u00edas de encierro en la c\u00e1rcel, al final la Juez del caso determin\u00f3 que<br \/>\nno hab\u00eda elementos para la presunta culpabilidad y lo dejaron en libertad.<br \/>\nY la otra pifia es que, ya han transcurrido 12 largos y angustiantes d\u00edas y no se<br \/>\nsabe absolutamente nada de la desaparici\u00f3n y menos del paradero de la ni\u00f1a<br \/>\nPaulina \u201cN\u201d en Tampico.<br \/>\nCreemos que NO hay informaci\u00f3n, porque simplemente los elementos de la<br \/>\nFiscal\u00eda NO tienen nada concreto.<br \/>\nA estas alturas es muy probable que a la menor de dos a\u00f1os ya le tengan en<br \/>\notro estado de la rep\u00fablica.<br \/>\nEstos, son solo dos ejemplos de que en esa dependencia hay quien o quienes<br \/>\nNO apoyan al Fiscal y seguro hay varios ejemplos m\u00e1s.<br \/>\n-En la grilla pol\u00edtica de la capital del estado en donde ya hay al menos seis<br \/>\nprecandidatos no oficiales, a la alcald\u00eda por MORENA, debemos agregar y no<br \/>\nperder de vista al actual Coordinador del IMSS-Bienestar Marggid Rodr\u00edguez<br \/>\nAvenda\u00f1o.<br \/>\nSolo que al galeno se lo conoce m\u00e1s por sus videos tur\u00edsticos (interesantes por<br \/>\ncierto), que por un aceptable desempe\u00f1o como responsable, de que la atenci\u00f3n<\/p>\n<p>m\u00e9dica y la entrega de medicamentos a los derechohabientes del IMSS-<br \/>\nBienestar, sea la adecuada.<br \/>\nA casi dos a\u00f1os de su nombramiento federal y con un sueldo nominal de casi<br \/>\n145 mil pesos al mes Marggid Rodr\u00edguez Avenda\u00f1o, no ha dado resultados<br \/>\nclaros o como dicen en mi colonia \u201cno ha dado el ancho\u201d.<br \/>\nNo debemos olvidar que en la pasada contienda interna de MORENA para la<br \/>\nalcald\u00eda Marggid fue el menos favorecido con el apoyo ciudadano de los<br \/>\ncuatro que compitieron.<br \/>\n\u00bfLo imagina usted como ser\u00eda como presidente municipal de la capital del<br \/>\nestado?<br \/>\n-Y continuando con temas de la capital del estado, en una charla con los<br \/>\nrepresentantes de los medios de comunicaci\u00f3n el Alcalde Eduardo Gatt\u00e1s,<br \/>\nafirm\u00f3 que en este a\u00f1o el tema de las inversiones de la iniciativa privada y la<br \/>\ngeneraci\u00f3n de nuevos empleos seguir\u00e1 en sentido ascendente.<br \/>\nLalo Gatt\u00e1s destac\u00f3 adem\u00e1s para este 2026 la instalaci\u00f3n de un hospital<br \/>\nprivado, seguimiento de firmas internacionales, empresas nacionales y locales,<br \/>\ncon una proyecci\u00f3n de inversi\u00f3n de mil 250 millones que dar\u00e1 impulso al<br \/>\ncrecimiento y desarrollo econ\u00f3mico de la Capital de Tamaulipas.<br \/>\nIndic\u00f3 que su administraci\u00f3n est\u00e1 permanentemente promocionando las<br \/>\nventajas geogr\u00e1ficas de la ciudad, el ambiente de seguridad en la inversi\u00f3n, la<br \/>\ninfraestructura educativa y la mano de obra calificada, adem\u00e1s de brindar<br \/>\napoyo con la exenci\u00f3n de algunos impuestos a fin de atraer inversiones al<br \/>\ncentro del estado.<br \/>\nHasta aqu\u00ed mi An\u00e1lisis y Comentario.<br \/>\nSoy su amigo: Christopher\u2026 Mora.<br \/>\nComentarios y sugerencias a: victam63@yahoo.com.mx<br \/>\nY tambi\u00e9n lo invito a que visite mi p\u00e1gina de Facebook:<br \/>\n\u201cAn\u00e1lisis y Comentario\u201d.<\/p>\n","protected":false},"excerpt":{"rendered":"<p>AN\u00c1LISIS Y COMENTARIO por: Christopher\u2026Mora. -Bur\u00f3cratas reconocen reforma al IPSSET. -No apoyan al nuevo Fiscal de Tamaulipas. -Coordinador del IMSS-Bienestar quiere ser alcalde. -Llegar\u00e1n importantes inversiones a la capital. -Quienes estuvieron presentes en el evento de la instalaci\u00f3n y toma de protesta al Consejo Estatal y de nueve Consejos Municipales de Paz y Justicia C\u00edvica, [&hellip;]<\/p>\n","protected":false},"author":1,"featured_media":216663,"comment_status":"closed","ping_status":"closed","sticky":false,"template":"","format":"standard","meta":{"footnotes":""},"categories":[16],"tags":[],"class_list":["post-217530","post","type-post","status-publish","format-standard","has-post-thumbnail","hentry","category-opinion"],"_links":{"self":[{"href":"https:\/\/www.elsinodaldetamaulipas.com.mx\/index.php?rest_route=\/wp\/v2\/posts\/217530","targetHints":{"allow":["GET"]}}],"collection":[{"href":"https:\/\/www.elsinodaldetamaulipas.com.mx\/index.php?rest_route=\/wp\/v2\/posts"}],"about":[{"href":"https:\/\/www.elsinodaldetamaulipas.com.mx\/index.php?rest_route=\/wp\/v2\/types\/post"}],"author":[{"embeddable":true,"href":"https:\/\/www.elsinodaldetamaulipas.com.mx\/index.php?rest_route=\/wp\/v2\/users\/1"}],"replies":[{"embeddable":true,"href":"https:\/\/www.elsinodaldetamaulipas.com.mx\/index.php?rest_route=%2Fwp%2Fv2%2Fcomments&post=217530"}],"version-history":[{"count":1,"href":"https:\/\/www.elsinodaldetamaulipas.com.mx\/index.php?rest_route=\/wp\/v2\/posts\/217530\/revisions"}],"predecessor-version":[{"id":217531,"href":"https:\/\/www.elsinodaldetamaulipas.com.mx\/index.php?rest_route=\/wp\/v2\/posts\/217530\/revisions\/217531"}],"wp:featuredmedia":[{"embeddable":true,"href":"https:\/\/www.elsinodaldetamaulipas.com.mx\/index.php?rest_route=\/wp\/v2\/media\/216663"}],"wp:attachment":[{"href":"https:\/\/www.elsinodaldetamaulipas.com.mx\/index.php?rest_route=%2Fwp%2Fv2%2Fmedia&parent=217530"}],"wp:term":[{"taxonomy":"category","embeddable":true,"href":"https:\/\/www.elsinodaldetamaulipas.com.mx\/index.php?rest_route=%2Fwp%2Fv2%2Fcategories&post=217530"},{"taxonomy":"post_tag","embeddable":true,"href":"https:\/\/www.elsinodaldetamaulipas.com.mx\/index.php?rest_route=%2Fwp%2Fv2%2Ftags&post=217530"}],"curies":[{"name":"wp","href":"https:\/\/api.w.org\/{rel}","templated":true}]}}