{"id":217532,"date":"2026-01-16T21:58:21","date_gmt":"2026-01-17T01:58:21","guid":{"rendered":"https:\/\/www.elsinodaldetamaulipas.com.mx\/?p=217532"},"modified":"2026-01-16T21:58:21","modified_gmt":"2026-01-17T01:58:21","slug":"tamaulipas-pionero-en-la-defensa-de-derechos-de-trabajadores","status":"publish","type":"post","link":"https:\/\/www.elsinodaldetamaulipas.com.mx\/?p=217532","title":{"rendered":"TAMAULIPAS PIONERO EN LA DEFENSA DE DERECHOS DE TRABAJADORES"},"content":{"rendered":"<div class=\"post-content\">\n<p>ORBE<\/p>\n<p>&nbsp;<\/p>\n<p>Ma. Teresa Medina Marroqu\u00edn.-<\/p>\n<p>-TAMAULIPAS ES EJEMPLO NACIONAL Y PIONERO EN LA DEFENSA<br \/>\nDE LOS DERECHOS DE LAS Y LOS TRABAJADORES<\/p>\n<p>-ARNULFO RODR\u00cdGUEZ Y BLANCA VALLES RECONOCEN EL<br \/>\nLIDERAZGO Y VISI\u00d3N DEL DR. AM\u00c9RICO VILLARREAL<\/p>\n<p>-CREAR\u00c1 LA UAT EL INSTITUTO DE INTELIGENCIA ARTIFICIAL<\/p>\n<p>La reciente reforma a la Ley del Fondo de Pensiones del Instituto de<br \/>\nPrevisi\u00f3n y Seguridad Social (IPSSET) no es un tema que, a pesar de<br \/>\nsu relevancia, \u201cvenda mucho\u201d en t\u00e9rminos pol\u00edticos.<\/p>\n<p>No obstante, el gobernador Am\u00e9rico Villarreal Anaya demostr\u00f3 a<br \/>\npropios y extra\u00f1os la elevada responsabilidad de su gobierno al<br \/>\nimpulsar una reforma que de no haberse hecho con el apoyo del<br \/>\nCongreso del Estado, pronto, quiz\u00e1 en un par de a\u00f1os, hubiese<br \/>\ncolapsado el sistema pensionario de los trabajadores del Gobierno de<br \/>\nTamaulipas.<br \/>\nLamentablemente esta bolsa financiera fue sometida (de acuerdo con<br \/>\ndiversas y graves acusaciones) a fuertes saqueos en diferentes<br \/>\nadministraciones, las cuales la dejaron en una situaci\u00f3n de<br \/>\ninsostenibilidad financiera, agudiz\u00e1ndose esa crisis con el<br \/>\nenvejecimiento y menor \u00edndice de mortalidad que vino a propiciar una<br \/>\ncada vez m\u00e1s baja cobertura que, a la par con la impunidad de los<br \/>\npeculados o malversaci\u00f3n de fondos p\u00fablicos, la dejaron en una<br \/>\nquiebra t\u00e9cnica.<\/p>\n<p>LA AMENAZA DE LA QUIEBRA T\u00c9CNICA FUE SUPERADA CON UNA<br \/>\nESTABILIDAD DE LARGO PLAZO<\/p>\n<p>Quiebra t\u00e9cnica que caus\u00f3 una fuerte presi\u00f3n al sistema de pensiones<br \/>\ndel estado y que los dos \u00faltimos gobiernos no quisieron afrontar por<br \/>\ncomodidad y al mismo tiempo para encubrir a quienes desviaron<br \/>\nenormes cantidades de fondos propiedad de los trabajadores<br \/>\nestatales.<br \/>\nTambi\u00e9n en su momento se argument\u00f3 que ese fondo pensional no fue<br \/>\nsaqueado realmente como se acusa, dado que muchos de sus<br \/>\nrecursos fueron desviados a otras \u00e1reas como salud, educaci\u00f3n y<br \/>\ndesarrollo social.<br \/>\nPero ese tipo de movimientos poco les interesa a los trabajadores del<br \/>\ngobierno estatal, incluido el magisterio, insisti\u00e9ndose en que las<br \/>\ngraves cargas para las finanzas p\u00fablicas sigan siendo investigadas<br \/>\npor el Congreso del Estado y la Fiscal\u00eda Anticorrupci\u00f3n.<\/p>\n<p>ARNULFO RODR\u00cdGUEZ Y BLANCA VALLES RECONOCEN EL<br \/>\nLIDERAZGO Y VISI\u00d3N DEL DR. AM\u00c9RICO VILLARREAL<\/p>\n<p>Por lo pronto, la reforma a la Ley del IPSSET es, de acuerdo con la<br \/>\nsecretaria general del SUTSPET, Blanca Valles Rodr\u00edguez, y el<\/p>\n<p>secretario general de la Secci\u00f3n 30 del SNTE, Arnulfo Rodr\u00edguez<br \/>\nTrevi\u00f1o, un ejemplo a nivel nacional convirtiendo a Tamaulipas en un<br \/>\npionero de la defensa de los derechos de las y los trabajadores.<br \/>\nAmbos dirigentes sindicales, expresaron que gracias al liderazgo y<br \/>\nvisi\u00f3n del gobernador Am\u00e9rico Villarreal Anaya fue que se dio esta<br \/>\nreforma, misma que fue una lucha sindical que se ven\u00eda gestionando<br \/>\ndesde hace a\u00f1os y no se hab\u00eda podido consolidar.<br \/>\nTrascendi\u00f3 que el reconocimiento de las bases trabajadoras y de sus<br \/>\nl\u00edderes, tanto del profesor Arnulfo Rodr\u00edguez como de Blanca Valles,<br \/>\ndestaca en que uno de los logros m\u00e1s importantes de la nueva<br \/>\nlegislaci\u00f3n es que se mantiene el 10.5 por ciento de la aportaci\u00f3n por<br \/>\nparte de las y los trabajadores.<br \/>\nFinalmente la reforma a la Ley del IPSSET vino a fortalecer el tema de<br \/>\npensiones y jubilaciones dignas, resolviendo una crisis que<br \/>\namenazaba directamente a la burocracia estatal y al magisterio,<br \/>\nd\u00e1ndose una respuesta seria y con una estabilidad de largo plazo.<\/p>\n<p>CREAR\u00c1 LA UAT EL INSTITUTO DE INTELIGENCIA ARTIFICIAL<\/p>\n<p>Busca fomentar el uso \u00e9tico de la IA entre universitarios y<br \/>\nposicionarse como una instituci\u00f3n pionera con un marco regulatorio<br \/>\nque oriente la utilizaci\u00f3n de esta tecnolog\u00eda en las funciones<br \/>\nsustantivas de la casa de estudios.<br \/>\nEl rector de la UAT, D\u00e1maso Anaya Alvarado, encabez\u00f3 la aprobaci\u00f3n<br \/>\ndel Manifiesto Institucional para el Uso \u00c9tico de la Inteligencia<br \/>\nArtificial, que orientar\u00e1 el uso de esta tecnolog\u00eda en la docencia, el<br \/>\naprendizaje, la investigaci\u00f3n, la divulgaci\u00f3n y creaci\u00f3n de<br \/>\nconocimiento, as\u00ed como en los procesos de gesti\u00f3n administrativa y<br \/>\nescolar de la instituci\u00f3n.<br \/>\nDurante la presentaci\u00f3n del documento que tuvo como marco la 16.\u00aa<br \/>\nReuni\u00f3n del Colegio de Directores de la UAT, el rector D\u00e1maso Anaya<br \/>\ndio a conocer los avances para la conformaci\u00f3n del Instituto de<br \/>\nInteligencia Artificial, que ser\u00e1 una entidad estrat\u00e9gica.<br \/>\n\u201cEl objetivo es que la Inteligencia Artificial contribuya al bien com\u00fan,<br \/>\nfortalezca las funciones sustantivas de la Universidad y preserve<br \/>\nvalores fundamentales como la dignidad humana, la libertad<\/p>\n<p>acad\u00e9mica y la integridad del quehacer universitario\u201d, expres\u00f3 el<br \/>\nrector ante directoras y directores de las 27 dependencias acad\u00e9micas<br \/>\ne integrantes del gabinete rectoral.<br \/>\n\u00a1Dese\u00e1ndoles un d\u00eda maravilloso!<br \/>\ntessieprimera@hotmail.com, @columnaorbe, columnaorbe.wordpress.com<\/p>\n<\/div>\n","protected":false},"excerpt":{"rendered":"<p>ORBE &nbsp; Ma. Teresa Medina Marroqu\u00edn.- -TAMAULIPAS ES EJEMPLO NACIONAL Y PIONERO EN LA DEFENSA DE LOS DERECHOS DE LAS Y LOS TRABAJADORES -ARNULFO RODR\u00cdGUEZ Y BLANCA VALLES RECONOCEN EL LIDERAZGO Y VISI\u00d3N DEL DR. AM\u00c9RICO VILLARREAL -CREAR\u00c1 LA UAT EL INSTITUTO DE INTELIGENCIA ARTIFICIAL La reciente reforma a la Ley del Fondo de Pensiones [&hellip;]<\/p>\n","protected":false},"author":1,"featured_media":215030,"comment_status":"closed","ping_status":"closed","sticky":false,"template":"","format":"standard","meta":{"footnotes":""},"categories":[16],"tags":[],"class_list":["post-217532","post","type-post","status-publish","format-standard","has-post-thumbnail","hentry","category-opinion"],"_links":{"self":[{"href":"https:\/\/www.elsinodaldetamaulipas.com.mx\/index.php?rest_route=\/wp\/v2\/posts\/217532","targetHints":{"allow":["GET"]}}],"collection":[{"href":"https:\/\/www.elsinodaldetamaulipas.com.mx\/index.php?rest_route=\/wp\/v2\/posts"}],"about":[{"href":"https:\/\/www.elsinodaldetamaulipas.com.mx\/index.php?rest_route=\/wp\/v2\/types\/post"}],"author":[{"embeddable":true,"href":"https:\/\/www.elsinodaldetamaulipas.com.mx\/index.php?rest_route=\/wp\/v2\/users\/1"}],"replies":[{"embeddable":true,"href":"https:\/\/www.elsinodaldetamaulipas.com.mx\/index.php?rest_route=%2Fwp%2Fv2%2Fcomments&post=217532"}],"version-history":[{"count":1,"href":"https:\/\/www.elsinodaldetamaulipas.com.mx\/index.php?rest_route=\/wp\/v2\/posts\/217532\/revisions"}],"predecessor-version":[{"id":217533,"href":"https:\/\/www.elsinodaldetamaulipas.com.mx\/index.php?rest_route=\/wp\/v2\/posts\/217532\/revisions\/217533"}],"wp:featuredmedia":[{"embeddable":true,"href":"https:\/\/www.elsinodaldetamaulipas.com.mx\/index.php?rest_route=\/wp\/v2\/media\/215030"}],"wp:attachment":[{"href":"https:\/\/www.elsinodaldetamaulipas.com.mx\/index.php?rest_route=%2Fwp%2Fv2%2Fmedia&parent=217532"}],"wp:term":[{"taxonomy":"category","embeddable":true,"href":"https:\/\/www.elsinodaldetamaulipas.com.mx\/index.php?rest_route=%2Fwp%2Fv2%2Fcategories&post=217532"},{"taxonomy":"post_tag","embeddable":true,"href":"https:\/\/www.elsinodaldetamaulipas.com.mx\/index.php?rest_route=%2Fwp%2Fv2%2Ftags&post=217532"}],"curies":[{"name":"wp","href":"https:\/\/api.w.org\/{rel}","templated":true}]}}