{"id":217534,"date":"2026-01-16T22:00:30","date_gmt":"2026-01-17T02:00:30","guid":{"rendered":"https:\/\/www.elsinodaldetamaulipas.com.mx\/?p=217534"},"modified":"2026-01-16T22:01:19","modified_gmt":"2026-01-17T02:01:19","slug":"desde-el-congreso-seguire-trabajando-por-tampico-schekaiban","status":"publish","type":"post","link":"https:\/\/www.elsinodaldetamaulipas.com.mx\/?p=217534","title":{"rendered":"\u201cDESDE EL CONGRESO, SEGUIR\u00c9 TRABAJANDO POR TAMPICO\u201d: SCHEKAIBAN"},"content":{"rendered":"<div class=\"post-content\">\n<p>T E C L A Z O S<br \/>\nPor Guadalupe E. Gonz\u00e1lez<\/p>\n<p>X.-Con responsabilidad y compromiso, formar\u00e1 parte<br \/>\npara el segundo per\u00edodo Legislativo<br \/>\nLUEGO de establecer que, \u201cme debo al pueblo de Tampico\u201d y por este<br \/>\ncompromiso, \u201cdesde el Congreso del Estado, seguir\u00e9 trabajando con<br \/>\natingencia y perseverancia, pero sobre todo con responsabilidad\u201d, para<br \/>\nque el bienestar social, redunde en favor de las y los tamaulipecos, en<br \/>\ntales t\u00e9rminos se expres\u00f3 en entrevista con quien esto escribe el<br \/>\nDiputado Local porte\u00f1o \u201cPepe\u201d Schekaiban.<br \/>\nDESTAC\u00d3 el legislador por Acci\u00f3n Nacional que, \u201choy mas que nunca<br \/>\ntenemos la firme convicci\u00f3n de trabajar para servir\u201d y por ello, seguir\u00e9<br \/>\nredoblando el trabajo legislativo, con la finalidad de que, todos los<br \/>\nproyectos y acciones que, tengamos que emprender, convertirlos en<br \/>\ntangible realidad y, los beneficios, \u201caterricen en favor de Tampico, mi<br \/>\npueblo\u201d, pero tambi\u00e9n en favor de las familias tamaulipecas.<br \/>\nHAY que se\u00f1alar que, \u201cel Diputado Pepe Schekaiban, fue electo por las<br \/>\ndistintas fracciones parlamentarias\u201d. Y, tal como sucedi\u00f3 en el primer<br \/>\nper\u00edodo legislativo, formar\u00e1 parte de la mesa encargada de dirigir las<br \/>\nsesiones del Congreso Local, desde donde reiter\u00f3: \u201cinstrumentar\u00e9<br \/>\ndiversos planteamientos\u201d, con el sano prop\u00f3sito de que los mismos,<br \/>\nsean parte y esencia del progreso y el desarrollo social del estado y de<br \/>\nmi querido Tampico, remarc\u00f3.<br \/>\nEN otro de sus elocuentes mensajes, Pepe Schekaiban, quien tiene<br \/>\nmarcada identidad entre los tampique\u00f1os, \u201creconoci\u00f3 la pluralidad y la<br \/>\nparticipaci\u00f3n democr\u00e1tica de las diversas fracciones legislativas\u201d y<br \/>\nsubray\u00f3 que, su compromiso lleva como firme prop\u00f3sito \u201cgarantizar la<br \/>\ndemocracia y equidad al interior del recinto legislativo\u201d.<br \/>\nENSEGUDIA, el Diputado panista Pepe Schekaiban puntualizo<br \/>\nenf\u00e1tico que, \u201csiempre es una gran responsabilidad coordinar los<br \/>\ntrabajos y acuerdos de la m\u00e1xima tribuna legislativa de Tamaulipas y<br \/>\nhoy, agradezco la confianza de mis compa\u00f1eras diputadas y diputados<br \/>\npara nuevamente formar parte de la mesa directiva\u201d.<\/p>\n<p>ALUDIENDO que, el principal ideal en este marco \u201ces priorizar, todos<br \/>\nlos buenos retos y objetivos, porque debemos pensar en fortalecer los<br \/>\nmejores ejes rectores, para cada uno de los pueblos de Tamaulipas. Y,<br \/>\nen esto cada uno de los Diputados de la 66 Legislatura, \u201cseguiremos<br \/>\nhaciendo nuestras aportaciones, para que los beneficios que<br \/>\nconcertemos \u201cen la casa del pueblo\u201d, se derramen en todos los distritos<br \/>\ndel estado, apunt\u00f3.<br \/>\nPOR ello, el entrevistado, puntualiz\u00f3 que, en la Junta de Gobierno,<br \/>\nmantenemos la unidad e incluso equilibrios pol\u00edticos y sociales, porque<br \/>\nante todo tenemos que pensar en lo que le hace falta a nuestro estado.<br \/>\nY por este motivo \u201cseguiremos presentando iniciativas y puntos de<br \/>\nacuerdo\u201d que, tributen mayor seguridad, certidumbre y desarrollo<br \/>\npara las familias de Tampico y Tamaulipas.<br \/>\nPara finalizar, les dir\u00e9 que el diputado porte\u00f1o Pepe Schekaiban, por<br \/>\nsu calidad de ser representante popular, \u201cha obrado por enaltecer su<br \/>\ntrabajo\u201d, como cuando fue parte y esencia del gobierno municipal all\u00e1<br \/>\nen el puerto jaibo y, ahora en el Congreso de Tamaulipas, \u201clegisla con<br \/>\nentusiasmo, para seguir dejando huellas dignas e imborrables\u201d en su<br \/>\ntrayectoria, \u201ccomo sencillo y afable servidor del pueblo\u201d.<br \/>\nPor hoy es todo y hasta ma\u00f1ana.<br \/>\nPara sugerencias y puntos de vista en general al email:<br \/>\nlupeernesto@yahoo.com.mx<\/p>\n<hr class=\"wp-block-separator has-alpha-channel-opacity\" \/>\n<\/div>\n","protected":false},"excerpt":{"rendered":"<p>T E C L A Z O S Por Guadalupe E. Gonz\u00e1lez X.-Con responsabilidad y compromiso, formar\u00e1 parte para el segundo per\u00edodo Legislativo LUEGO de establecer que, \u201cme debo al pueblo de Tampico\u201d y por este compromiso, \u201cdesde el Congreso del Estado, seguir\u00e9 trabajando con atingencia y perseverancia, pero sobre todo con responsabilidad\u201d, para que [&hellip;]<\/p>\n","protected":false},"author":1,"featured_media":216767,"comment_status":"closed","ping_status":"closed","sticky":false,"template":"","format":"standard","meta":{"footnotes":""},"categories":[16],"tags":[],"class_list":["post-217534","post","type-post","status-publish","format-standard","has-post-thumbnail","hentry","category-opinion"],"_links":{"self":[{"href":"https:\/\/www.elsinodaldetamaulipas.com.mx\/index.php?rest_route=\/wp\/v2\/posts\/217534","targetHints":{"allow":["GET"]}}],"collection":[{"href":"https:\/\/www.elsinodaldetamaulipas.com.mx\/index.php?rest_route=\/wp\/v2\/posts"}],"about":[{"href":"https:\/\/www.elsinodaldetamaulipas.com.mx\/index.php?rest_route=\/wp\/v2\/types\/post"}],"author":[{"embeddable":true,"href":"https:\/\/www.elsinodaldetamaulipas.com.mx\/index.php?rest_route=\/wp\/v2\/users\/1"}],"replies":[{"embeddable":true,"href":"https:\/\/www.elsinodaldetamaulipas.com.mx\/index.php?rest_route=%2Fwp%2Fv2%2Fcomments&post=217534"}],"version-history":[{"count":1,"href":"https:\/\/www.elsinodaldetamaulipas.com.mx\/index.php?rest_route=\/wp\/v2\/posts\/217534\/revisions"}],"predecessor-version":[{"id":217535,"href":"https:\/\/www.elsinodaldetamaulipas.com.mx\/index.php?rest_route=\/wp\/v2\/posts\/217534\/revisions\/217535"}],"wp:featuredmedia":[{"embeddable":true,"href":"https:\/\/www.elsinodaldetamaulipas.com.mx\/index.php?rest_route=\/wp\/v2\/media\/216767"}],"wp:attachment":[{"href":"https:\/\/www.elsinodaldetamaulipas.com.mx\/index.php?rest_route=%2Fwp%2Fv2%2Fmedia&parent=217534"}],"wp:term":[{"taxonomy":"category","embeddable":true,"href":"https:\/\/www.elsinodaldetamaulipas.com.mx\/index.php?rest_route=%2Fwp%2Fv2%2Fcategories&post=217534"},{"taxonomy":"post_tag","embeddable":true,"href":"https:\/\/www.elsinodaldetamaulipas.com.mx\/index.php?rest_route=%2Fwp%2Fv2%2Ftags&post=217534"}],"curies":[{"name":"wp","href":"https:\/\/api.w.org\/{rel}","templated":true}]}}