{"id":217538,"date":"2026-01-16T22:04:51","date_gmt":"2026-01-17T02:04:51","guid":{"rendered":"https:\/\/www.elsinodaldetamaulipas.com.mx\/?p=217538"},"modified":"2026-01-16T22:04:51","modified_gmt":"2026-01-17T02:04:51","slug":"el-fantasma-de-la-tecnologia","status":"publish","type":"post","link":"https:\/\/www.elsinodaldetamaulipas.com.mx\/?p=217538","title":{"rendered":"EL FANTASMA DE LA TECNOLOG\u00cdA"},"content":{"rendered":"<div class=\"post-content\">\n<p>El Patinadero<\/p>\n<p>Juan Antonio Montoya B\u00e1ez<\/p>\n<p>&nbsp;<\/p>\n<p>La educaci\u00f3n cambia; lo que funcion\u00f3 ayer, quiz\u00e1 no funcione en el presente ni tampoco en el futuro. Por ello, se debe observar siempre hacia adelante para saber qu\u00e9 pasos seguir.<\/p>\n<p>Hace algunos ayeres acudimos a un simposio en la ciudad de Monterrey, convocado por la coordinaci\u00f3n regional de la zona norte, con el tema de qu\u00e9 le deparaba al periodismo el futuro. En aquel tiempo se expusieron algunas ideas generales que hoy son una realidad, como las videoconferencias, las transmisiones en directo, la redacci\u00f3n de notas por medio de dictado a la computadora y otras acciones que ya vivimos.<\/p>\n<p>Por supuesto, incluso se super\u00f3 lo que imaginamos: los peri\u00f3dicos en papel desaparecen poco a poco; solamente se mantienen aquellos que son l\u00edderes de opini\u00f3n en las ciudades, estados y capitales del pa\u00eds. Estos conservan su influencia y liderazgo pues, al publicar una nota, el medio se hace responsable y esta lleva la firma de un autor. Todos emigraron a las redes.<\/p>\n<p>En aquel encuentro ya se hablaba de las transmisiones en vivo y de los retos que llegaban para la radio, la televisi\u00f3n y la prensa con el asalto de la tecnolog\u00eda, como un recordatorio permanente que obligaba a la profesionalizaci\u00f3n de los periodistas y de los propietarios de los medios.<\/p>\n<p>Todo se modifica; los planes de estudio ya no son los mismos de antes, tuvieron que adaptarse para hacer frente a la demanda de nuevos profesionistas con otro perfil, una nueva forma de pensar y de desarrollarse en un mundo tecnol\u00f3gico que no se frena, sino que se transforma y avanza todos los d\u00edas.<\/p>\n<p>Solo basta la imaginaci\u00f3n para empezar a crearlo; es la ciencia para algunos, para otros es la mano de Dios que permite al hombre crear y compartir.<\/p>\n<p>En ese contexto de cambios, ahora la Universidad Aut\u00f3noma de Tamaulipas toma la iniciativa con la creaci\u00f3n del\u00a0Instituto de Inteligencia Artificial, como una forma de avanzar y prepararse para el futuro.<\/p>\n<p>La UAT busca fomentar el uso \u00e9tico de la IA entre los universitarios y, a la vez, posicionarse como una instituci\u00f3n pionera, para lo cual proyecta un marco regulatorio que oriente la utilizaci\u00f3n de esta tecnolog\u00eda en las funciones de la m\u00e1xima casa de estudios.<\/p>\n<p>El primer paso fue la firma de un manifiesto institucional para el uso \u00e9tico de la Inteligencia Artificial, que orientar\u00e1 el empleo de esta tecnolog\u00eda en la docencia, el aprendizaje, la investigaci\u00f3n, la divulgaci\u00f3n y la creaci\u00f3n de conocimiento, as\u00ed como en los procesos de gesti\u00f3n administrativa y escolar de la instituci\u00f3n.<\/p>\n<p>El Instituto de Inteligencia Artificial ser\u00e1 una entidad estrat\u00e9gica destinada a coordinar, articular y potenciar las capacidades institucionales en esta materia. \u201cEl objetivo es garantizar que la Inteligencia Artificial contribuya al bien com\u00fan, fortalezca las funciones sustantivas de la Universidad y preserve valores fundamentales como la dignidad humana, la libertad acad\u00e9mica y la integridad del quehacer universitario\u201d, expres\u00f3 el rector\u00a0D\u00c1MASO ANAYA ALVARADO\u00a0ante directores de las 27 dependencias acad\u00e9micas de la UAT e integrantes del gabinete rectoral.<\/p>\n<p>Hoy la UAT es una instituci\u00f3n precursora que reconoce que la IA es un medio y no un fin; es una herramienta que permite potenciar el aprendizaje, la investigaci\u00f3n, la creaci\u00f3n y el servicio social, sin sustituir la capacidad humana ni comprometer la calidad acad\u00e9mica. Actualmente, son escasas las universidades en el pa\u00eds que cuentan con un marco institucional de esta naturaleza, lo que posiciona a la UAT como pionera en la regulaci\u00f3n de dicha tecnolog\u00eda. Todo ello se realiza bajo un marco de principios y valores \u00e9ticos, orientaci\u00f3n, capacitaci\u00f3n y desarrollo de capacidades institucionales para su uso responsable.<\/p>\n<p>La vida cambia y los planes estudiantiles son otros; si no hay planeaci\u00f3n, no podr\u00e1n ser tan exitosos como se proyecta. En la UAT \u00abse pusieron las pilas\u00bb: en ocasiones, tener las mejores calificaciones no es suficiente cuando la IA tiene soluciones para muchos problemas matem\u00e1ticos y de otras \u00e1reas de la ciencia. No es un proyecto m\u00e1s; es una necesidad y un camino para preparar a los universitarios para enfrentar el futuro, sin miedo al fantasma de la tecnolog\u00eda, que lejos de asustar, no deja de sorprendernos.<\/p>\n<p>Bueno, por hoy es todo.<br \/>\nAdi\u00f3s y aguas con los patinazos\u2026<\/p>\n<p>Contacto:<br \/>\n<a href=\"mailto:patinadero@hotmail.com\" target=\"_blank\" rel=\"noreferrer noopener\">patinadero@hotmail.com<\/a><\/p>\n<\/div>\n","protected":false},"excerpt":{"rendered":"<p>El Patinadero Juan Antonio Montoya B\u00e1ez &nbsp; La educaci\u00f3n cambia; lo que funcion\u00f3 ayer, quiz\u00e1 no funcione en el presente ni tampoco en el futuro. Por ello, se debe observar siempre hacia adelante para saber qu\u00e9 pasos seguir. Hace algunos ayeres acudimos a un simposio en la ciudad de Monterrey, convocado por la coordinaci\u00f3n regional [&hellip;]<\/p>\n","protected":false},"author":1,"featured_media":216383,"comment_status":"closed","ping_status":"closed","sticky":false,"template":"","format":"standard","meta":{"footnotes":""},"categories":[16],"tags":[],"class_list":["post-217538","post","type-post","status-publish","format-standard","has-post-thumbnail","hentry","category-opinion"],"_links":{"self":[{"href":"https:\/\/www.elsinodaldetamaulipas.com.mx\/index.php?rest_route=\/wp\/v2\/posts\/217538","targetHints":{"allow":["GET"]}}],"collection":[{"href":"https:\/\/www.elsinodaldetamaulipas.com.mx\/index.php?rest_route=\/wp\/v2\/posts"}],"about":[{"href":"https:\/\/www.elsinodaldetamaulipas.com.mx\/index.php?rest_route=\/wp\/v2\/types\/post"}],"author":[{"embeddable":true,"href":"https:\/\/www.elsinodaldetamaulipas.com.mx\/index.php?rest_route=\/wp\/v2\/users\/1"}],"replies":[{"embeddable":true,"href":"https:\/\/www.elsinodaldetamaulipas.com.mx\/index.php?rest_route=%2Fwp%2Fv2%2Fcomments&post=217538"}],"version-history":[{"count":1,"href":"https:\/\/www.elsinodaldetamaulipas.com.mx\/index.php?rest_route=\/wp\/v2\/posts\/217538\/revisions"}],"predecessor-version":[{"id":217540,"href":"https:\/\/www.elsinodaldetamaulipas.com.mx\/index.php?rest_route=\/wp\/v2\/posts\/217538\/revisions\/217540"}],"wp:featuredmedia":[{"embeddable":true,"href":"https:\/\/www.elsinodaldetamaulipas.com.mx\/index.php?rest_route=\/wp\/v2\/media\/216383"}],"wp:attachment":[{"href":"https:\/\/www.elsinodaldetamaulipas.com.mx\/index.php?rest_route=%2Fwp%2Fv2%2Fmedia&parent=217538"}],"wp:term":[{"taxonomy":"category","embeddable":true,"href":"https:\/\/www.elsinodaldetamaulipas.com.mx\/index.php?rest_route=%2Fwp%2Fv2%2Fcategories&post=217538"},{"taxonomy":"post_tag","embeddable":true,"href":"https:\/\/www.elsinodaldetamaulipas.com.mx\/index.php?rest_route=%2Fwp%2Fv2%2Ftags&post=217538"}],"curies":[{"name":"wp","href":"https:\/\/api.w.org\/{rel}","templated":true}]}}