{"id":217539,"date":"2026-01-16T22:06:39","date_gmt":"2026-01-17T02:06:39","guid":{"rendered":"https:\/\/www.elsinodaldetamaulipas.com.mx\/?p=217539"},"modified":"2026-01-16T22:06:39","modified_gmt":"2026-01-17T02:06:39","slug":"victoria-la-disputa","status":"publish","type":"post","link":"https:\/\/www.elsinodaldetamaulipas.com.mx\/?p=217539","title":{"rendered":"VICTORIA LA DISPUTA"},"content":{"rendered":"<p>Golpe a golpe<\/p>\n<p>&nbsp;<\/p>\n<p>Por Juan S\u00e1nchez Mendoza<\/p>\n<p>Ciudad Victoria es la cabecera del municipio Victoria \u2013dividido en 42 ejidos, varios poblados y congregaciones\u2013, y es tambi\u00e9n la capital de Tamaulipas.<\/p>\n<p>Refiero la aclaraci\u00f3n porque la mayor\u00eda de aspirantes a la alcald\u00eda que habr\u00e1 de renovarse el a\u00f1o pr\u00f3ximo, en su auto promoci\u00f3n, regularmente no se refieren al municipio con el nombre Victoria \u2013establecido, \u00e9ste, en honor al primer Presidente de la Rep\u00fablica Mexicana, Guadalupe Victoria\u2013, sino como Ciudad Victoria, exhibiendo (as\u00ed) su ignorancia hist\u00f3rica. Y del marco geogr\u00e1fico estatal.<\/p>\n<p>Ojal\u00e1 y en lo sucesivo, esos indoctos, abreven, siquiera un poco en los textos referentes a la instauraci\u00f3n de la autoridad municipal y en el por qu\u00e9, Ciudad Victoria, se convirti\u00f3 en la capital de Tamaulipas en 1825.<\/p>\n<p>Ciertamente, a muchos, por no decir a la mayor\u00eda, les vale madre todo este rosario, pues su codicia es gobernar la ciudad en que est\u00e1n instalados los tres poderes estatales: Ejecutivo, Legislativo y Judicial, sin entender que el predominio del mandato lo ejerce el gobernador.<\/p>\n<p>Aunque quiz\u00e1 ambicionen el cargo bajo la creencia de que as\u00ed estar\u00edan m\u00e1s cerca del mandatario estatal. Y que eso los llevar\u00eda a brillar en pol\u00edtica. Obviamente, \u2018apadrinados\u2019 por personajes influyentes, sin entender que, en esta ocasi\u00f3n, el talento pol\u00edtico ser\u00eda un requisito, pese a la teor\u00eda de que al rejuego pre-electoral no entras, sino te meten; y no sales, sino te sacan, en menoscabo suyo.<\/p>\n<p>Hasta hoy, s\u00f3lo por Movimiento Regeneraci\u00f3n Nacional (morena), hay, por lo menos, una decena de aspirantes a la candidatura municipal. Y en lo que toca a la oposici\u00f3n, la cifra luce pobre ante la creencia (fundamentada) de que el membrete guinda continuar\u00eda en el poder.<\/p>\n<p>Coincido con esa apreciaci\u00f3n.<\/p>\n<p>Sin embargo, abrigo la sospecha de que, imponiendo un candidato, en el caso de morena, sin arraigo, sin compenetraci\u00f3n social, sin capacidad de convocatoria, sin estructura propia, sin oficio pol\u00edtico y sin experiencia en la administraci\u00f3n p\u00fablica, podr\u00eda el partido sufrir un rev\u00e9s en las urnas.<\/p>\n<p>De ah\u00ed la necesidad de que, a ocho meses de instalarse (formalmente) el proceso electoral, se haga un an\u00e1lisis sobre los aspirantes. Y escenarios que pudieran presentarse ante una eventual \u2018imposici\u00f3n\u2019. Pero este estudio debe practicarse sin apasionamientos, sin fobias ni simpat\u00edas. \u00a1Uf!<\/p>\n<p>Evidentemente, el membrete guinda atraviesa por su mejor momento a poco m\u00e1s de cuatro a\u00f1os de haberse instituido en la Presidencia Municipal, pues a diferencia del primer a\u00f1o de mandato del alcalde Eduardo Abraham Gatt\u00e1s B\u00e1ez, \u00e9ste ni los funcionarios municipales han sido perseguidos con tanta sa\u00f1a tras la huida de Francisco Javier Garc\u00eda Cabeza de Vaca, quien ni siquiera se present\u00f3 a entregar la estafeta relevista.<\/p>\n<p>Actualmente, \u2018Lalo\u2019 mantiene una relaci\u00f3n de cordialidad y respeto con el gobernador Am\u00e9rico Villarreal Anaya, lo que ha permitido que transite de manera firme apoyando la construcci\u00f3n del segundo piso de la 4T, liderada por la presidenta Claudia Sheinbaum Pardo, aunque los \u2018amarra-navajas\u2019 al servicio de oscuros intereses insistan en ponerle piedras en el camino para deteriorar su imagen e impedir que influya en la nominaci\u00f3n de su relevo.<\/p>\n<p>Lo que no consideran en su embestida, es el dicho popular que refiere: \u2018alcalde no mete alcalde\u2019 \u2013antiqu\u00edsimo, por cierto\u2013, y menos en una capital, como es el coraz\u00f3n de Tamaulipas.<\/p>\n<p>As\u00ed que, suponer que \u2018Lalo\u2019 maniobra u opera, para que la candidatura a la alcald\u00eda por parte de morena sea para Hugo Arael Res\u00e9ndez Silva \u2013el secretario general del Ayuntamiento\u2013, es una estupidez, aunque a pulso el aludido asoma como el prospecto m\u00e1s firme de morena por su talento y su conocimiento del marco jur\u00eddico municipal, tanto como del administrativo.<\/p>\n<p>En redes sociales se dice que ir\u00edan por esa candidatura dos diputadas locales: Blanca Aurelia Anzald\u00faa N\u00e1jera y Judith Katalyna M\u00e9ndez Cepeda.<\/p>\n<p>Adem\u00e1s, el diputado federal Jos\u00e9 Bra\u00f1a Mojica.<\/p>\n<p>Tambi\u00e9n Luis Gerardo Illoldi Reyes, actual secretario del Trabajo; Luis Eduardo Garc\u00eda Reyes, el vocal ejecutivo de la Comisi\u00f3n de Caza y Pesca Deportiva del gobierno estatal; Marggid Rodr\u00edguez Avenda\u00f1o, delegado del IMSS-Bienestar federal; y el empresario Jorge \u2018Tico\u2019 Garc\u00eda.<\/p>\n<p>M\u00e1s los que se acumulen esta semana.<\/p>\n<p>En mi apreciaci\u00f3n personal Hugo asoma como el ente m\u00e1s cuajado en los asuntos municipales.<\/p>\n<p>As\u00ed lo admite el exgobernador Eugenio Javier Hern\u00e1ndez Flores quien, como figura dominante del Partido Verde Ecologista de M\u00e9xico (PVEM), ha ofrecido a Res\u00e9ndez Silva la candidatura en caso de que morena le niegue la nominaci\u00f3n, pues sabe que es Hugo un gallo digno a jugarse frente a un improvisado.<\/p>\n<p>Hugo, sin embargo, no se deja seducir por el canto de las sirenas.<\/p>\n<p>Y contin\u00faa haciendo su chamba, mientras los otros andan alborotados haciendo precampa\u00f1a dizque soterradamente.<\/p>\n<p>Correo:\u00a0<a href=\"mailto:jusam_gg@hotmail.com\" target=\"_blank\" rel=\"noreferrer noopener\">jusam_gg@hotmail.com<\/a><\/p>\n","protected":false},"excerpt":{"rendered":"<p>Golpe a golpe &nbsp; Por Juan S\u00e1nchez Mendoza Ciudad Victoria es la cabecera del municipio Victoria \u2013dividido en 42 ejidos, varios poblados y congregaciones\u2013, y es tambi\u00e9n la capital de Tamaulipas. Refiero la aclaraci\u00f3n porque la mayor\u00eda de aspirantes a la alcald\u00eda que habr\u00e1 de renovarse el a\u00f1o pr\u00f3ximo, en su auto promoci\u00f3n, regularmente no [&hellip;]<\/p>\n","protected":false},"author":1,"featured_media":216132,"comment_status":"closed","ping_status":"closed","sticky":false,"template":"","format":"standard","meta":{"footnotes":""},"categories":[16],"tags":[],"class_list":["post-217539","post","type-post","status-publish","format-standard","has-post-thumbnail","hentry","category-opinion"],"_links":{"self":[{"href":"https:\/\/www.elsinodaldetamaulipas.com.mx\/index.php?rest_route=\/wp\/v2\/posts\/217539","targetHints":{"allow":["GET"]}}],"collection":[{"href":"https:\/\/www.elsinodaldetamaulipas.com.mx\/index.php?rest_route=\/wp\/v2\/posts"}],"about":[{"href":"https:\/\/www.elsinodaldetamaulipas.com.mx\/index.php?rest_route=\/wp\/v2\/types\/post"}],"author":[{"embeddable":true,"href":"https:\/\/www.elsinodaldetamaulipas.com.mx\/index.php?rest_route=\/wp\/v2\/users\/1"}],"replies":[{"embeddable":true,"href":"https:\/\/www.elsinodaldetamaulipas.com.mx\/index.php?rest_route=%2Fwp%2Fv2%2Fcomments&post=217539"}],"version-history":[{"count":1,"href":"https:\/\/www.elsinodaldetamaulipas.com.mx\/index.php?rest_route=\/wp\/v2\/posts\/217539\/revisions"}],"predecessor-version":[{"id":217541,"href":"https:\/\/www.elsinodaldetamaulipas.com.mx\/index.php?rest_route=\/wp\/v2\/posts\/217539\/revisions\/217541"}],"wp:featuredmedia":[{"embeddable":true,"href":"https:\/\/www.elsinodaldetamaulipas.com.mx\/index.php?rest_route=\/wp\/v2\/media\/216132"}],"wp:attachment":[{"href":"https:\/\/www.elsinodaldetamaulipas.com.mx\/index.php?rest_route=%2Fwp%2Fv2%2Fmedia&parent=217539"}],"wp:term":[{"taxonomy":"category","embeddable":true,"href":"https:\/\/www.elsinodaldetamaulipas.com.mx\/index.php?rest_route=%2Fwp%2Fv2%2Fcategories&post=217539"},{"taxonomy":"post_tag","embeddable":true,"href":"https:\/\/www.elsinodaldetamaulipas.com.mx\/index.php?rest_route=%2Fwp%2Fv2%2Ftags&post=217539"}],"curies":[{"name":"wp","href":"https:\/\/api.w.org\/{rel}","templated":true}]}}