{"id":217544,"date":"2026-01-16T22:20:29","date_gmt":"2026-01-17T02:20:29","guid":{"rendered":"https:\/\/www.elsinodaldetamaulipas.com.mx\/?p=217544"},"modified":"2026-01-16T22:20:29","modified_gmt":"2026-01-17T02:20:29","slug":"papistas-sin-papa","status":"publish","type":"post","link":"https:\/\/www.elsinodaldetamaulipas.com.mx\/?p=217544","title":{"rendered":"PAPISTAS SIN PAPA"},"content":{"rendered":"<div class=\"post-content\">\n<p>LOS HECHOS<br \/>\nPOR Jos\u00e9 In\u00e9s Figueroa Vitela<\/p>\n<p>Los cuestionamientos a la eventual elecci\u00f3n de ANDR\u00c9S NORBERTO GARC\u00cdA REPPER<br \/>\nFAVILA, como nuevo Titular de la Fiscal\u00eda Especializada en Combate a la Corrupci\u00f3n, est\u00e1n<br \/>\nm\u00e1s bien en los ne\u00f3fitos, despistados, de los \u201ccontreras\u201d de oficio, por encargo o condici\u00f3n<br \/>\nhumana.<br \/>\nProcesal, administrativa y pol\u00edticamente -\u201cde ley\u201d, como se dice-, quienes podr\u00edan oponerse a la<br \/>\nelecci\u00f3n del titular de la FECC, ser\u00edan los representantes de las fuerzas partidistas<br \/>\nrepresentadas en el Congreso Local.<br \/>\nEn el primer cedazo, cuando se votaron los 19 aspirantes con derechos a salvo -uno de los<br \/>\nregistrados no reuni\u00f3 los requisitos-, solo tres consiguieron los votos de las dos terceras partes<br \/>\ndel pleno y por consiguiente, fueron los que pasaron a la siguiente etapa.<br \/>\nOtros dos obtuvieron cinco votos y una, uno; los que \u201cpasaron\u201d, JULIETA ELENA MART\u00cdNEZ<br \/>\nTREJO y MIGUEL ANGEL D\u00d3RIGA MART\u00cdNEZ obtuvieron igual, 25 votos cada uno, mientras<br \/>\nGARC\u00cdA REPPER logr\u00f3 30 sufragios a su favor.<br \/>\nEso es, que en todas las f\u00f3rmulas por las que se vot\u00f3, \u00e9l estuvo incluido; estando 30 diputados<br \/>\npresentes en la sesi\u00f3n eleccionaria, quiere decir que todos los integrantes del pleno votaron por<br \/>\nel; unanimidad, se dice para efectos de la bit\u00e1cora.<br \/>\nY ah\u00ed estaban, por supuesto, diputados de MORENA, los del PT, de Movimiento Ciudadano, del<br \/>\nPRI y del PAN; de todos los partidos con asiento en la representaci\u00f3n popular, insisto.<br \/>\nEl aspirante, al repaso de su curr\u00edculum, a los de la permanente -igual plural- les hab\u00eda<br \/>\nrecordado que profesionalmente, ha servido como abogado a causas de partidos de izquierda,<br \/>\ncentro y derecha, as\u00ed como les garantiz\u00f3 -refiriendo constancias de congruencia en su pasado-,<br \/>\nque actuar\u00e1 imparcialmente, sin conjuras, complots o persecuciones sectarias; s\u00f3lo en el<br \/>\nejercicio del derecho, si llega al cargo.<br \/>\nLos diputados no solo le creyeron, sino que adem\u00e1s, en la amplia y certera exposici\u00f3n y<br \/>\nrespuesta a las preguntas y cuestionamientos -no es lo mismo- que se le hicieron, les dej\u00f3<br \/>\nsatisfechos con sus respuestas, hasta el grado de convencerlos que es el cuadro m\u00e1s<br \/>\npreparado e id\u00f3neo para el cargo.<br \/>\nYo tambi\u00e9n lo veo as\u00ed y hasta ahora, entre todos quienes han estado hablando de \u201cdados<br \/>\ncargados\u201d, comparsas o complicidades, no les he escuchado decir cu\u00e1l de los otros aspirantes<br \/>\ndeber\u00eda perfilarse al cargo por sobre de \u00e9l y por qu\u00e9.<br \/>\nCualquier cosa puede pasar, pero en la votaci\u00f3n del mi\u00e9rcoles se expresaron, de inicio, ya<br \/>\ntodas las fuerzas representadas en el Congreso, que ser\u00e1n las que dar\u00e1n el \u00faltimo aval,<br \/>\nprecisamente el d\u00eda 26 de los corrientes, como se ha venido anunciando desde el arranque del<br \/>\nproceso, sobre qui\u00e9n ser\u00e1 finalmente el elegido.<br \/>\nLo m\u00e1s l\u00f3gico es que esa votaci\u00f3n se refrende.<br \/>\nSi no es as\u00ed, ser\u00e1n muchos m\u00e1s los argumentos que se hagan necesarios para justificar el<br \/>\ncambio, de los unos y los otros.<br \/>\nTampoco ser\u00eda una respuesta a la diatriba y al comentario desinformado o malintencionado.<\/p>\n<p>Ayer, al inicio del segundo periodo ordinario de sesiones del segundo a\u00f1o de ejercicio de la 66<br \/>\nLegislatura Local, acudi\u00f3 el Secretario General de Gobierno, H\u00c9CTOR JOEL \u201cCalabazo\u201d<br \/>\nVILLEGAS, con la representaci\u00f3n del Gobernador AM\u00c9RICO VILLARREAL y la Presidenta del<br \/>\nPoder Judicial TANIA CONTRERAS, adem\u00e1s de la Senadora OLGA SOSA y el diputado<br \/>\nCARLOS CANTUROSAS con su representaci\u00f3n.<br \/>\nEl diputado neolaredense SERGIO \u201ccheco\u201d OJEDA, fue electo Presidente de la mesa para el<br \/>\nperiodo y como tal, le toc\u00f3 encabezar la ceremonia y pronunciar el discurso oficial.<br \/>\nDe compromisos y ponderaciones se trat\u00f3 la exposici\u00f3n, destacando el liderazgo del l\u00edder<br \/>\ncamaral, HUMBERTO PRIETO HERRERA, en la consecuci\u00f3n de logros que ponen a la<br \/>\nlegislatura tamaulipeca entre las de mayor avanzada a nivel nacional, medida por instituciones<br \/>\np\u00fablicas y privadas especializadas.<br \/>\nEn su gesti\u00f3n, CHECO se comprometi\u00f3 a trabajar a favor de seguir avanzando en esos<br \/>\nposicionamientos de vanguardia, siempre, con los intereses del pueblo por delante.<\/p>\n<\/div>\n","protected":false},"excerpt":{"rendered":"<p>LOS HECHOS POR Jos\u00e9 In\u00e9s Figueroa Vitela Los cuestionamientos a la eventual elecci\u00f3n de ANDR\u00c9S NORBERTO GARC\u00cdA REPPER FAVILA, como nuevo Titular de la Fiscal\u00eda Especializada en Combate a la Corrupci\u00f3n, est\u00e1n m\u00e1s bien en los ne\u00f3fitos, despistados, de los \u201ccontreras\u201d de oficio, por encargo o condici\u00f3n humana. Procesal, administrativa y pol\u00edticamente -\u201cde ley\u201d, como [&hellip;]<\/p>\n","protected":false},"author":1,"featured_media":216965,"comment_status":"closed","ping_status":"closed","sticky":false,"template":"","format":"standard","meta":{"footnotes":""},"categories":[16],"tags":[],"class_list":["post-217544","post","type-post","status-publish","format-standard","has-post-thumbnail","hentry","category-opinion"],"_links":{"self":[{"href":"https:\/\/www.elsinodaldetamaulipas.com.mx\/index.php?rest_route=\/wp\/v2\/posts\/217544","targetHints":{"allow":["GET"]}}],"collection":[{"href":"https:\/\/www.elsinodaldetamaulipas.com.mx\/index.php?rest_route=\/wp\/v2\/posts"}],"about":[{"href":"https:\/\/www.elsinodaldetamaulipas.com.mx\/index.php?rest_route=\/wp\/v2\/types\/post"}],"author":[{"embeddable":true,"href":"https:\/\/www.elsinodaldetamaulipas.com.mx\/index.php?rest_route=\/wp\/v2\/users\/1"}],"replies":[{"embeddable":true,"href":"https:\/\/www.elsinodaldetamaulipas.com.mx\/index.php?rest_route=%2Fwp%2Fv2%2Fcomments&post=217544"}],"version-history":[{"count":1,"href":"https:\/\/www.elsinodaldetamaulipas.com.mx\/index.php?rest_route=\/wp\/v2\/posts\/217544\/revisions"}],"predecessor-version":[{"id":217545,"href":"https:\/\/www.elsinodaldetamaulipas.com.mx\/index.php?rest_route=\/wp\/v2\/posts\/217544\/revisions\/217545"}],"wp:featuredmedia":[{"embeddable":true,"href":"https:\/\/www.elsinodaldetamaulipas.com.mx\/index.php?rest_route=\/wp\/v2\/media\/216965"}],"wp:attachment":[{"href":"https:\/\/www.elsinodaldetamaulipas.com.mx\/index.php?rest_route=%2Fwp%2Fv2%2Fmedia&parent=217544"}],"wp:term":[{"taxonomy":"category","embeddable":true,"href":"https:\/\/www.elsinodaldetamaulipas.com.mx\/index.php?rest_route=%2Fwp%2Fv2%2Fcategories&post=217544"},{"taxonomy":"post_tag","embeddable":true,"href":"https:\/\/www.elsinodaldetamaulipas.com.mx\/index.php?rest_route=%2Fwp%2Fv2%2Ftags&post=217544"}],"curies":[{"name":"wp","href":"https:\/\/api.w.org\/{rel}","templated":true}]}}