{"id":217546,"date":"2026-01-16T22:21:55","date_gmt":"2026-01-17T02:21:55","guid":{"rendered":"https:\/\/www.elsinodaldetamaulipas.com.mx\/?p=217546"},"modified":"2026-01-16T22:21:55","modified_gmt":"2026-01-17T02:21:55","slug":"va-en-serio","status":"publish","type":"post","link":"https:\/\/www.elsinodaldetamaulipas.com.mx\/?p=217546","title":{"rendered":"VA EN SERIO"},"content":{"rendered":"<p>Tinta Negra<br \/>\nAlfredo Guevara<\/p>\n<p>1.- Las jornadas de profesionalizaci\u00f3n municipal, impartidas por la Auditor\u00eda Superior del Estado, la Secretar\u00eda Anticorrupci\u00f3n y Buen Gobierno, como la Fiscal\u00eda Especializada en Combate a la Corrupci\u00f3n, han dado resultados.<br \/>\nEl Auditor FRANCISCO NORIEGA OROZCO lo ha comprobado en el proceso de revisi\u00f3n y fiscalizaci\u00f3n de cuentas p\u00fablicas del ejercicio fiscal 2024, en el que se observa mayor cumplimiento y un menor margen de error.<br \/>\nPor ello, el titular de la Auditor\u00eda Superior, FRANCISCO NORIEGA, tiene plena confianza de que, en caso de haber necesidad de hacer observaciones de la cuenta p\u00fablica 2024 a titulares de dependencias, ayuntamientos y organismos descentralizados ser\u00e1n m\u00ednimas, comparativamente con anteriores ejercicios fiscales.<br \/>\nY es que, quienes est\u00e1n al frente de dependencias del gobierno, ayuntamientos u \u00f3rganos aut\u00f3nomos, ya se dieron cuenta de que la fiscalizaci\u00f3n, la aplicaci\u00f3n del recurso p\u00fablico, la transparencia y la rendici\u00f3n de cuentas va en serio.<br \/>\nEn m\u00e1s de una ocasi\u00f3n lo hemos comentado en este mismo espacio, que el titular de la ASE, FRANCISCO NORIEGA OROZCO les ha dicho una y otra vez a quienes tienen la responsabilidad de administrar y aplicar el recurso p\u00fablico, que pongan orden.<br \/>\nPor las oficinas de la Auditor\u00eda, han desfilado alcaldes y ex presidentes municipales, quienes est\u00e1n o estuvieron al frente de dependencias de gobierno u organismos descentralizados, entre estos de comapas, tratando de negociar el problema que enfrentan. A todos ellos se les ha ofrecido apoyo fiscal, orientaci\u00f3n contable y asesor\u00eda legal, para que enfrenten o bien, encuentren la forma de cumplir como lo establece la ley.<br \/>\nPor los resultados que dieron las jornadas de profesionalizaci\u00f3n municipal, en la zona centro, sur y norte de la entidad el a\u00f1o pasado, reflejadas en los informes de la cuenta p\u00fablica 2024, la Auditor\u00eda Superior del Estado, la Secretar\u00eda Anticorrupci\u00f3n y Buen Gobierno, como la Fiscal\u00eda Especializada en Combate a la Corrupci\u00f3n, volver\u00e1n a capacitar a quienes tienen bajo su responsabilidad la recepci\u00f3n, aplicaci\u00f3n y comprobaci\u00f3n del recurso p\u00fablico.<br \/>\nPor cierto, de los que no entendieron, NORIEGA OROZCO confirm\u00f3 que por lo menos cinco procedimientos penales, derivados de la revisi\u00f3n de cuentas p\u00fablicas correspondientes al ejercicio fiscal 2023, present\u00f3 la Auditor\u00eda Superior del Estado, a la Fiscal\u00eda Especializada en Combate a la Corrupci\u00f3n.<br \/>\nY fueron canalizadas para su investigaci\u00f3n, al detectarse presuntos desv\u00edos de fondos, abuso de autoridad y otros detalles graves, por el lado de responsabilidad administrativa como penal.<br \/>\nEN FIN. alfredoguevara0@gmail.com<\/p>\n","protected":false},"excerpt":{"rendered":"<p>Tinta Negra Alfredo Guevara 1.- Las jornadas de profesionalizaci\u00f3n municipal, impartidas por la Auditor\u00eda Superior del Estado, la Secretar\u00eda Anticorrupci\u00f3n y Buen Gobierno, como la Fiscal\u00eda Especializada en Combate a la Corrupci\u00f3n, han dado resultados. El Auditor FRANCISCO NORIEGA OROZCO lo ha comprobado en el proceso de revisi\u00f3n y fiscalizaci\u00f3n de cuentas p\u00fablicas del ejercicio [&hellip;]<\/p>\n","protected":false},"author":1,"featured_media":216286,"comment_status":"closed","ping_status":"closed","sticky":false,"template":"","format":"standard","meta":{"footnotes":""},"categories":[16],"tags":[],"class_list":["post-217546","post","type-post","status-publish","format-standard","has-post-thumbnail","hentry","category-opinion"],"_links":{"self":[{"href":"https:\/\/www.elsinodaldetamaulipas.com.mx\/index.php?rest_route=\/wp\/v2\/posts\/217546","targetHints":{"allow":["GET"]}}],"collection":[{"href":"https:\/\/www.elsinodaldetamaulipas.com.mx\/index.php?rest_route=\/wp\/v2\/posts"}],"about":[{"href":"https:\/\/www.elsinodaldetamaulipas.com.mx\/index.php?rest_route=\/wp\/v2\/types\/post"}],"author":[{"embeddable":true,"href":"https:\/\/www.elsinodaldetamaulipas.com.mx\/index.php?rest_route=\/wp\/v2\/users\/1"}],"replies":[{"embeddable":true,"href":"https:\/\/www.elsinodaldetamaulipas.com.mx\/index.php?rest_route=%2Fwp%2Fv2%2Fcomments&post=217546"}],"version-history":[{"count":1,"href":"https:\/\/www.elsinodaldetamaulipas.com.mx\/index.php?rest_route=\/wp\/v2\/posts\/217546\/revisions"}],"predecessor-version":[{"id":217547,"href":"https:\/\/www.elsinodaldetamaulipas.com.mx\/index.php?rest_route=\/wp\/v2\/posts\/217546\/revisions\/217547"}],"wp:featuredmedia":[{"embeddable":true,"href":"https:\/\/www.elsinodaldetamaulipas.com.mx\/index.php?rest_route=\/wp\/v2\/media\/216286"}],"wp:attachment":[{"href":"https:\/\/www.elsinodaldetamaulipas.com.mx\/index.php?rest_route=%2Fwp%2Fv2%2Fmedia&parent=217546"}],"wp:term":[{"taxonomy":"category","embeddable":true,"href":"https:\/\/www.elsinodaldetamaulipas.com.mx\/index.php?rest_route=%2Fwp%2Fv2%2Fcategories&post=217546"},{"taxonomy":"post_tag","embeddable":true,"href":"https:\/\/www.elsinodaldetamaulipas.com.mx\/index.php?rest_route=%2Fwp%2Fv2%2Ftags&post=217546"}],"curies":[{"name":"wp","href":"https:\/\/api.w.org\/{rel}","templated":true}]}}