{"id":217555,"date":"2026-01-17T15:44:36","date_gmt":"2026-01-17T19:44:36","guid":{"rendered":"https:\/\/www.elsinodaldetamaulipas.com.mx\/?p=217555"},"modified":"2026-01-17T15:44:36","modified_gmt":"2026-01-17T19:44:36","slug":"realizan-concienzudas-jornadas-de-limpieza","status":"publish","type":"post","link":"https:\/\/www.elsinodaldetamaulipas.com.mx\/?p=217555","title":{"rendered":"REALIZAN CONCIENZUDAS JORNADAS DE LIMPIEZA"},"content":{"rendered":"<p><em><strong>Por Gil Vicente Galindo\/EL SINODAL DE TAMAULIPAS<\/strong><\/em><\/p>\n<p>Reynosa, , Tam.- -Seguimos con el plan de trabajo trazado en base a peticiones ciudadanas con intensas jornadas de limpieza, mantenimiento en el sistema de alumbrado p\u00fablico, a plazas y sus juegos infantiles-.<\/p>\n<p>Antonio Ch\u00e1vez Herrera, coordinador de servicios p\u00fablicos, dio a conocer lo anterior, se\u00f1alando que entre las acciones a realizar est\u00e1n la instalaci\u00f3n de se\u00f1alizaci\u00f3n, lavado de cordones, limpieza en escuelas, mantenimiento a juegos infantiles, boyas, barrido de bulevares y avenidas, as\u00ed como riego de \u00e1reas verdes.<\/p>\n<p>\u201cEstamos a las ordenes en la coordinaci\u00f3n de servicios p\u00fablicos, atendiendo peticiones de la ciudadan\u00eda, de directores y directoras de escuelas que le hicieron a presidencia municipal, agreg\u00f3 el funcionario.<\/p>\n<p><img loading=\"lazy\" decoding=\"async\" class=\"aligncenter wp-image-217564 size-full\" src=\"https:\/\/www.elsinodaldetamaulipas.com.mx\/wp-content\/uploads\/2026\/01\/SERVICIOS-2.jpg\" alt=\"\" width=\"894\" height=\"487\" srcset=\"https:\/\/www.elsinodaldetamaulipas.com.mx\/wp-content\/uploads\/2026\/01\/SERVICIOS-2.jpg 894w, https:\/\/www.elsinodaldetamaulipas.com.mx\/wp-content\/uploads\/2026\/01\/SERVICIOS-2-300x163.jpg 300w, https:\/\/www.elsinodaldetamaulipas.com.mx\/wp-content\/uploads\/2026\/01\/SERVICIOS-2-768x418.jpg 768w\" sizes=\"auto, (max-width: 894px) 100vw, 894px\" \/><\/p>\n<p>Las jornadas de limpieza integral en colonias han resultado todo un \u00e9xito, donde vecinos tiran todo tipo de cacharros, basura, muebles, llantas, ramas, de esta manera se cuida el medio ambiente y la salud de las familias, coment\u00f3 el coordinador de esa dependencia.<\/p>\n<p>-Invitamos a todos los ciudadanos a cuidar nuestra ciudad, no tirando basura en la v\u00eda p\u00fablica, no quemar basura, cuidar el agua para dejar un medio ambiente mucho mejor a nuevas generaciones-, explico Antonio Ch\u00e1vez Herrera, titular de servicios p\u00fablicos de Reynosa.<\/p>\n","protected":false},"excerpt":{"rendered":"<p>Por Gil Vicente Galindo\/EL SINODAL DE TAMAULIPAS Reynosa, , Tam.- -Seguimos con el plan de trabajo trazado en base a peticiones ciudadanas con intensas jornadas de limpieza, mantenimiento en el sistema de alumbrado p\u00fablico, a plazas y sus juegos infantiles-. Antonio Ch\u00e1vez Herrera, coordinador de servicios p\u00fablicos, dio a conocer lo anterior, se\u00f1alando que entre [&hellip;]<\/p>\n","protected":false},"author":1,"featured_media":217563,"comment_status":"closed","ping_status":"closed","sticky":false,"template":"","format":"standard","meta":{"footnotes":""},"categories":[1,2],"tags":[],"class_list":["post-217555","post","type-post","status-publish","format-standard","has-post-thumbnail","hentry","category-portada","category-reynosa"],"_links":{"self":[{"href":"https:\/\/www.elsinodaldetamaulipas.com.mx\/index.php?rest_route=\/wp\/v2\/posts\/217555","targetHints":{"allow":["GET"]}}],"collection":[{"href":"https:\/\/www.elsinodaldetamaulipas.com.mx\/index.php?rest_route=\/wp\/v2\/posts"}],"about":[{"href":"https:\/\/www.elsinodaldetamaulipas.com.mx\/index.php?rest_route=\/wp\/v2\/types\/post"}],"author":[{"embeddable":true,"href":"https:\/\/www.elsinodaldetamaulipas.com.mx\/index.php?rest_route=\/wp\/v2\/users\/1"}],"replies":[{"embeddable":true,"href":"https:\/\/www.elsinodaldetamaulipas.com.mx\/index.php?rest_route=%2Fwp%2Fv2%2Fcomments&post=217555"}],"version-history":[{"count":1,"href":"https:\/\/www.elsinodaldetamaulipas.com.mx\/index.php?rest_route=\/wp\/v2\/posts\/217555\/revisions"}],"predecessor-version":[{"id":217565,"href":"https:\/\/www.elsinodaldetamaulipas.com.mx\/index.php?rest_route=\/wp\/v2\/posts\/217555\/revisions\/217565"}],"wp:featuredmedia":[{"embeddable":true,"href":"https:\/\/www.elsinodaldetamaulipas.com.mx\/index.php?rest_route=\/wp\/v2\/media\/217563"}],"wp:attachment":[{"href":"https:\/\/www.elsinodaldetamaulipas.com.mx\/index.php?rest_route=%2Fwp%2Fv2%2Fmedia&parent=217555"}],"wp:term":[{"taxonomy":"category","embeddable":true,"href":"https:\/\/www.elsinodaldetamaulipas.com.mx\/index.php?rest_route=%2Fwp%2Fv2%2Fcategories&post=217555"},{"taxonomy":"post_tag","embeddable":true,"href":"https:\/\/www.elsinodaldetamaulipas.com.mx\/index.php?rest_route=%2Fwp%2Fv2%2Ftags&post=217555"}],"curies":[{"name":"wp","href":"https:\/\/api.w.org\/{rel}","templated":true}]}}