{"id":217557,"date":"2026-01-17T15:14:29","date_gmt":"2026-01-17T19:14:29","guid":{"rendered":"https:\/\/www.elsinodaldetamaulipas.com.mx\/?p=217557"},"modified":"2026-01-17T15:15:06","modified_gmt":"2026-01-17T19:15:06","slug":"preven-llegada-de-fuerte-frente-frio-para-hoy","status":"publish","type":"post","link":"https:\/\/www.elsinodaldetamaulipas.com.mx\/?p=217557","title":{"rendered":"PREV\u00c9N LLEGADA DE FUERTE FRENTE FR\u00cdO PARA HOY"},"content":{"rendered":"<p>&nbsp;<\/p>\n<p><strong>La Coordinaci\u00f3n Nacional de Protecci\u00f3n Civil anuncia arribo del fen\u00f3meno para la noche de este s\u00e1bado<\/strong><\/p>\n<p>&nbsp;<\/p>\n<p><em>Por Julio Manuel Loya Guzm\u00e1n\/<strong>EL SINODAL DE TAMAULIPAS<\/strong><\/em><\/p>\n<p>Cd. Victoria, Tamaulipas.\u2014 La Coordinaci\u00f3n Nacional de Protecci\u00f3n Civil (CNPC) activ\u00f3 una alerta preventiva por el ingreso del Frente Fr\u00edo n\u00famero 29, que provocar\u00e1 un marcado descenso de temperaturas, lluvias y vientos intensos en diversas regiones del pa\u00eds, con impacto directo en Tamaulipas, donde se prev\u00e9 un nuevo evento de \u201cNorte\u201d a partir de la noche de \u00e9ste s\u00e1bado.<\/p>\n<p>&nbsp;<\/p>\n<p>De acuerdo con el Servicio Meteorol\u00f3gico Nacional (SMN), el sistema frontal ingresar\u00e1 la tarde de este viernes por el norte y noreste del territorio nacional, impulsado por una masa de aire polar, lo que generar\u00e1 ambiente fr\u00edo a g\u00e9lido, bancos de niebla y rachas de viento fuertes a intensas.<\/p>\n<p>&nbsp;<\/p>\n<p>Para Tamaulipas, las autoridades federales anticipan vientos de 30 a 50 kil\u00f3metros por hora, con rachas de hasta 80 kil\u00f3metros por hora, condiciones que se extender\u00e1n hacia Veracruz y posteriormente al litoral del Golfo de M\u00e9xico, con riesgo de afectaciones en zonas costeras, carreteras y \u00e1reas urbanas, adem\u00e1s de oleaje elevado.<\/p>\n<p>&nbsp;<\/p>\n<p>En el estado, el frente fr\u00edo se mantendr\u00e1 con efectos hasta el pr\u00f3ximo martes. Para Ciudad Victoria se pronostican temperaturas m\u00e1ximas de 19 grados cent\u00edgrados y m\u00ednimas de hasta cinco grados.<\/p>\n<p>&nbsp;<\/p>\n<p>En la regi\u00f3n serrana, Miquihuana registrar\u00e1 un descenso m\u00e1s severo, con temperaturas de dos grados cent\u00edgrados durante la noche del s\u00e1bado y, para el domingo, m\u00e1ximas de 13 grados y m\u00ednimas de un grado cent\u00edgrado.<\/p>\n<p>&nbsp;<\/p>\n<p>En la zona norte de la entidad, Nuevo Laredo alcanzar\u00e1 temperaturas m\u00e1ximas de 17 grados y m\u00ednimas de tres grados cent\u00edgrados; Reynosa tendr\u00e1 m\u00e1ximas de 19 grados y m\u00ednimas de hasta cinco grados. En tanto, Matamoros reportar\u00e1 durante los pr\u00f3ximos cuatro d\u00edas temperaturas m\u00e1ximas de 19 grados y m\u00ednimas de seis grados cent\u00edgrados.<\/p>\n<p>&nbsp;<\/p>\n<p>Para la regi\u00f3n ribere\u00f1a, que comprende los municipios de Mier, Miguel Alem\u00e1n, Valadeces, Camargo y D\u00edaz Ordaz, el pron\u00f3stico indica temperaturas m\u00e1ximas de 19 grados y m\u00ednimas cercanas a los cuatro grados cent\u00edgrados.<\/p>\n<p>&nbsp;<\/p>\n<p>Mientras que en la zona sur de Tamaulipas los municipios Tampico,\u00a0 Madero y Altamira el term\u00f3metro marcar\u00e1 temperaturas m\u00e1ximas de 19\u00a0 \u00b0C y m\u00ednimas de de 12 grados.<\/p>\n<p>&nbsp;<\/p>\n<p>La CNPC advirti\u00f3 que la presencia de bancos de niebla podr\u00eda reducir la visibilidad en tramos carreteros, mientras que el descenso t\u00e9rmico incrementa el riesgo de congelamiento del pavimento, por lo que se recomend\u00f3 extremar precauciones al conducir, principalmente durante la madrugada y primeras horas del d\u00eda.<\/p>\n<p>&nbsp;<\/p>\n<p>Ante este escenario, Protecci\u00f3n Civil exhort\u00f3 a la poblaci\u00f3n a mantenerse abrigada, utilizar ropa t\u00e9rmica, proteger cabeza y rostro, y extremar cuidados en el uso de calentadores de gas o le\u00f1a, a fin de evitar riesgos por intoxicaci\u00f3n.<\/p>\n","protected":false},"excerpt":{"rendered":"<p>&nbsp; La Coordinaci\u00f3n Nacional de Protecci\u00f3n Civil anuncia arribo del fen\u00f3meno para la noche de este s\u00e1bado &nbsp; Por Julio Manuel Loya Guzm\u00e1n\/EL SINODAL DE TAMAULIPAS Cd. Victoria, Tamaulipas.\u2014 La Coordinaci\u00f3n Nacional de Protecci\u00f3n Civil (CNPC) activ\u00f3 una alerta preventiva por el ingreso del Frente Fr\u00edo n\u00famero 29, que provocar\u00e1 un marcado descenso de temperaturas, [&hellip;]<\/p>\n","protected":false},"author":1,"featured_media":217558,"comment_status":"closed","ping_status":"closed","sticky":false,"template":"","format":"standard","meta":{"footnotes":""},"categories":[1,3],"tags":[],"class_list":["post-217557","post","type-post","status-publish","format-standard","has-post-thumbnail","hentry","category-portada","category-tamaulipas"],"_links":{"self":[{"href":"https:\/\/www.elsinodaldetamaulipas.com.mx\/index.php?rest_route=\/wp\/v2\/posts\/217557","targetHints":{"allow":["GET"]}}],"collection":[{"href":"https:\/\/www.elsinodaldetamaulipas.com.mx\/index.php?rest_route=\/wp\/v2\/posts"}],"about":[{"href":"https:\/\/www.elsinodaldetamaulipas.com.mx\/index.php?rest_route=\/wp\/v2\/types\/post"}],"author":[{"embeddable":true,"href":"https:\/\/www.elsinodaldetamaulipas.com.mx\/index.php?rest_route=\/wp\/v2\/users\/1"}],"replies":[{"embeddable":true,"href":"https:\/\/www.elsinodaldetamaulipas.com.mx\/index.php?rest_route=%2Fwp%2Fv2%2Fcomments&post=217557"}],"version-history":[{"count":2,"href":"https:\/\/www.elsinodaldetamaulipas.com.mx\/index.php?rest_route=\/wp\/v2\/posts\/217557\/revisions"}],"predecessor-version":[{"id":217560,"href":"https:\/\/www.elsinodaldetamaulipas.com.mx\/index.php?rest_route=\/wp\/v2\/posts\/217557\/revisions\/217560"}],"wp:featuredmedia":[{"embeddable":true,"href":"https:\/\/www.elsinodaldetamaulipas.com.mx\/index.php?rest_route=\/wp\/v2\/media\/217558"}],"wp:attachment":[{"href":"https:\/\/www.elsinodaldetamaulipas.com.mx\/index.php?rest_route=%2Fwp%2Fv2%2Fmedia&parent=217557"}],"wp:term":[{"taxonomy":"category","embeddable":true,"href":"https:\/\/www.elsinodaldetamaulipas.com.mx\/index.php?rest_route=%2Fwp%2Fv2%2Fcategories&post=217557"},{"taxonomy":"post_tag","embeddable":true,"href":"https:\/\/www.elsinodaldetamaulipas.com.mx\/index.php?rest_route=%2Fwp%2Fv2%2Ftags&post=217557"}],"curies":[{"name":"wp","href":"https:\/\/api.w.org\/{rel}","templated":true}]}}