{"id":217568,"date":"2026-01-17T16:17:16","date_gmt":"2026-01-17T20:17:16","guid":{"rendered":"https:\/\/www.elsinodaldetamaulipas.com.mx\/?p=217568"},"modified":"2026-01-17T16:17:16","modified_gmt":"2026-01-17T20:17:16","slug":"positivo-balance-presento-director-del-tecnm","status":"publish","type":"post","link":"https:\/\/www.elsinodaldetamaulipas.com.mx\/?p=217568","title":{"rendered":"POSITIVO BALANCE PRESENT\u00d3 DIRECTOR DEL TecNM"},"content":{"rendered":"<p><em>Por Gil Vicente Galindo\/EL SINODAL DE TAMAULIPAS<\/em><\/p>\n<p>Con grandes avances tecnol\u00f3gicos, investigaci\u00f3n, cient\u00edficos y acad\u00e9micos, el profesor Ram\u00f3n Jim\u00e9nez L\u00f3pez, director general del Tecnol\u00f3gico Nacional de M\u00e9xico, rindi\u00f3 su tercer informe de actividades.<\/p>\n<p>\u201cAgradezco todo el esfuerzo que realizan todos y cada uno de ustedes para atender m\u00e1s y mejor a nuestra comunidad estudiantil, de los cuales suman m\u00e1s de 44 mil becados por excelencia acad\u00e9mica, que d\u00eda a d\u00eda escriben el futuro de nuestra instituci\u00f3n\u201d, dijo el profesor Ram\u00f3n Jim\u00e9nez L\u00f3pez.<\/p>\n<p>Presente el director jur\u00eddico del TecNM, maestro Antonio Andr\u00e9s P\u00e9rez M\u00e9ndez, en la que se reafirm\u00f3 que uno de los avances significativos ha sido la certeza jur\u00eddica en todo y cada uno de los distintos Institutos Tecnol\u00f3gicos y todo gracias al equipo que se ha conformado a lo largo y ancho del pa\u00eds.<\/p>\n<p><img loading=\"lazy\" decoding=\"async\" class=\"aligncenter wp-image-217570 size-full\" src=\"https:\/\/www.elsinodaldetamaulipas.com.mx\/wp-content\/uploads\/2026\/01\/RAMON-JIMENEZ-2.jpg\" alt=\"\" width=\"894\" height=\"487\" srcset=\"https:\/\/www.elsinodaldetamaulipas.com.mx\/wp-content\/uploads\/2026\/01\/RAMON-JIMENEZ-2.jpg 894w, https:\/\/www.elsinodaldetamaulipas.com.mx\/wp-content\/uploads\/2026\/01\/RAMON-JIMENEZ-2-300x163.jpg 300w, https:\/\/www.elsinodaldetamaulipas.com.mx\/wp-content\/uploads\/2026\/01\/RAMON-JIMENEZ-2-768x418.jpg 768w\" sizes=\"auto, (max-width: 894px) 100vw, 894px\" \/><\/p>\n<p>Por otra parte, el maestro Marco Polo Mendoza, secretario de planeaci\u00f3n, destaco y agradeci\u00f3 la presencia de directores y directoras de planteles de todo el pa\u00eds, enfatizando sobre la gran transformaci\u00f3n que vive este sistema.<\/p>\n<p>El tercer informe del profesor Ram\u00f3n Jim\u00e9nez L\u00f3pez al frente del TecNM, ha registrado el mayor crecimiento tecnol\u00f3gico y de aprendizaje de miles de estudiantes, que egresan con reconocimiento internacional.<\/p>\n<p>\u201cDurante estos tres a\u00f1os hemos logrado gracias al apoyo del gobierno federal que titula la presidenta, Claudia Sheinbaum Pardo, consolid\u00e1ndonos como una instituci\u00f3n, de mayor rango en toda Latinoam\u00e9rica, recuperando espacios a trav\u00e9s de la direcci\u00f3n jur\u00eddica, que titula el amigo, maestro Antonio Andr\u00e9s P\u00e9rez M\u00e9ndez, gracias\u201d, dijo el director general del TecNM.<\/p>\n<p><img loading=\"lazy\" decoding=\"async\" class=\"aligncenter wp-image-217571 size-full\" src=\"https:\/\/www.elsinodaldetamaulipas.com.mx\/wp-content\/uploads\/2026\/01\/RAMON-JIMENEZ-3.jpg\" alt=\"\" width=\"894\" height=\"487\" srcset=\"https:\/\/www.elsinodaldetamaulipas.com.mx\/wp-content\/uploads\/2026\/01\/RAMON-JIMENEZ-3.jpg 894w, https:\/\/www.elsinodaldetamaulipas.com.mx\/wp-content\/uploads\/2026\/01\/RAMON-JIMENEZ-3-300x163.jpg 300w, https:\/\/www.elsinodaldetamaulipas.com.mx\/wp-content\/uploads\/2026\/01\/RAMON-JIMENEZ-3-768x418.jpg 768w\" sizes=\"auto, (max-width: 894px) 100vw, 894px\" \/><\/p>\n<p>Adem\u00e1s de los m\u00e1s de 44 mil estudiantes becados, el TecNM ha logrado un sustancial incremento en la Red Nodess, en la Red Nacional de Semiconductores, red nacional de ma\u00edces nativos.<\/p>\n<p>As\u00ed como en la red nacional de turismo comunitario, sin dejar fuera la escrituraci\u00f3n de espacios recuperados y reglamento estudiantil entre muchos otros \u00e9xitos en estos tres a\u00f1os, gracias<\/p>\n","protected":false},"excerpt":{"rendered":"<p>Por Gil Vicente Galindo\/EL SINODAL DE TAMAULIPAS Con grandes avances tecnol\u00f3gicos, investigaci\u00f3n, cient\u00edficos y acad\u00e9micos, el profesor Ram\u00f3n Jim\u00e9nez L\u00f3pez, director general del Tecnol\u00f3gico Nacional de M\u00e9xico, rindi\u00f3 su tercer informe de actividades. \u201cAgradezco todo el esfuerzo que realizan todos y cada uno de ustedes para atender m\u00e1s y mejor a nuestra comunidad estudiantil, de [&hellip;]<\/p>\n","protected":false},"author":1,"featured_media":217569,"comment_status":"closed","ping_status":"closed","sticky":false,"template":"","format":"standard","meta":{"footnotes":""},"categories":[4],"tags":[],"class_list":["post-217568","post","type-post","status-publish","format-standard","has-post-thumbnail","hentry","category-nacional"],"_links":{"self":[{"href":"https:\/\/www.elsinodaldetamaulipas.com.mx\/index.php?rest_route=\/wp\/v2\/posts\/217568","targetHints":{"allow":["GET"]}}],"collection":[{"href":"https:\/\/www.elsinodaldetamaulipas.com.mx\/index.php?rest_route=\/wp\/v2\/posts"}],"about":[{"href":"https:\/\/www.elsinodaldetamaulipas.com.mx\/index.php?rest_route=\/wp\/v2\/types\/post"}],"author":[{"embeddable":true,"href":"https:\/\/www.elsinodaldetamaulipas.com.mx\/index.php?rest_route=\/wp\/v2\/users\/1"}],"replies":[{"embeddable":true,"href":"https:\/\/www.elsinodaldetamaulipas.com.mx\/index.php?rest_route=%2Fwp%2Fv2%2Fcomments&post=217568"}],"version-history":[{"count":1,"href":"https:\/\/www.elsinodaldetamaulipas.com.mx\/index.php?rest_route=\/wp\/v2\/posts\/217568\/revisions"}],"predecessor-version":[{"id":217572,"href":"https:\/\/www.elsinodaldetamaulipas.com.mx\/index.php?rest_route=\/wp\/v2\/posts\/217568\/revisions\/217572"}],"wp:featuredmedia":[{"embeddable":true,"href":"https:\/\/www.elsinodaldetamaulipas.com.mx\/index.php?rest_route=\/wp\/v2\/media\/217569"}],"wp:attachment":[{"href":"https:\/\/www.elsinodaldetamaulipas.com.mx\/index.php?rest_route=%2Fwp%2Fv2%2Fmedia&parent=217568"}],"wp:term":[{"taxonomy":"category","embeddable":true,"href":"https:\/\/www.elsinodaldetamaulipas.com.mx\/index.php?rest_route=%2Fwp%2Fv2%2Fcategories&post=217568"},{"taxonomy":"post_tag","embeddable":true,"href":"https:\/\/www.elsinodaldetamaulipas.com.mx\/index.php?rest_route=%2Fwp%2Fv2%2Ftags&post=217568"}],"curies":[{"name":"wp","href":"https:\/\/api.w.org\/{rel}","templated":true}]}}