{"id":217585,"date":"2026-01-18T18:19:43","date_gmt":"2026-01-18T22:19:43","guid":{"rendered":"https:\/\/www.elsinodaldetamaulipas.com.mx\/?p=217585"},"modified":"2026-01-18T18:19:43","modified_gmt":"2026-01-18T22:19:43","slug":"%c2%a8lucero-deosdady%c2%a8","status":"publish","type":"post","link":"https:\/\/www.elsinodaldetamaulipas.com.mx\/?p=217585","title":{"rendered":"\u00a8LUCERO DEOSDADY\u00a8"},"content":{"rendered":"<p>Por Oscar D\u00edaz Salazar<\/p>\n<p>La primera vez que escuch\u00e9 el nombre de la hoy diputada local Lucero Deosdady Martinez L\u00f3pez,fue all\u00e1 por el a\u00f1o 2022, cuando estuvo a casi nada de ser encumbrada a la dirigencia estatal de morena.<\/p>\n<p>La posibilidad de que la ayudante de Monica Villarreal llegara a la presidencia de morena, se dio a partir de que la definici\u00f3n tendr\u00eda que recaer en una de las 45 consejeras estatales mujeres, que fueron electas con anterioridad en los nueve distritos electorales federales que hab\u00eda en Tamaulipas, siendo muy pocas de estas militantes afines al gobernador.<\/p>\n<p>En su oportunidad recib\u00ed, busqu\u00e9 y encontr\u00e9, fotograf\u00edas de Lucero Deosdady en eventos del PRI y del PAN, y una breve rese\u00f1a de su trayectoria pol\u00edtica, vinculada por mucho tiempo a la maestra Magdalena Peraza y a M\u00f3nica Villarreal, mentoras y l\u00edderes pol\u00edticas de la hoy diputada plurinominal, que no se caracterizan por su congruencia ideol\u00f3gica ni por su lealtad partidista.<\/p>\n<p><img loading=\"lazy\" decoding=\"async\" class=\"aligncenter wp-image-217587 size-full\" src=\"https:\/\/www.elsinodaldetamaulipas.com.mx\/wp-content\/uploads\/2026\/01\/LUCERO-1.jpg\" alt=\"\" width=\"960\" height=\"720\" srcset=\"https:\/\/www.elsinodaldetamaulipas.com.mx\/wp-content\/uploads\/2026\/01\/LUCERO-1.jpg 960w, https:\/\/www.elsinodaldetamaulipas.com.mx\/wp-content\/uploads\/2026\/01\/LUCERO-1-300x225.jpg 300w, https:\/\/www.elsinodaldetamaulipas.com.mx\/wp-content\/uploads\/2026\/01\/LUCERO-1-768x576.jpg 768w, https:\/\/www.elsinodaldetamaulipas.com.mx\/wp-content\/uploads\/2026\/01\/LUCERO-1-272x204.jpg 272w\" sizes=\"auto, (max-width: 960px) 100vw, 960px\" \/><\/p>\n<p>En v\u00edsperas de elegir a la presidenta de morena, publiqu\u00e9 el material gr\u00e1fico de la candidata de la casa (de M\u00f3nica Villarreal) en m\u00edtines, marchas y reuniones del PRI y del PAN, con el atuendo que la evidenciaba como simpatizante del tricolor e incluso del panismo de las Vacas Locas.<\/p>\n<p>Pero el pasado panista se perdona, y el priista es casi un requisito para ser considerado militante de morena en Tamaulipas, lo que yo no sab\u00eda, porque la diputada lo omite en su curr\u00edculum, es que Lucero Deosdady fue polic\u00eda, y no de los buenos, si acaso hubiera buenos entre la gendarmer\u00eda y las fuerzas del orden.<\/p>\n<p>Omito referirme a su condici\u00f3n de activista de la comunidad LGBTT, porque es pol\u00edticamente incorrecto, e incluso considerado violencia pol\u00edtica de g\u00e9nero (diverso), pero ese cap\u00edtulo de su biograf\u00eda, el de su faceta de miembro de la Policia Metropolitana, lo estoy documentando, y confirmando versiones que la exhibir\u00edan como mala polic\u00eda, si me permiten usar la expresi\u00f3n que es casi un pleonasmo.<\/p>\n<p><img loading=\"lazy\" decoding=\"async\" class=\"aligncenter wp-image-217588 size-full\" src=\"https:\/\/www.elsinodaldetamaulipas.com.mx\/wp-content\/uploads\/2026\/01\/LUCERO-2.jpg\" alt=\"\" width=\"1179\" height=\"894\" srcset=\"https:\/\/www.elsinodaldetamaulipas.com.mx\/wp-content\/uploads\/2026\/01\/LUCERO-2.jpg 1179w, https:\/\/www.elsinodaldetamaulipas.com.mx\/wp-content\/uploads\/2026\/01\/LUCERO-2-300x227.jpg 300w, https:\/\/www.elsinodaldetamaulipas.com.mx\/wp-content\/uploads\/2026\/01\/LUCERO-2-1024x776.jpg 1024w, https:\/\/www.elsinodaldetamaulipas.com.mx\/wp-content\/uploads\/2026\/01\/LUCERO-2-768x582.jpg 768w\" sizes=\"auto, (max-width: 1179px) 100vw, 1179px\" \/><\/p>\n<p>En cuanto \u201cle corran la serie\u201d podr\u00e9 abundar en ese episodio de la \u00fanica diputada de morena que perdi\u00f3 su elecci\u00f3n, pero tuvo la protecci\u00f3n de su madrina para garantizar su acceso al congreso con una postulaci\u00f3n por la v\u00eda plurinominal, adicional a la de mayor\u00eda relativa, donde fue derrotada por el candidato de su antiguo partido, el PAN.<\/p>\n<p>Aunque Lucero Deosdady se hab\u00eda mantenido alejada de los reflectores, en los \u00faltimos d\u00edas se le ha visto muy cercana, yo dir\u00eda cercanisima, a la presidenta Monica Villarreal, su compa\u00f1era de aventuras e incursiones pol\u00edticas, siendo ambas disc\u00edpulas y seguidoras de la maestra y maromera de la pol\u00edtica, Magda Peraza.<\/p>\n<p>El pr\u00f3ximo cap\u00edtulo de la serie es de tipo policiaco, y promete estar muy interesante porque incluye negocios turbios, secuestros, etc., teniendo como protagonista principal a la entenada (como dicen en el sur) de la Maestra Peraza.<\/p>\n","protected":false},"excerpt":{"rendered":"<p>Por Oscar D\u00edaz Salazar La primera vez que escuch\u00e9 el nombre de la hoy diputada local Lucero Deosdady Martinez L\u00f3pez,fue all\u00e1 por el a\u00f1o 2022, cuando estuvo a casi nada de ser encumbrada a la dirigencia estatal de morena. La posibilidad de que la ayudante de Monica Villarreal llegara a la presidencia de morena, se [&hellip;]<\/p>\n","protected":false},"author":1,"featured_media":217586,"comment_status":"closed","ping_status":"closed","sticky":false,"template":"","format":"standard","meta":{"footnotes":""},"categories":[16],"tags":[],"class_list":["post-217585","post","type-post","status-publish","format-standard","has-post-thumbnail","hentry","category-opinion"],"_links":{"self":[{"href":"https:\/\/www.elsinodaldetamaulipas.com.mx\/index.php?rest_route=\/wp\/v2\/posts\/217585","targetHints":{"allow":["GET"]}}],"collection":[{"href":"https:\/\/www.elsinodaldetamaulipas.com.mx\/index.php?rest_route=\/wp\/v2\/posts"}],"about":[{"href":"https:\/\/www.elsinodaldetamaulipas.com.mx\/index.php?rest_route=\/wp\/v2\/types\/post"}],"author":[{"embeddable":true,"href":"https:\/\/www.elsinodaldetamaulipas.com.mx\/index.php?rest_route=\/wp\/v2\/users\/1"}],"replies":[{"embeddable":true,"href":"https:\/\/www.elsinodaldetamaulipas.com.mx\/index.php?rest_route=%2Fwp%2Fv2%2Fcomments&post=217585"}],"version-history":[{"count":1,"href":"https:\/\/www.elsinodaldetamaulipas.com.mx\/index.php?rest_route=\/wp\/v2\/posts\/217585\/revisions"}],"predecessor-version":[{"id":217589,"href":"https:\/\/www.elsinodaldetamaulipas.com.mx\/index.php?rest_route=\/wp\/v2\/posts\/217585\/revisions\/217589"}],"wp:featuredmedia":[{"embeddable":true,"href":"https:\/\/www.elsinodaldetamaulipas.com.mx\/index.php?rest_route=\/wp\/v2\/media\/217586"}],"wp:attachment":[{"href":"https:\/\/www.elsinodaldetamaulipas.com.mx\/index.php?rest_route=%2Fwp%2Fv2%2Fmedia&parent=217585"}],"wp:term":[{"taxonomy":"category","embeddable":true,"href":"https:\/\/www.elsinodaldetamaulipas.com.mx\/index.php?rest_route=%2Fwp%2Fv2%2Fcategories&post=217585"},{"taxonomy":"post_tag","embeddable":true,"href":"https:\/\/www.elsinodaldetamaulipas.com.mx\/index.php?rest_route=%2Fwp%2Fv2%2Ftags&post=217585"}],"curies":[{"name":"wp","href":"https:\/\/api.w.org\/{rel}","templated":true}]}}