{"id":217591,"date":"2026-01-18T19:06:24","date_gmt":"2026-01-18T23:06:24","guid":{"rendered":"https:\/\/www.elsinodaldetamaulipas.com.mx\/?p=217591"},"modified":"2026-01-18T19:06:24","modified_gmt":"2026-01-18T23:06:24","slug":"dictan-prision-preventiva-a-presunta-feminicida","status":"publish","type":"post","link":"https:\/\/www.elsinodaldetamaulipas.com.mx\/?p=217591","title":{"rendered":"DICTAN PRISI\u00d3N PREVENTIVA A PRESUNTA FEMINICIDA"},"content":{"rendered":"<p>EL SINODAL DE TAMAULIPAS<\/p>\n<p>Reynosa, Tamaulipas.\u2013 La autoridad judicial, con base en los datos de prueba presentados por la Fiscal\u00eda General de Justicia del Estado de Tamaulipas, a trav\u00e9s de la Fiscal\u00eda Especializada en la Investigaci\u00f3n del Delito de Feminicidio y Homicidio Doloso de Mujeres, vincul\u00f3 a proceso a Julieta \u201cR\u201d por su probable responsabilidad en el delito de Feminicidio, en agravio de una persona menor de edad.<\/p>\n<p>Los hechos que se le imputan se registraron entre 4 de enero y el 6 de enero de 2026, en un domicilio ubicado en un Fraccionamiento al oeste de esta ciudad. De acuerdo con la investigaci\u00f3n, la v\u00edctima, presentaba m\u00faltiples y diversas lesiones.<\/p>\n<p>Tras valorar los elementos aportados, la Jueza de Control determin\u00f3 imponer como medida cautelar la prisi\u00f3n preventiva oficiosa, adem\u00e1s de fijar un plazo de cuatro meses para el cierre de la investigaci\u00f3n complementaria.<\/p>\n<p>Con esta determinaci\u00f3n, la Fiscal\u00eda General de Justicia del Estado de Tamaulipas reitera su compromiso de combatir con firmeza la violencia de g\u00e9nero, garantizar la protecci\u00f3n de los derechos de ni\u00f1as, ni\u00f1os y adolescentes, y procurar acceso a la justicia para las v\u00edctimas.<\/p>\n<p style=\"text-align: center;\"><strong>LIBERE EN ETAPA PROCESAL<\/strong><\/p>\n<p>Ciudad Victoria, Tamaulipas.- La Fiscal\u00eda General de Justicia del Estado de Tamaulipas a trav\u00e9s de la Fiscal\u00eda Especializada en la Investigaci\u00f3n de los delitos contra Ni\u00f1os, Ni\u00f1as y Adolescentes y de delitos contra las Mujeres por raz\u00f3n de g\u00e9nero (FENNAM) informa que, con motivo de la audiencia inicial celebrada este d\u00eda en el Centro Integral de Justicia de Ciudad Victoria, la autoridad judicial determin\u00f3 dictar la no vinculaci\u00f3n a proceso del imputado Carlos \u201cG\u201d, al estimar que, en esta etapa procesal, no se contaba con los elementos suficientes para dictar la vinculaci\u00f3n.<\/p>\n<p>&nbsp;<\/p>\n<p>Dicha determinaci\u00f3n corresponde exclusivamente al \u00e1mbito jurisdiccional y se emite conforme a las facultades que la Constituci\u00f3n y el C\u00f3digo Nacional de Procedimientos Penales confieren a la autoridad judicial durante el desarrollo de la audiencia inicial.<\/p>\n<p>&nbsp;<\/p>\n<p>La FENNAM precisa que la carpeta de investigaci\u00f3n permanece vigente y que el Ministerio P\u00fablico continuar\u00e1 ejerciendo sus atribuciones constitucionales y legales, orientadas a la conducci\u00f3n de la investigaci\u00f3n, el fortalecimiento de los actos de investigaci\u00f3n y la obtenci\u00f3n de datos de prueba adicionales que permitan el esclarecimiento de los hechos.<\/p>\n<p>&nbsp;<\/p>\n<p>En el marco del sistema penal acusatorio, la Fiscal\u00eda es responsable de dirigir la investigaci\u00f3n de los delitos, coordinar a las polic\u00edas de investigaci\u00f3n, ordenar los actos de investigaci\u00f3n necesarios y, en su caso, solicitar nuevamente la intervenci\u00f3n judicial conforme a derecho, cuando se cuente con los elementos suficientes.<\/p>\n","protected":false},"excerpt":{"rendered":"<p>EL SINODAL DE TAMAULIPAS Reynosa, Tamaulipas.\u2013 La autoridad judicial, con base en los datos de prueba presentados por la Fiscal\u00eda General de Justicia del Estado de Tamaulipas, a trav\u00e9s de la Fiscal\u00eda Especializada en la Investigaci\u00f3n del Delito de Feminicidio y Homicidio Doloso de Mujeres, vincul\u00f3 a proceso a Julieta \u201cR\u201d por su probable responsabilidad [&hellip;]<\/p>\n","protected":false},"author":1,"featured_media":217593,"comment_status":"closed","ping_status":"closed","sticky":false,"template":"","format":"standard","meta":{"footnotes":""},"categories":[25],"tags":[],"class_list":["post-217591","post","type-post","status-publish","format-standard","has-post-thumbnail","hentry","category-leyyorden"],"_links":{"self":[{"href":"https:\/\/www.elsinodaldetamaulipas.com.mx\/index.php?rest_route=\/wp\/v2\/posts\/217591","targetHints":{"allow":["GET"]}}],"collection":[{"href":"https:\/\/www.elsinodaldetamaulipas.com.mx\/index.php?rest_route=\/wp\/v2\/posts"}],"about":[{"href":"https:\/\/www.elsinodaldetamaulipas.com.mx\/index.php?rest_route=\/wp\/v2\/types\/post"}],"author":[{"embeddable":true,"href":"https:\/\/www.elsinodaldetamaulipas.com.mx\/index.php?rest_route=\/wp\/v2\/users\/1"}],"replies":[{"embeddable":true,"href":"https:\/\/www.elsinodaldetamaulipas.com.mx\/index.php?rest_route=%2Fwp%2Fv2%2Fcomments&post=217591"}],"version-history":[{"count":1,"href":"https:\/\/www.elsinodaldetamaulipas.com.mx\/index.php?rest_route=\/wp\/v2\/posts\/217591\/revisions"}],"predecessor-version":[{"id":217594,"href":"https:\/\/www.elsinodaldetamaulipas.com.mx\/index.php?rest_route=\/wp\/v2\/posts\/217591\/revisions\/217594"}],"wp:featuredmedia":[{"embeddable":true,"href":"https:\/\/www.elsinodaldetamaulipas.com.mx\/index.php?rest_route=\/wp\/v2\/media\/217593"}],"wp:attachment":[{"href":"https:\/\/www.elsinodaldetamaulipas.com.mx\/index.php?rest_route=%2Fwp%2Fv2%2Fmedia&parent=217591"}],"wp:term":[{"taxonomy":"category","embeddable":true,"href":"https:\/\/www.elsinodaldetamaulipas.com.mx\/index.php?rest_route=%2Fwp%2Fv2%2Fcategories&post=217591"},{"taxonomy":"post_tag","embeddable":true,"href":"https:\/\/www.elsinodaldetamaulipas.com.mx\/index.php?rest_route=%2Fwp%2Fv2%2Ftags&post=217591"}],"curies":[{"name":"wp","href":"https:\/\/api.w.org\/{rel}","templated":true}]}}