{"id":217595,"date":"2026-01-18T19:14:16","date_gmt":"2026-01-18T23:14:16","guid":{"rendered":"https:\/\/www.elsinodaldetamaulipas.com.mx\/?p=217595"},"modified":"2026-01-18T19:14:16","modified_gmt":"2026-01-18T23:14:16","slug":"vinculan-a-proceso-a-auto5-de-robo-violento","status":"publish","type":"post","link":"https:\/\/www.elsinodaldetamaulipas.com.mx\/?p=217595","title":{"rendered":"VINCULAN A PROCESO A AUTO5 DE ROBO VIOLENTO"},"content":{"rendered":"<p><em><strong>EL SINODAL DE TAMAULIPAS<\/strong><\/em><\/p>\n<p>Ciudad Victoria, Tamaulipas. \u2013 Una vez valorados los datos de prueba aportados por el Agente del Ministerio P\u00fablico, de la Fiscal\u00eda General de Justicia del Estado de Tamaulipas, un Juez de Control vincul\u00f3 a proceso a Hugo Iv\u00e1n \u201cZ\u201d por su probable participaci\u00f3n en el delito de Robo con Violencia.<\/p>\n<p>Los hechos que se le imputan ocurrieron el 6 de marzo de 2021, en el estacionamiento de una tienda de autoservicio ubicada en la colonia Adolfo L\u00f3pez Mateos de esta ciudad, en donde el acusado con uso de violencia se apoder\u00f3 de las pertenencias de la v\u00edctima.\u00a0 A petici\u00f3n de la Representaci\u00f3n Social, la autoridad judicial determin\u00f3 imponer prisi\u00f3n preventiva justificada como medida cautelar.<\/p>\n<p>Con acciones como esta, la Fiscal\u00eda General de Justicia del Estado de Tamaulipas refrenda su compromiso de trabajar para no permitir impunidad en los delitos que atentan contra patrimonio de las y los tamaulipecos.<\/p>\n","protected":false},"excerpt":{"rendered":"<p>EL SINODAL DE TAMAULIPAS Ciudad Victoria, Tamaulipas. \u2013 Una vez valorados los datos de prueba aportados por el Agente del Ministerio P\u00fablico, de la Fiscal\u00eda General de Justicia del Estado de Tamaulipas, un Juez de Control vincul\u00f3 a proceso a Hugo Iv\u00e1n \u201cZ\u201d por su probable participaci\u00f3n en el delito de Robo con Violencia. Los [&hellip;]<\/p>\n","protected":false},"author":1,"featured_media":217592,"comment_status":"closed","ping_status":"closed","sticky":false,"template":"","format":"standard","meta":{"footnotes":""},"categories":[25],"tags":[],"class_list":["post-217595","post","type-post","status-publish","format-standard","has-post-thumbnail","hentry","category-leyyorden"],"_links":{"self":[{"href":"https:\/\/www.elsinodaldetamaulipas.com.mx\/index.php?rest_route=\/wp\/v2\/posts\/217595","targetHints":{"allow":["GET"]}}],"collection":[{"href":"https:\/\/www.elsinodaldetamaulipas.com.mx\/index.php?rest_route=\/wp\/v2\/posts"}],"about":[{"href":"https:\/\/www.elsinodaldetamaulipas.com.mx\/index.php?rest_route=\/wp\/v2\/types\/post"}],"author":[{"embeddable":true,"href":"https:\/\/www.elsinodaldetamaulipas.com.mx\/index.php?rest_route=\/wp\/v2\/users\/1"}],"replies":[{"embeddable":true,"href":"https:\/\/www.elsinodaldetamaulipas.com.mx\/index.php?rest_route=%2Fwp%2Fv2%2Fcomments&post=217595"}],"version-history":[{"count":1,"href":"https:\/\/www.elsinodaldetamaulipas.com.mx\/index.php?rest_route=\/wp\/v2\/posts\/217595\/revisions"}],"predecessor-version":[{"id":217596,"href":"https:\/\/www.elsinodaldetamaulipas.com.mx\/index.php?rest_route=\/wp\/v2\/posts\/217595\/revisions\/217596"}],"wp:featuredmedia":[{"embeddable":true,"href":"https:\/\/www.elsinodaldetamaulipas.com.mx\/index.php?rest_route=\/wp\/v2\/media\/217592"}],"wp:attachment":[{"href":"https:\/\/www.elsinodaldetamaulipas.com.mx\/index.php?rest_route=%2Fwp%2Fv2%2Fmedia&parent=217595"}],"wp:term":[{"taxonomy":"category","embeddable":true,"href":"https:\/\/www.elsinodaldetamaulipas.com.mx\/index.php?rest_route=%2Fwp%2Fv2%2Fcategories&post=217595"},{"taxonomy":"post_tag","embeddable":true,"href":"https:\/\/www.elsinodaldetamaulipas.com.mx\/index.php?rest_route=%2Fwp%2Fv2%2Ftags&post=217595"}],"curies":[{"name":"wp","href":"https:\/\/api.w.org\/{rel}","templated":true}]}}