{"id":217597,"date":"2026-01-18T19:16:51","date_gmt":"2026-01-18T23:16:51","guid":{"rendered":"https:\/\/www.elsinodaldetamaulipas.com.mx\/?p=217597"},"modified":"2026-01-18T19:17:21","modified_gmt":"2026-01-18T23:17:21","slug":"217597","status":"publish","type":"post","link":"https:\/\/www.elsinodaldetamaulipas.com.mx\/?p=217597","title":{"rendered":"UN FALSO ROMANCE"},"content":{"rendered":"<div class=\"post-content\">\n<p><strong>EL PATINADERO<\/strong><\/p>\n<p><strong>Juan Antonio Montoya B\u00e1ez<\/strong><\/p>\n<p>&nbsp;<\/p>\n<p>Finalmente, el boxeador CARLOS fue liberado; la juez consider\u00f3 que no exist\u00edan elementos para que fuera procesado, por lo que dict\u00f3 su libertad inmediata. Las v\u00edctimas, dos doctoras del Hospital Infantil, presentaron una denuncia por el delito de violaci\u00f3n, pero esperan justicia en medio de una averiguaci\u00f3n manoseada donde parece no haber delito.<\/p>\n<p>La Fiscal\u00eda General de Justicia actu\u00f3 de manera precipitada; armaron un expediente que se evapor\u00f3 como un vaso de agua en el desierto, cuando desde un principio existieron elementos para dudar de la responsabilidad del boxeador. La juez que llevaba el proceso determin\u00f3 que no exist\u00edan las pruebas suficientes para dictar la vinculaci\u00f3n en esta etapa procesal.<\/p>\n<p>Sin embargo, la FGJE busca salvar su posici\u00f3n, por lo que aclara que la no vinculaci\u00f3n solamente responde al \u00e1mbito jurisdiccional y es parte del procedimiento penal. En ese sentido, protegen sus decisiones y establecen que la carpeta de investigaci\u00f3n se encuentra abierta, por lo que el Ministerio P\u00fablico fortalecer\u00e1 la indagatoria con la obtenci\u00f3n de datos de prueba adicionales que permitan el esclarecimiento de los hechos.<\/p>\n<p>En su aclaraci\u00f3n, se\u00f1alan que, en el marco del sistema penal acusatorio, la Fiscal\u00eda es responsable de dirigir la investigaci\u00f3n de los delitos, coordinar a las polic\u00edas de investigaci\u00f3n, ordenar los actos necesarios y, en su caso, solicitar nuevamente la intervenci\u00f3n judicial conforme a derecho cuando se cuente con los elementos suficientes.<\/p>\n<p>La Fiscal\u00eda General de Justicia del Estado reitera que sus actuaciones se rigen por los principios de legalidad, objetividad, profesionalismo y respeto a los derechos humanos, garantizan los derechos de las v\u00edctimas como el respeto al debido proceso y a la presunci\u00f3n de inocencia.<\/p>\n<p>A decir verdad, esa actitud no suma en nada para corregir la pifia que cometieron, presionados por un caso tan medi\u00e1tico y por supuestas investigaciones que se hicieron sin ton ni son; al final del proceso, las v\u00edctimas siguen pidiendo justicia y el deportista grit\u00f3 su inocencia a todo pulm\u00f3n.<\/p>\n<p>Una inocencia que se demostr\u00f3 con videos, testimonios y otros elementos de prueba. La orden de aprehensi\u00f3n nunca debi\u00f3 obsequiarse en su contra por los elementos tan pobres que se presentaron desde un inicio.<\/p>\n<p>Las protestas de los familiares del deportista en un acto del gobernador\u00a0<strong>AM\u00c9RICO VILLARREAL ANAYA<\/strong>\u00a0no pod\u00edan evitarse; no hab\u00eda manera de que la familia confiara en un di\u00e1logo con la FGJE, la misma instituci\u00f3n que lo culpaba de un delito con un expediente mediocre.<\/p>\n<p>Por eso, las acciones que se realizaron despu\u00e9s de la protesta fueron claves para su liberaci\u00f3n; la intervenci\u00f3n de la Secretar\u00eda General de Gobierno, con el titular\u00a0<strong>H\u00c9CTOR JOEL VILLEGAS<\/strong>\u00a0y el subsecretario\u00a0<strong>TOM\u00c1S GLORIA REQUENA<\/strong>, fue primordial para limpiar expedientes, calmar protestas y alcanzar la justicia.<\/p>\n<p>Ellos simplemente limpiaron la basura que la FGJ trat\u00f3 de ocultar debajo de la alfombra junto a un juez que determin\u00f3, en primera instancia, ordenar la detenci\u00f3n de un deportista al que trataron de noquear con el golpe de la injusticia, descubriendo el falso romance con la legalidad.<\/p>\n<p>Pero \u201cLa Rana\u201d pudo brincar la incapacidad y ceguera de los funcionarios que fingieron un romance con la justicia, creando un expediente delincuencial que se esfum\u00f3 ante tantas pruebas de inocencia.<\/p>\n<p>Por otro lado, el alcalde de Reynosa,\u00a0<strong>Carlos Pe\u00f1a Ortiz<\/strong>, inaugur\u00f3 una nueva pavimentaci\u00f3n con vecinos de Lomas del Villar, trabajo que forma parte del programa de obra p\u00fablica m\u00e1s grande de la ciudad. Se trata de la pavimentaci\u00f3n hidr\u00e1ulica de la calle Ingenieros: m\u00e1s de 1,000 metros cuadrados que suman calidad de vida a m\u00e1s de 1,000 beneficiarios.<\/p>\n<p>Bueno, por hoy es todo.<br \/>\nAdi\u00f3s y aguas con los patinazos\u2026<\/p>\n<p><strong>Contacto:<\/strong><br \/>\n<a href=\"mailto:patinadero@hotmail.com\" target=\"_blank\" rel=\"noreferrer noopener\">patinadero@hotmail.com<\/a><\/p>\n<\/div>\n<div class=\"post-tags-box\">\n<ul class=\"tags-box\">\n<li><\/li>\n<\/ul>\n<\/div>\n","protected":false},"excerpt":{"rendered":"<p>EL PATINADERO Juan Antonio Montoya B\u00e1ez &nbsp; Finalmente, el boxeador CARLOS fue liberado; la juez consider\u00f3 que no exist\u00edan elementos para que fuera procesado, por lo que dict\u00f3 su libertad inmediata. Las v\u00edctimas, dos doctoras del Hospital Infantil, presentaron una denuncia por el delito de violaci\u00f3n, pero esperan justicia en medio de una averiguaci\u00f3n manoseada [&hellip;]<\/p>\n","protected":false},"author":1,"featured_media":216383,"comment_status":"closed","ping_status":"closed","sticky":false,"template":"","format":"standard","meta":{"footnotes":""},"categories":[16],"tags":[],"class_list":["post-217597","post","type-post","status-publish","format-standard","has-post-thumbnail","hentry","category-opinion"],"_links":{"self":[{"href":"https:\/\/www.elsinodaldetamaulipas.com.mx\/index.php?rest_route=\/wp\/v2\/posts\/217597","targetHints":{"allow":["GET"]}}],"collection":[{"href":"https:\/\/www.elsinodaldetamaulipas.com.mx\/index.php?rest_route=\/wp\/v2\/posts"}],"about":[{"href":"https:\/\/www.elsinodaldetamaulipas.com.mx\/index.php?rest_route=\/wp\/v2\/types\/post"}],"author":[{"embeddable":true,"href":"https:\/\/www.elsinodaldetamaulipas.com.mx\/index.php?rest_route=\/wp\/v2\/users\/1"}],"replies":[{"embeddable":true,"href":"https:\/\/www.elsinodaldetamaulipas.com.mx\/index.php?rest_route=%2Fwp%2Fv2%2Fcomments&post=217597"}],"version-history":[{"count":2,"href":"https:\/\/www.elsinodaldetamaulipas.com.mx\/index.php?rest_route=\/wp\/v2\/posts\/217597\/revisions"}],"predecessor-version":[{"id":217599,"href":"https:\/\/www.elsinodaldetamaulipas.com.mx\/index.php?rest_route=\/wp\/v2\/posts\/217597\/revisions\/217599"}],"wp:featuredmedia":[{"embeddable":true,"href":"https:\/\/www.elsinodaldetamaulipas.com.mx\/index.php?rest_route=\/wp\/v2\/media\/216383"}],"wp:attachment":[{"href":"https:\/\/www.elsinodaldetamaulipas.com.mx\/index.php?rest_route=%2Fwp%2Fv2%2Fmedia&parent=217597"}],"wp:term":[{"taxonomy":"category","embeddable":true,"href":"https:\/\/www.elsinodaldetamaulipas.com.mx\/index.php?rest_route=%2Fwp%2Fv2%2Fcategories&post=217597"},{"taxonomy":"post_tag","embeddable":true,"href":"https:\/\/www.elsinodaldetamaulipas.com.mx\/index.php?rest_route=%2Fwp%2Fv2%2Ftags&post=217597"}],"curies":[{"name":"wp","href":"https:\/\/api.w.org\/{rel}","templated":true}]}}