{"id":217605,"date":"2026-01-18T19:36:38","date_gmt":"2026-01-18T23:36:38","guid":{"rendered":"https:\/\/www.elsinodaldetamaulipas.com.mx\/?p=217605"},"modified":"2026-01-18T19:36:38","modified_gmt":"2026-01-18T23:36:38","slug":"por-la-calle-27","status":"publish","type":"post","link":"https:\/\/www.elsinodaldetamaulipas.com.mx\/?p=217605","title":{"rendered":"POR LA CALLE 27"},"content":{"rendered":"<div class=\"post-content\">\n<p>RELATO 1.-Si de mejoras se trata, ahora los ojitos de los victorenses se<br \/>\nabren con gusto y, c\u00f3mo no, si ya tienen a su disposici\u00f3n una calle de las<br \/>\nanchas que representa una v\u00eda terrestre esencial para Ciudad Victoria,<br \/>\nTamaulipas, de esas que ya requer\u00eda de una cirug\u00eda pl\u00e1stica urgente, igual<br \/>\nque otras m\u00e1s olvidadas por las administraciones anteriores.<br \/>\nEs la famosa calle 27, la cual por varias semanas fue sometida a un arreglo<br \/>\ngeneral desde su fondo, lo cual ya ten\u00eda confundidos a los vecinos de esa<br \/>\nzona casi c\u00e9ntrica, porque la paralizaci\u00f3n del ritmo de vida habitual, se<br \/>\nnotaba a leguas.<br \/>\nMe detuve en varias ocasiones a escuchar los comentarios de los vecinos y<br \/>\nla rechifla de muchos de ellos, porque la 27, de las calle Ju\u00e1rez hasta la de<br \/>\nCerrera Torres, se asemejaba a una zona de guerra, porque las maquinas<br \/>\nescavaban y el polvo volaba como si fuera un volc\u00e1n activo, pero ahora<br \/>\nparece que han cambiado de opini\u00f3n.<br \/>\nNo hab\u00eda acceso, pero ahora cambi\u00f3 su rostro, porque luce perfectamente<br \/>\npavimentada color negro, lo que ya recibe el aplauso de los vecinos, porque<br \/>\nahora contemplan algo m\u00e1s que lo que esperaban.<br \/>\nY es que es una zona muy frecuentada por los habitantes, ya que est\u00e1<br \/>\npoblada con farmacias, taquer\u00edas, ferreter\u00edas, expendios y fruter\u00edas, entre<br \/>\notros negocios, que hace que se sienta rico caminar por el lugar, ya no en<br \/>\nmedio de baches tan peligrosos y desagradables.<br \/>\nLe va a pasar lo de una calle m\u00e1s arriba \u2013el 28- que fue acondicionada con<br \/>\nmateriales semejantes, donde a prop\u00f3sito operan varias escuelas primarias,<br \/>\nque garantizan el bienestar de los estudiantes y los padres de familia, que<br \/>\nhac\u00edan antes berrinches por los abundantes baches y por lo mal delineada.<br \/>\nEduardo Gattas B\u00e1ez, presidente municipal moreno de esta capital, recorri\u00f3<br \/>\nen varias ocasiones esas calles para vigilar los avances y recolectar ayer y<\/p>\n<p>ahora, las opiniones de quienes transitan por esa zona, donde se garantiza<br \/>\nla seguridad.<br \/>\nEste viernes lo salude de mano y su sonrisa lo dice todo, porque sabe que la<br \/>\npoblaci\u00f3n est\u00e1 satisfecha.<br \/>\nY ,c\u00f3mo no, si esto forma parte de 190 proyectos para este a\u00f1o, como el<br \/>\nbacheo intensivo.<br \/>\n\u201cBendiciones para ti y para todo nuestro pueblo\u201d, me dijo el buen Lalo.<br \/>\nRELATO 2.- Y si de aciertos se habla, la Universidad Aut\u00f3noma de<br \/>\nTamaulipas se luce con el hacer reconocimientos a los estudiantes de<br \/>\nidiomas como ingl\u00e9s y hasta franc\u00e9s, que tiende a provocar que se garantice<br \/>\nun futuro c\u00f3modo para los mejor se preparen,<br \/>\nFu el Rector, D\u00e1maso Anaya Alvarado, quien hizo este reconocimiento a 47<br \/>\nestudiantes del CeINA correspondiente al periodo oto\u00f1o 2025-3, para<br \/>\nreconocer el esfuerzo que hacen los estudiantes que inician un nuevo<br \/>\ncamino.<br \/>\nY es que el Centro de Idiomas para la ni\u00f1ez y la adolescencia (CEINA) es una<br \/>\ninstituci\u00f3n educativa que distingue a la comunidad universitaria.<br \/>\nAl igual que estos, la UAT ha reconocido el empe\u00f1o de muchos estudiantes<br \/>\nm\u00e1s, que han encontrado la forma de crecer.<br \/>\nOtro buen punto para la Universidad, la casa de los tamaulipecos.<\/p>\n<p>Correo Electronico: tecnico.lobo1 gmail.com<\/p>\n<\/div>\n<div class=\"post-tags-box\"><\/div>\n<div class=\"carousel-box owl-wrapper related-posts\">\n<div class=\"owl-carousel owl-theme\" data-num=\"3\">\n<div class=\"owl-wrapper-outer\">\n<div class=\"owl-wrapper\">\n<div class=\"owl-item\">\n<div class=\"item news-post image-post3\">\n<div class=\"hover-box\">\n<ul class=\"post-tags\">\n<li><\/li>\n<\/ul>\n<\/div>\n<\/div>\n<\/div>\n<\/div>\n<\/div>\n<\/div>\n<\/div>\n","protected":false},"excerpt":{"rendered":"<p>RELATO 1.-Si de mejoras se trata, ahora los ojitos de los victorenses se abren con gusto y, c\u00f3mo no, si ya tienen a su disposici\u00f3n una calle de las anchas que representa una v\u00eda terrestre esencial para Ciudad Victoria, Tamaulipas, de esas que ya requer\u00eda de una cirug\u00eda pl\u00e1stica urgente, igual que otras m\u00e1s olvidadas [&hellip;]<\/p>\n","protected":false},"author":1,"featured_media":213282,"comment_status":"closed","ping_status":"closed","sticky":false,"template":"","format":"standard","meta":{"footnotes":""},"categories":[16],"tags":[],"class_list":["post-217605","post","type-post","status-publish","format-standard","has-post-thumbnail","hentry","category-opinion"],"_links":{"self":[{"href":"https:\/\/www.elsinodaldetamaulipas.com.mx\/index.php?rest_route=\/wp\/v2\/posts\/217605","targetHints":{"allow":["GET"]}}],"collection":[{"href":"https:\/\/www.elsinodaldetamaulipas.com.mx\/index.php?rest_route=\/wp\/v2\/posts"}],"about":[{"href":"https:\/\/www.elsinodaldetamaulipas.com.mx\/index.php?rest_route=\/wp\/v2\/types\/post"}],"author":[{"embeddable":true,"href":"https:\/\/www.elsinodaldetamaulipas.com.mx\/index.php?rest_route=\/wp\/v2\/users\/1"}],"replies":[{"embeddable":true,"href":"https:\/\/www.elsinodaldetamaulipas.com.mx\/index.php?rest_route=%2Fwp%2Fv2%2Fcomments&post=217605"}],"version-history":[{"count":1,"href":"https:\/\/www.elsinodaldetamaulipas.com.mx\/index.php?rest_route=\/wp\/v2\/posts\/217605\/revisions"}],"predecessor-version":[{"id":217606,"href":"https:\/\/www.elsinodaldetamaulipas.com.mx\/index.php?rest_route=\/wp\/v2\/posts\/217605\/revisions\/217606"}],"wp:featuredmedia":[{"embeddable":true,"href":"https:\/\/www.elsinodaldetamaulipas.com.mx\/index.php?rest_route=\/wp\/v2\/media\/213282"}],"wp:attachment":[{"href":"https:\/\/www.elsinodaldetamaulipas.com.mx\/index.php?rest_route=%2Fwp%2Fv2%2Fmedia&parent=217605"}],"wp:term":[{"taxonomy":"category","embeddable":true,"href":"https:\/\/www.elsinodaldetamaulipas.com.mx\/index.php?rest_route=%2Fwp%2Fv2%2Fcategories&post=217605"},{"taxonomy":"post_tag","embeddable":true,"href":"https:\/\/www.elsinodaldetamaulipas.com.mx\/index.php?rest_route=%2Fwp%2Fv2%2Ftags&post=217605"}],"curies":[{"name":"wp","href":"https:\/\/api.w.org\/{rel}","templated":true}]}}