{"id":217607,"date":"2026-01-18T19:48:23","date_gmt":"2026-01-18T23:48:23","guid":{"rendered":"https:\/\/www.elsinodaldetamaulipas.com.mx\/?p=217607"},"modified":"2026-01-18T19:49:50","modified_gmt":"2026-01-18T23:49:50","slug":"ursula-muestra-musculo","status":"publish","type":"post","link":"https:\/\/www.elsinodaldetamaulipas.com.mx\/?p=217607","title":{"rendered":"\u00daRSULA MUESTRA M\u00daSCULO POL\u00cdTICO"},"content":{"rendered":"<p><strong>\u00a0EL ORACULO<\/strong><\/p>\n<p><strong>Por MARCELINO GRACIA Contreras<\/strong><\/p>\n<div class=\"td_block_wrap tdb_single_content tdi_74 td-pb-border-top td_block_template_1 td-post-content tagdiv-type\" data-td-block-uid=\"tdi_74\">\n<div class=\"tdb-block-inner td-fix-index\">\n<p>Con una buena comida, que incluy\u00f3 la presencia del cl\u00e1sico mariachi, URSULA Salazar Mojica, festej\u00f3 su cumplea\u00f1os 50 y lo hizo mostrando \u201cm\u00fasculo\u201d.<\/p>\n<p>Ese gesto habla de oficio pol\u00edtico, lealtad institucional y trabajo en equipo que no se ensaya\u2026 se trae.<\/p>\n<p>Acompa\u00f1ada de su esposo, Dionisio Cruz Guerrero, amigos, diputados locales, alcaldes de la zona, funcionarios y la impresionante presencia de <strong>\u2013 \u201cpueblo sabio\u201d-<\/strong> casi 2 mil asistentes al Centro de Convenciones de Ciudad Madero.<\/p>\n<p><strong>La historia no es un accidente, es una decisi\u00f3n.<\/strong><\/p>\n<p>La diputada es reconocida como una figura local, con presencia en colonias y en eventos p\u00fablicos, le da una conexi\u00f3n natural con el ciudadano que prioriza la cercan\u00eda y la permanencia en territorio.<\/p>\n<p><strong>\u00darsula mostr\u00f3 la historia de su vida pues engalano su festejo con enormes fotograf\u00edas\u2026<\/strong> Que la describieron como una tampique\u00f1a de arraigo, y con historia \u2026Mis 10 a\u00f1os, mis 20 a\u00f1os, mis 30 a\u00f1os, mis 40 a\u00f1os, mis 50 a\u00f1os\u2026<\/p>\n<p><em>As\u00ed de sencillo, fue clara y decisiva \u2026<\/em> <strong>-hoy-\u00a0 dijo: \u201cf\u00edjense yo espero siempre, sin correr, no llevamos prisa, ni estamos jugando carreritas con nadie, \u2026<\/strong><\/p>\n<blockquote><p><strong><em>Y agrego\u2026<\/em><\/strong><\/p><\/blockquote>\n<p><strong>\u2026 espero paciente los tiempos de Dios porque as\u00ed lo creo, cuando Dios dice si, te bendice, cuando Dios dice no, te protege, cuando Dios dice espera, te prepara\u2026<\/strong><\/p>\n<blockquote><p><strong><em>M\u00e1s claro\u2026<\/em><\/strong><\/p><\/blockquote>\n<p><strong>\u2026 y hoy, hoy estoy esperando paciente lo que venga, preparada, bendecida y con mucho amor de todos ustedes, as\u00ed que estamos listos,<\/strong> \u2026<\/p>\n<blockquote><p><strong><em>\u00a0Y, agradece<\/em>:<\/strong><\/p><\/blockquote>\n<p><strong>\u2026pero hoy estamos festejando, y hoy, les agradezco de coraz\u00f3n, su tiempo, su paciencia, a los que llegaron temprano, gracias, gracias de verdad, a los que siguen llegando gracias a los que estamos aqu\u00ed gracias, siempre lo he dicho, las gracias\u2026 <\/strong><\/p>\n<blockquote><p><strong><em>Coraz\u00f3n con memoria\u2026<\/em><\/strong><\/p><\/blockquote>\n<p><strong>\u2026es el agradecimiento, es la memoria que tenemos en el coraz\u00f3n y, mi coraz\u00f3n tiene memoria, porque est\u00e1n todos ustedes, y gracias de verdad, muchas, muchas gracias\u2026<\/strong><\/p>\n<blockquote><p><strong><em>Y cerro\u2026<\/em><\/strong><\/p><\/blockquote>\n<p><strong>\u2026Dici\u00e9ndoles que mi coraz\u00f3n cada vez est\u00e1 latiendo m\u00e1s fuerte y m\u00e1s acelerado, porque mi coraz\u00f3n siempre me lo apapachan cada uno de ustedes, muchas gracias por venir, que Dios me los bendiga, que Dios me los proteja, que Dios me los siga cuidando mucho\u2026 los amos de coraz\u00f3n, bendecida estoy con mi Dios por regalarme una familia, pero bien grande, muchas, muchas gracias por estar aqu\u00ed y bueno vamos a seguir festejando.<\/strong><\/p>\n<p><img loading=\"lazy\" decoding=\"async\" class=\"aligncenter wp-image-217609 size-full\" src=\"https:\/\/www.elsinodaldetamaulipas.com.mx\/wp-content\/uploads\/2026\/01\/URSULA-2.jpg\" alt=\"\" width=\"804\" height=\"431\" srcset=\"https:\/\/www.elsinodaldetamaulipas.com.mx\/wp-content\/uploads\/2026\/01\/URSULA-2.jpg 804w, https:\/\/www.elsinodaldetamaulipas.com.mx\/wp-content\/uploads\/2026\/01\/URSULA-2-300x161.jpg 300w, https:\/\/www.elsinodaldetamaulipas.com.mx\/wp-content\/uploads\/2026\/01\/URSULA-2-768x412.jpg 768w\" sizes=\"auto, (max-width: 804px) 100vw, 804px\" \/><\/p>\n<p><strong>Y ahora veamos:<\/strong><\/p>\n<p><strong>\u00daRSULA,<\/strong> ha logrado posicionarse como una figura cercana a la gente y con sello de servicio social. Su narrativa conecta bien con sectores que buscan perfiles m\u00e1s humanos, m\u00e1s emp\u00e1ticos y menos polarizados, algo muy valorado hoy.<\/p>\n<p>A diferencia de otras figuras de la pol\u00edtica, \u00da<strong>RSULA<\/strong> llega sin cargar expedientes negativos, pleitos p\u00fablicos o se\u00f1alamientos fuertes. Ser reconocida como una figura local, con presencia en colonias y en eventos p\u00fablicos, le da una conexi\u00f3n natural con la ciudadan\u00eda que prioriza la cercan\u00eda y la permanencia en territorio.<\/p>\n<p>Carga con un perfil de trabajo, que le ha funcionado muy bien en las redes sociales y en la calle, muchos ciudadanos y dirigentes la ven como una opci\u00f3n de renovaci\u00f3n, por lo que para varios sectores del puerto <strong>\u00daRSULA es una carta fresca.<\/strong><\/p>\n<p>Para finalizar la actual diputada local, es percibida como una posible transici\u00f3n generacional, no como una reciclada, as\u00ed es que <strong>\u00daRSULA<\/strong> mostro su musculo pol\u00edtico \u2026 y quedo muy claro\u2026 \u201cNo est\u00e1 sola\u201d \u2026 trae pueblo detr\u00e1s de ella\u2026<\/p>\n<p><strong>Oraculeros nos vemos por Tamaulipas.<\/strong><\/p>\n<\/div>\n<\/div>\n","protected":false},"excerpt":{"rendered":"<p>\u00a0EL ORACULO Por MARCELINO GRACIA Contreras Con una buena comida, que incluy\u00f3 la presencia del cl\u00e1sico mariachi, URSULA Salazar Mojica, festej\u00f3 su cumplea\u00f1os 50 y lo hizo mostrando \u201cm\u00fasculo\u201d. Ese gesto habla de oficio pol\u00edtico, lealtad institucional y trabajo en equipo que no se ensaya\u2026 se trae. Acompa\u00f1ada de su esposo, Dionisio Cruz Guerrero, amigos, [&hellip;]<\/p>\n","protected":false},"author":1,"featured_media":217608,"comment_status":"closed","ping_status":"closed","sticky":false,"template":"","format":"standard","meta":{"footnotes":""},"categories":[16],"tags":[],"class_list":["post-217607","post","type-post","status-publish","format-standard","has-post-thumbnail","hentry","category-opinion"],"_links":{"self":[{"href":"https:\/\/www.elsinodaldetamaulipas.com.mx\/index.php?rest_route=\/wp\/v2\/posts\/217607","targetHints":{"allow":["GET"]}}],"collection":[{"href":"https:\/\/www.elsinodaldetamaulipas.com.mx\/index.php?rest_route=\/wp\/v2\/posts"}],"about":[{"href":"https:\/\/www.elsinodaldetamaulipas.com.mx\/index.php?rest_route=\/wp\/v2\/types\/post"}],"author":[{"embeddable":true,"href":"https:\/\/www.elsinodaldetamaulipas.com.mx\/index.php?rest_route=\/wp\/v2\/users\/1"}],"replies":[{"embeddable":true,"href":"https:\/\/www.elsinodaldetamaulipas.com.mx\/index.php?rest_route=%2Fwp%2Fv2%2Fcomments&post=217607"}],"version-history":[{"count":4,"href":"https:\/\/www.elsinodaldetamaulipas.com.mx\/index.php?rest_route=\/wp\/v2\/posts\/217607\/revisions"}],"predecessor-version":[{"id":217613,"href":"https:\/\/www.elsinodaldetamaulipas.com.mx\/index.php?rest_route=\/wp\/v2\/posts\/217607\/revisions\/217613"}],"wp:featuredmedia":[{"embeddable":true,"href":"https:\/\/www.elsinodaldetamaulipas.com.mx\/index.php?rest_route=\/wp\/v2\/media\/217608"}],"wp:attachment":[{"href":"https:\/\/www.elsinodaldetamaulipas.com.mx\/index.php?rest_route=%2Fwp%2Fv2%2Fmedia&parent=217607"}],"wp:term":[{"taxonomy":"category","embeddable":true,"href":"https:\/\/www.elsinodaldetamaulipas.com.mx\/index.php?rest_route=%2Fwp%2Fv2%2Fcategories&post=217607"},{"taxonomy":"post_tag","embeddable":true,"href":"https:\/\/www.elsinodaldetamaulipas.com.mx\/index.php?rest_route=%2Fwp%2Fv2%2Ftags&post=217607"}],"curies":[{"name":"wp","href":"https:\/\/api.w.org\/{rel}","templated":true}]}}