{"id":217616,"date":"2026-01-18T20:34:46","date_gmt":"2026-01-19T00:34:46","guid":{"rendered":"https:\/\/www.elsinodaldetamaulipas.com.mx\/?p=217616"},"modified":"2026-01-18T20:34:46","modified_gmt":"2026-01-19T00:34:46","slug":"calientan-morenistas-el-sur","status":"publish","type":"post","link":"https:\/\/www.elsinodaldetamaulipas.com.mx\/?p=217616","title":{"rendered":"CALIENTAN MORENISTAS EL SUR"},"content":{"rendered":"<div class=\"html-div xdj266r x14z9mp xat24cr x1lziwak xexx8yu xyri2b x18d9i69 x1c1uobl\" dir=\"auto\">\n<div class=\"html-div xdj266r x14z9mp xat24cr x1lziwak xexx8yu xyri2b x18d9i69 x1c1uobl\" data-ad-rendering-role=\"story_message\">\n<div class=\"x1l90r2v x1iorvi4 x1g0dm76 xpdmqnj\" data-ad-comet-preview=\"message\" data-ad-preview=\"message\">\n<div class=\"x78zum5 xdt5ytf xz62fqu x16ldp7u\">\n<div class=\"xu06os2 x1ok221b\">\n<div class=\"html-div xdj266r x14z9mp xat24cr x1lziwak xexx8yu xyri2b x18d9i69 x1c1uobl\">LA COMUNA<\/p>\n<div class=\"x14z9mp xat24cr x1lziwak x1vvkbs xtlvy1s x126k92a\">\n<div dir=\"auto\">Jos\u00e9 \u00c1ngel Solorio Mart\u00ednez<\/div>\n<\/div>\n<div class=\"x14z9mp xat24cr x1lziwak x1vvkbs xtlvy1s x126k92a\">\n<div dir=\"auto\">En tanto los aspirantes morenistas duermen el sue\u00f1o de los justos, esperando que el jefe pol\u00edtico les asegure alg\u00fan cargo, la diputada local \u00darsula Salazar Mojica, decidi\u00f3 construir por s\u00ed misma sus posibilidades. Se tir\u00f3 a fondo: llen\u00f3 el Quinadome -en ciudad Madero, Tamaulipas- con seguidores para celebrar su onom\u00e1stico.<\/div>\n<div dir=\"auto\">M\u00e1s que invitados relevantes, se vio la diversidad de la sociedad del sur: colonos, comerciantes, petroleros, choferes, estudiantes y profesionistas.<\/div>\n<div dir=\"auto\">Sin agrandar el asunto, aproximadamente dos mil asistentes le dieron calor, a quien decidi\u00f3 romper el hielo preelectoral y levantar la mano para que su partido la tome en cuenta en el 2027.<\/div>\n<div dir=\"auto\">Aunque era un evento social, las masas en la coyuntura electoral transpiraban un vapor de disputa pol\u00edtica.<\/div>\n<div dir=\"auto\">La Quina no se ha ido; es su eterno retorno: en cada movimiento social de la urbe petrolera se nota su presencia; porras, tambores, gritos, algarab\u00eda.<\/div>\n<div dir=\"auto\">Si el l\u00edder petrolero est\u00e1 en la entra\u00f1a de los maderenses, su familia persiste en mantener viva su herencia: Juan Hern\u00e1ndez Correa, -el capit\u00e1n, le dicen sus amigos a este hijo de la Quina que decidi\u00f3 permanecer en las filas de la Izquierda; porque la Quinita, opt\u00f3 por abrazar a quienes traicionaron, torturaron y encarcelaron a su padre- se paseaba con discreci\u00f3n por los pasillos del encuentro de \u00darsula con las masas.<\/div>\n<div dir=\"auto\">\u00bfPara d\u00f3nde va Salazar Mojica?<\/div>\n<div dir=\"auto\">\u00bfPor qu\u00e9 festej\u00f3 su cumple en Madero y no en Tampico?<\/div>\n<div dir=\"auto\">Unos comentaron que probablemente por respeto a la alcaldesa de Tampico, M\u00f3nica Villarreal Anaya, que ostenta una sensibilidad pol\u00edtica extrema: todo movimiento en el puerto, que no sea suyo le da escozor; otros, que \u00darsula prepara la estructura para la disputa de la diputaci\u00f3n federal, toda vez que, por estrategia pura ser\u00eda una imprudencia tratar de pelear la alcald\u00eda contra el panista Chucho Nader.<\/div>\n<div dir=\"auto\">Lo notable es que las huestes de MORENA dieron una lecci\u00f3n de timing pol\u00edtico a los militantes de adentro y de afuera. No se debe esperar a que el partido de la voz de salida; se puede hacer trabajo partidista, respetando la ley electoral y los mandatos de la propia organizaci\u00f3n pol\u00edtica, cohesionando, organizando a simpatizantes y a la militancia en todo momento.<\/div>\n<div dir=\"auto\">No hubo expresiones que pudieran ser consideradas como destape. Todo dentro del orden y la disciplina; aunque la atm\u00f3sfera de la concentraci\u00f3n, pudiera decir lo contrario.<\/div>\n<div dir=\"auto\">\u00darsula decidi\u00f3 mostrar su potencia en el sur.<\/div>\n<div dir=\"auto\">Desde ahora, se perfila como uno de los cuadros m\u00e1s s\u00f3lidos de MORENA en la zona conurbada para la contienda del 2027.<\/div>\n<\/div>\n<\/div>\n<\/div>\n<\/div>\n<\/div>\n<\/div>\n<\/div>\n","protected":false},"excerpt":{"rendered":"<p>LA COMUNA Jos\u00e9 \u00c1ngel Solorio Mart\u00ednez En tanto los aspirantes morenistas duermen el sue\u00f1o de los justos, esperando que el jefe pol\u00edtico les asegure alg\u00fan cargo, la diputada local \u00darsula Salazar Mojica, decidi\u00f3 construir por s\u00ed misma sus posibilidades. Se tir\u00f3 a fondo: llen\u00f3 el Quinadome -en ciudad Madero, Tamaulipas- con seguidores para celebrar su [&hellip;]<\/p>\n","protected":false},"author":1,"featured_media":216283,"comment_status":"closed","ping_status":"closed","sticky":false,"template":"","format":"standard","meta":{"footnotes":""},"categories":[16],"tags":[],"class_list":["post-217616","post","type-post","status-publish","format-standard","has-post-thumbnail","hentry","category-opinion"],"_links":{"self":[{"href":"https:\/\/www.elsinodaldetamaulipas.com.mx\/index.php?rest_route=\/wp\/v2\/posts\/217616","targetHints":{"allow":["GET"]}}],"collection":[{"href":"https:\/\/www.elsinodaldetamaulipas.com.mx\/index.php?rest_route=\/wp\/v2\/posts"}],"about":[{"href":"https:\/\/www.elsinodaldetamaulipas.com.mx\/index.php?rest_route=\/wp\/v2\/types\/post"}],"author":[{"embeddable":true,"href":"https:\/\/www.elsinodaldetamaulipas.com.mx\/index.php?rest_route=\/wp\/v2\/users\/1"}],"replies":[{"embeddable":true,"href":"https:\/\/www.elsinodaldetamaulipas.com.mx\/index.php?rest_route=%2Fwp%2Fv2%2Fcomments&post=217616"}],"version-history":[{"count":1,"href":"https:\/\/www.elsinodaldetamaulipas.com.mx\/index.php?rest_route=\/wp\/v2\/posts\/217616\/revisions"}],"predecessor-version":[{"id":217617,"href":"https:\/\/www.elsinodaldetamaulipas.com.mx\/index.php?rest_route=\/wp\/v2\/posts\/217616\/revisions\/217617"}],"wp:featuredmedia":[{"embeddable":true,"href":"https:\/\/www.elsinodaldetamaulipas.com.mx\/index.php?rest_route=\/wp\/v2\/media\/216283"}],"wp:attachment":[{"href":"https:\/\/www.elsinodaldetamaulipas.com.mx\/index.php?rest_route=%2Fwp%2Fv2%2Fmedia&parent=217616"}],"wp:term":[{"taxonomy":"category","embeddable":true,"href":"https:\/\/www.elsinodaldetamaulipas.com.mx\/index.php?rest_route=%2Fwp%2Fv2%2Fcategories&post=217616"},{"taxonomy":"post_tag","embeddable":true,"href":"https:\/\/www.elsinodaldetamaulipas.com.mx\/index.php?rest_route=%2Fwp%2Fv2%2Ftags&post=217616"}],"curies":[{"name":"wp","href":"https:\/\/api.w.org\/{rel}","templated":true}]}}