{"id":217619,"date":"2026-01-18T22:57:32","date_gmt":"2026-01-19T02:57:32","guid":{"rendered":"https:\/\/www.elsinodaldetamaulipas.com.mx\/?p=217619"},"modified":"2026-01-18T22:59:25","modified_gmt":"2026-01-19T02:59:25","slug":"camioneta-con-historia-regalo-para-marcelo-olan","status":"publish","type":"post","link":"https:\/\/www.elsinodaldetamaulipas.com.mx\/?p=217619","title":{"rendered":"CAMIONETA CON HISTORIA, REGALO PARA MARCELO OL\u00c1N"},"content":{"rendered":"<p><em><strong>Por Juan Carlos Rodr\u00edguez Terrazas\/EL SINODAL DE TAMAULIPAS<\/strong><\/em><\/p>\n<p>Reynosa, Tam.- La camioneta suburvan GMC Yukon Denali, modelo 2016, que fue propiedad desde que sali\u00f3 de agencia del contador p\u00fablico Francisco Tenorio Rivera, ya tiene nuevo due\u00f1o, es el licenciado Marcelo Ol\u00e1n Mendoza.<\/p>\n<p>Esta tarde despu\u00e9s de una sencilla convivencia con motivo del reciente cumplea\u00f1os del conocido fil\u00e1ntropo, abogado y servidor p\u00fablico; el contador sorprendi\u00f3 a la selecta concurrencia al hacer p\u00fablico su obsequio a su dilecto amigo Marcelo.<\/p>\n<p>El hecho no tendr\u00eda mayor significado pol\u00edtico a no ser que Tenorio Rivera, no hubiera sido el primer candidato a la Presidencia Municipal de Reynosa que postul\u00f3 aqu\u00ed el Partido Movimiento de Regeneraci\u00f3n Nacional cuando carec\u00edan de toda estructura electoral.<\/p>\n<p style=\"text-align: center;\"><strong>\u201cEL PEJEM\u00d3VIL DE TAMAULIPAS\u201d<\/strong><\/p>\n<p>Ese mismo a\u00f1o (2016), el licenciado Andr\u00e9s Manuel L\u00f3pez Obrador, realizaba su tercer periplo por toda la naci\u00f3n en busca de su postulaci\u00f3n que fue definitiva para ganar el proceso del 2018 y toc\u00f3 al contador Tenorio facilitar su unidad en las seis giras que realiz\u00f3 como pre candidato y luego como candidato para los estados de Nuevo Le\u00f3n y Tamaulipas.<\/p>\n<p>La unidad de color beige, viaj\u00f3 tambi\u00e9n a varios eventos a la ciudad de M\u00e9xico siempre llevando a quien despu\u00e9s ser\u00eda al que ha sido hasta hoy el mejor presidente del pa\u00eds como lo exhiben las propias encuestas actualizadas tanto nacionales como extranjeras.<\/p>\n<p>\u201cCu\u00eddela mucho licenciado, es de usted, tiene una gran riqueza y valor sentimental para el pueblo de Reynosa, Tamaulipas y de M\u00e9xico\u201d, recomend\u00f3 con una amplia sonrisa el contador Tenorio, en el entendido de que el veh\u00edculo ser\u00e1 dedicado a buenas obras sociales como las que practica desde hace diez a\u00f1os la \u201cFundaci\u00f3n Marcelo Ol\u00e1n Mendoza\u201d, de la que el beneficiario es presidente honorifico.<\/p>\n","protected":false},"excerpt":{"rendered":"<p>Por Juan Carlos Rodr\u00edguez Terrazas\/EL SINODAL DE TAMAULIPAS Reynosa, Tam.- La camioneta suburvan GMC Yukon Denali, modelo 2016, que fue propiedad desde que sali\u00f3 de agencia del contador p\u00fablico Francisco Tenorio Rivera, ya tiene nuevo due\u00f1o, es el licenciado Marcelo Ol\u00e1n Mendoza. Esta tarde despu\u00e9s de una sencilla convivencia con motivo del reciente cumplea\u00f1os del [&hellip;]<\/p>\n","protected":false},"author":1,"featured_media":217620,"comment_status":"closed","ping_status":"closed","sticky":false,"template":"","format":"standard","meta":{"footnotes":""},"categories":[1,2],"tags":[],"class_list":["post-217619","post","type-post","status-publish","format-standard","has-post-thumbnail","hentry","category-portada","category-reynosa"],"_links":{"self":[{"href":"https:\/\/www.elsinodaldetamaulipas.com.mx\/index.php?rest_route=\/wp\/v2\/posts\/217619","targetHints":{"allow":["GET"]}}],"collection":[{"href":"https:\/\/www.elsinodaldetamaulipas.com.mx\/index.php?rest_route=\/wp\/v2\/posts"}],"about":[{"href":"https:\/\/www.elsinodaldetamaulipas.com.mx\/index.php?rest_route=\/wp\/v2\/types\/post"}],"author":[{"embeddable":true,"href":"https:\/\/www.elsinodaldetamaulipas.com.mx\/index.php?rest_route=\/wp\/v2\/users\/1"}],"replies":[{"embeddable":true,"href":"https:\/\/www.elsinodaldetamaulipas.com.mx\/index.php?rest_route=%2Fwp%2Fv2%2Fcomments&post=217619"}],"version-history":[{"count":2,"href":"https:\/\/www.elsinodaldetamaulipas.com.mx\/index.php?rest_route=\/wp\/v2\/posts\/217619\/revisions"}],"predecessor-version":[{"id":217623,"href":"https:\/\/www.elsinodaldetamaulipas.com.mx\/index.php?rest_route=\/wp\/v2\/posts\/217619\/revisions\/217623"}],"wp:featuredmedia":[{"embeddable":true,"href":"https:\/\/www.elsinodaldetamaulipas.com.mx\/index.php?rest_route=\/wp\/v2\/media\/217620"}],"wp:attachment":[{"href":"https:\/\/www.elsinodaldetamaulipas.com.mx\/index.php?rest_route=%2Fwp%2Fv2%2Fmedia&parent=217619"}],"wp:term":[{"taxonomy":"category","embeddable":true,"href":"https:\/\/www.elsinodaldetamaulipas.com.mx\/index.php?rest_route=%2Fwp%2Fv2%2Fcategories&post=217619"},{"taxonomy":"post_tag","embeddable":true,"href":"https:\/\/www.elsinodaldetamaulipas.com.mx\/index.php?rest_route=%2Fwp%2Fv2%2Ftags&post=217619"}],"curies":[{"name":"wp","href":"https:\/\/api.w.org\/{rel}","templated":true}]}}