{"id":217624,"date":"2026-01-19T09:36:18","date_gmt":"2026-01-19T13:36:18","guid":{"rendered":"https:\/\/www.elsinodaldetamaulipas.com.mx\/?p=217624"},"modified":"2026-01-19T09:36:18","modified_gmt":"2026-01-19T13:36:18","slug":"piensa-mal-y-acertaras","status":"publish","type":"post","link":"https:\/\/www.elsinodaldetamaulipas.com.mx\/?p=217624","title":{"rendered":"PIENSA MAL Y ACERTAR\u00c1S"},"content":{"rendered":"<p>FUENTES FIDEDIGNAS<\/p>\n<p>Por Isaias Alvarez<\/p>\n<p>Durante a\u00f1os, el Canal Anzald\u00faas ha sido el recordatorio m\u00e1s sucio de una verdad inc\u00f3moda: mientras Reynosa se abastece del R\u00edo Bravo, R\u00edo Bravo y Valle Hermoso han tenido que convivir con un \u201cabasto\u201d que en temporada de estiaje se parece demasiado a las aguas negras. La descarga hist\u00f3rica del Dren de las Mujeres \u2014un dren que deber\u00eda ser pluvial\u2014 no es rumor: es una realidad. Y la realidad, a diferencia de los discursos, no se edita en redes sociales.<\/p>\n<p>Por eso sorprende que el alcalde panista Miguel Almaraz haya encontrado, hasta ahora, su momento para hablar de la mala calidad del agua. No cuando la contaminaci\u00f3n se document\u00f3, no cuando las consecuencias golpeaban a hogares y cosechas, no cuando el tema era responsabilidad de gesti\u00f3n y coordinaci\u00f3n, no. Hasta hoy, cuando el agua sucia parece servirle como argumento para una demanda que, curiosamente, no incluye un plan t\u00e9cnico, financiero o sanitario: quiere que la COMAPA pase a sus manos.<\/p>\n<p>La presidenta Claudia Sheinbaum suele insistir en \u201catender las causas\u201d. Aqu\u00ed esa frase no necesita micr\u00f3fono: necesita mapa. La causa no est\u00e1 en la oficina donde se firma la n\u00f3mina de la COMAPA. La causa est\u00e1 aguas arriba, en las descargas que llegan al canal. Y bajo el marco de esa \u201crevoltura\u201d de lealtades \u2014verdes, morenos y panistas en el mismo c\u00edrculo de conveniencia\u2014 resulta dif\u00edcil creer que Almaraz pretenda incomodar a sus amigos los Makiavelicos para obligarlos a hacer las modificaciones pertinentes en drenajes y descargas. Porque si el problema es Reynosa, entonces la soluci\u00f3n exige confrontar a Reynosa. Y esa parte, casualmente, no aparece en su exigencia que hace cada tercer dia.<\/p>\n<p>La comparaci\u00f3n es inevitable: hubo pol\u00edticos -YSQ- que prometieron \u201cacabar con la corrupci\u00f3n\u201d y nunca explicaron c\u00f3mo, ni mucho menos se acab\u00f3. El resultado ya lo vimos: no se elimina, se transforma, se disfraza o se administra. Con el agua pasa algo parecido cuando el discurso va por delante del plan: se promete \u201cagua limpia\u201d, pero no se presenta ruta, calendario, costos, fuentes de financiamiento, diagn\u00f3stico de infraestructura, ni un solo mecanismo de rendici\u00f3n de cuentas. Hay promesa, pero no hay ingenier\u00eda; hay exigencia, pero no hay estrategia.<\/p>\n<p>La COMAPA no es solo un organismo operador; es un bot\u00edn pol\u00edtico y econ\u00f3mico. Contratos, proveedores, qu\u00edmicos, obras, pipas, n\u00f3minas, decisiones que en sequ\u00eda valen oro. Y cuando alguien quiere primero el control y luego el plan, la ciudad deber\u00eda preguntarse a qui\u00e9n beneficia la urgencia.<\/p>\n<p>Si el alcalde realmente quiere mejorar la calidad del agua, tiene un camino inmediato que no requiere apoderarse de nada: que empiece por sugerir \u2014y exigir\u2014 a sus amigos los Makitos que dejen de verter aguas negras al Anzald\u00faas. Para eso no necesita ser due\u00f1o de la COMAPA. Necesita car\u00e1cter. Y si quiere hablar de responsabilidad, que comience por lo b\u00e1sico: pagar la deuda municipal con el organismo. Antes de administrar, hay que cumplir. Y antes de mandar, hay que entender.<\/p>\n<p>Y por \u00faltimo, una precisi\u00f3n que ahorra rid\u00edculos: la COMAPA de R\u00edo Bravo no es la \u00fanica bajo el esquema estatal. Hay varias. Que investigue antes de seguir demostrando ignorancia en redes, como ya lo ha hecho. Porque el agua puede estar turbia, s\u00ed. Pero m\u00e1s turbia es la pol\u00edtica cuando se disfraza de preocupaci\u00f3n social para abrirle la puerta a un negocio de poder.<\/p>\n","protected":false},"excerpt":{"rendered":"<p>FUENTES FIDEDIGNAS Por Isaias Alvarez Durante a\u00f1os, el Canal Anzald\u00faas ha sido el recordatorio m\u00e1s sucio de una verdad inc\u00f3moda: mientras Reynosa se abastece del R\u00edo Bravo, R\u00edo Bravo y Valle Hermoso han tenido que convivir con un \u201cabasto\u201d que en temporada de estiaje se parece demasiado a las aguas negras. La descarga hist\u00f3rica del [&hellip;]<\/p>\n","protected":false},"author":1,"featured_media":217625,"comment_status":"closed","ping_status":"closed","sticky":false,"template":"","format":"standard","meta":{"footnotes":""},"categories":[16],"tags":[],"class_list":["post-217624","post","type-post","status-publish","format-standard","has-post-thumbnail","hentry","category-opinion"],"_links":{"self":[{"href":"https:\/\/www.elsinodaldetamaulipas.com.mx\/index.php?rest_route=\/wp\/v2\/posts\/217624","targetHints":{"allow":["GET"]}}],"collection":[{"href":"https:\/\/www.elsinodaldetamaulipas.com.mx\/index.php?rest_route=\/wp\/v2\/posts"}],"about":[{"href":"https:\/\/www.elsinodaldetamaulipas.com.mx\/index.php?rest_route=\/wp\/v2\/types\/post"}],"author":[{"embeddable":true,"href":"https:\/\/www.elsinodaldetamaulipas.com.mx\/index.php?rest_route=\/wp\/v2\/users\/1"}],"replies":[{"embeddable":true,"href":"https:\/\/www.elsinodaldetamaulipas.com.mx\/index.php?rest_route=%2Fwp%2Fv2%2Fcomments&post=217624"}],"version-history":[{"count":1,"href":"https:\/\/www.elsinodaldetamaulipas.com.mx\/index.php?rest_route=\/wp\/v2\/posts\/217624\/revisions"}],"predecessor-version":[{"id":217626,"href":"https:\/\/www.elsinodaldetamaulipas.com.mx\/index.php?rest_route=\/wp\/v2\/posts\/217624\/revisions\/217626"}],"wp:featuredmedia":[{"embeddable":true,"href":"https:\/\/www.elsinodaldetamaulipas.com.mx\/index.php?rest_route=\/wp\/v2\/media\/217625"}],"wp:attachment":[{"href":"https:\/\/www.elsinodaldetamaulipas.com.mx\/index.php?rest_route=%2Fwp%2Fv2%2Fmedia&parent=217624"}],"wp:term":[{"taxonomy":"category","embeddable":true,"href":"https:\/\/www.elsinodaldetamaulipas.com.mx\/index.php?rest_route=%2Fwp%2Fv2%2Fcategories&post=217624"},{"taxonomy":"post_tag","embeddable":true,"href":"https:\/\/www.elsinodaldetamaulipas.com.mx\/index.php?rest_route=%2Fwp%2Fv2%2Ftags&post=217624"}],"curies":[{"name":"wp","href":"https:\/\/api.w.org\/{rel}","templated":true}]}}