{"id":217627,"date":"2026-01-19T11:46:42","date_gmt":"2026-01-19T15:46:42","guid":{"rendered":"https:\/\/www.elsinodaldetamaulipas.com.mx\/?p=217627"},"modified":"2026-01-19T11:46:42","modified_gmt":"2026-01-19T15:46:42","slug":"en-marcha-etapa-de-zona-de-concurso-de-oratoria","status":"publish","type":"post","link":"https:\/\/www.elsinodaldetamaulipas.com.mx\/?p=217627","title":{"rendered":"EN MARCHA ETAPA DE ZONA DE CONCURSO DE ORATORIA"},"content":{"rendered":"<p><em><strong>Por Juan Carlos Rodr\u00edguez Terrazas\/EL SINODAL DE TAMAULIPAS<\/strong><\/em><\/p>\n<p>Reynosa, Tam.- \u00a0Atendiendo la convocatoria de la Secretaria de Educaci\u00f3n de Tamaulipas, las diversas zonas escolares est\u00e1n activando sus concursos a este nivel en espera de recibir en breve las fechas para la etapa de sectores del tradicional certamen de Oratoria Sentimiento Juarista.<\/p>\n<p>El supervisor de la zona escolar numero 075 profesor Jos\u00e9 Alfredo V\u00e1zquez Guardado, mencion\u00f3 que en los planteles que representa la inspecci\u00f3n a su cargo, se est\u00e1 realizando ya la etapa intramuros en espera de tener en un m\u00e1ximo de dos semanas al representante que acudir\u00e1 a representarlos a la etapa del sector 03 de Educaci\u00f3n Primaria.<\/p>\n<p>Por su parte, el supervisor en la zona 074 profesor Jaime Arratia Banda, mencion\u00f3 que los directores de las escuelas bajo su cargo, se hab\u00edan estado preparando con mucha antelaci\u00f3n a la convocatoria del concurso que este a\u00f1o llegara a su edici\u00f3n anual n\u00famero 56 y ya han llevado a cabo su concurso hasta el nivel de zona.<\/p>\n<p>En este caso tocar\u00e1 a la Escuela \u201cHimno Nacional\u201d llevar la representaci\u00f3n de la zona \u2018074 lo que le brindar\u00e1 tiempo suficiente para continuar preparando al alumno que defender\u00e1 los colores de esta zona.<\/p>\n<p style=\"text-align: center;\"><strong>EVENTO DE RELEVANCIA<\/strong><\/p>\n<p>\u00a0\u00a0\u00a0\u00a0\u00a0\u00a0\u00a0\u00a0\u00a0\u00a0\u00a0 El Concurso Estatal de Oratoria Sentimiento Juarista, es uno de los eventos de mayor relevancia en el sector educativo oficial y particular y se participa desde el nivel Preescolar, primarias, secundaria hasta el bachillerato.<\/p>\n<p>Desde que se cre\u00f3 Sentimiento Juarista. solamente un a\u00f1o en pandemia se suspendi\u00f3 su realizaci\u00f3n llegando ya a 56 a\u00f1os de realizarse con magnificas experiencias para los participantes, muchos de los cuales en su vida personal han llegado a trascender a niveles de alto liderazgo, destacando en empresas, e inclusive en instituciones gubernamentales.<\/p>\n<p>El maestro V\u00e1zquez Guardado, coment\u00f3 que el a\u00f1o pasado un alumno de la Escuela \u201cBenito Ju\u00e1rez\u201d, (Rafael Vera Anguiano) de su zona fue el ganador de la etapa del sector 03 y lleg\u00f3 hasta la etapa regional Norte que se disput\u00f3 en Matamoros, donde tuvo una excelente participaci\u00f3n.<\/p>\n<p>Por su lado supervisor e la zona 074, profesor Arratia Banda, expuso que este evento que califica la voz, actitud, lenguaje, esp\u00edritu y calidad del discurso desde la perspectiva de Benito Ju\u00e1rez, es un evento que enaltece el esp\u00edritu nacionalista de los tamaulipecos e inspira propositivamente a las nuevas generaciones.<\/p>\n<p>&nbsp;<\/p>\n","protected":false},"excerpt":{"rendered":"<p>Por Juan Carlos Rodr\u00edguez Terrazas\/EL SINODAL DE TAMAULIPAS Reynosa, Tam.- \u00a0Atendiendo la convocatoria de la Secretaria de Educaci\u00f3n de Tamaulipas, las diversas zonas escolares est\u00e1n activando sus concursos a este nivel en espera de recibir en breve las fechas para la etapa de sectores del tradicional certamen de Oratoria Sentimiento Juarista. El supervisor de la [&hellip;]<\/p>\n","protected":false},"author":1,"featured_media":217628,"comment_status":"closed","ping_status":"closed","sticky":false,"template":"","format":"standard","meta":{"footnotes":""},"categories":[1,2],"tags":[],"class_list":["post-217627","post","type-post","status-publish","format-standard","has-post-thumbnail","hentry","category-portada","category-reynosa"],"_links":{"self":[{"href":"https:\/\/www.elsinodaldetamaulipas.com.mx\/index.php?rest_route=\/wp\/v2\/posts\/217627","targetHints":{"allow":["GET"]}}],"collection":[{"href":"https:\/\/www.elsinodaldetamaulipas.com.mx\/index.php?rest_route=\/wp\/v2\/posts"}],"about":[{"href":"https:\/\/www.elsinodaldetamaulipas.com.mx\/index.php?rest_route=\/wp\/v2\/types\/post"}],"author":[{"embeddable":true,"href":"https:\/\/www.elsinodaldetamaulipas.com.mx\/index.php?rest_route=\/wp\/v2\/users\/1"}],"replies":[{"embeddable":true,"href":"https:\/\/www.elsinodaldetamaulipas.com.mx\/index.php?rest_route=%2Fwp%2Fv2%2Fcomments&post=217627"}],"version-history":[{"count":1,"href":"https:\/\/www.elsinodaldetamaulipas.com.mx\/index.php?rest_route=\/wp\/v2\/posts\/217627\/revisions"}],"predecessor-version":[{"id":217629,"href":"https:\/\/www.elsinodaldetamaulipas.com.mx\/index.php?rest_route=\/wp\/v2\/posts\/217627\/revisions\/217629"}],"wp:featuredmedia":[{"embeddable":true,"href":"https:\/\/www.elsinodaldetamaulipas.com.mx\/index.php?rest_route=\/wp\/v2\/media\/217628"}],"wp:attachment":[{"href":"https:\/\/www.elsinodaldetamaulipas.com.mx\/index.php?rest_route=%2Fwp%2Fv2%2Fmedia&parent=217627"}],"wp:term":[{"taxonomy":"category","embeddable":true,"href":"https:\/\/www.elsinodaldetamaulipas.com.mx\/index.php?rest_route=%2Fwp%2Fv2%2Fcategories&post=217627"},{"taxonomy":"post_tag","embeddable":true,"href":"https:\/\/www.elsinodaldetamaulipas.com.mx\/index.php?rest_route=%2Fwp%2Fv2%2Ftags&post=217627"}],"curies":[{"name":"wp","href":"https:\/\/api.w.org\/{rel}","templated":true}]}}