{"id":217630,"date":"2026-01-19T11:51:04","date_gmt":"2026-01-19T15:51:04","guid":{"rendered":"https:\/\/www.elsinodaldetamaulipas.com.mx\/?p=217630"},"modified":"2026-01-19T11:51:04","modified_gmt":"2026-01-19T15:51:04","slug":"intereses","status":"publish","type":"post","link":"https:\/\/www.elsinodaldetamaulipas.com.mx\/?p=217630","title":{"rendered":"INTERESES"},"content":{"rendered":"<div dir=\"auto\">EL PASADO VIERNES. Nuestra Columna fue llamada \u201cMorena se Desmorona\u201d y vaya que caus\u00f3 escozor entre personajes y dirigentes del Movimiento, cuando quiz\u00e1s sin leer y analizar con el rigor que planteamos, abordamos el panorama incierto a nivel nacional.<\/div>\n<div dir=\"auto\">DE PRONTO. MORENA se vi\u00f3 tomado y marginado por sus aliados: Partido del Trabajo y el Verde (PVEM), que dejaron \u2013inicialmente en claro- que no apoyar\u00edan la Reforma Electoral, que dejar\u00edan sin minor\u00edas plurinominales en el Senado y Congreso.<\/div>\n<div dir=\"auto\">ALBERTO ANAYA GUTIERREZ. El viejo dirigente del PT le entendi\u00f3 muy bien a los tiempos electorales, y tras el impasse con Morena, despu\u00e9s se reuni\u00f3 con ROSA ICELA MORENA. Secretaria de Gobernaci\u00f3n para dejar en claro, como visualiza el PT la propuesta de Reforma Electoral, pero sin romper ni colocar en riesgo la alianza hist\u00f3rica.<\/div>\n<div dir=\"auto\">MENOS ACERTIVO Y PRUDENTE ha sido el PVEM, que se mantiene firme en su \u201cNO\u201d y en cuanto a conveniencia y relevancia, quiz\u00e1s sea necesario tenerlo del lado de la Alianza, pero no olvidemos que el Partido del Tuc\u00e1n, ya le fastidi\u00f3 una iniciativa a la Presidenta CLAUDIA SHEINBAUM.<\/div>\n<div dir=\"auto\">EN UNA PESIMA OPERACI\u00d3N POLITICA en contra de SHEINBAUM. ADAN AUGUSTO LOPEZ HERNANDEZ y RICARDO MONREAL AVILA cedieron a los chantajes de MANUEL \u201cEL G\u00dcERO\u201d VELASCO, dirigente nacional del PVEM y les \u201ctumb\u00f3\u201d la reforma contra el Nepotismo Electoral. \u00bfYa se les hab\u00eda olvidado?<\/div>\n<div dir=\"auto\">AL FINAL LA REFORMA PROPUESTA POR SHEINBAUM fue \u201cbateada\u201d hasta el 2030 por culpa del PVEM. Entonces en la Alianza en esto momentos, es el Partido del Trabajo el m\u00e1s fiable.<\/div>\n<div dir=\"auto\">DESDE COMUNICACI\u00d3N SOCIAL MUNICIPAL DE REYNOSA. Se han venido ordenando una serie de ataques en contra de HUMBERTO PRIETO HERRERA y MARCO GALLEGOS GALVA, ambos diputados locales de Morena en Reynosa.<\/div>\n<div dir=\"auto\">LA FUENTE DE ESTOS ATAQUES esta fuera de toda duda y su autor\u00eda es m\u00e1s que obvia. La pregunta es \u00bfPor qu\u00e9 desde ahora esos misiles y las otras dos diputadas no est\u00e1n incluidas en su estrategia?<\/div>\n<div dir=\"auto\">EL DESMORONAMIENTO EN MORENA es inocultable e imposible de soslayar. Un ejemplo. El pasado jueves 15 de enero se realiz\u00f3 la ceremonia solemne y oficial de inicio del Segundo A\u00f1o de Labores Legislativas del Congreso del Estado.<\/div>\n<div dir=\"auto\">A LAS 11 DE LA MA\u00d1ANA DE ESE DIA. Mientras en Ciudad Victoria se realizaba la ceremonia en el Palacio Legislativo. En un conocido restaurante de \u201cLa Calle del Taco\u201d en Reynosa. ARMANDO ZERTUCHE ZUANI desayunaba tranquilamente con su familia. Despreocupado y sin visos de haber asistido al evento.<\/div>\n<div dir=\"auto\">CONSULTANDO EN LA PAGINA DEL CONGRESO DEL ESTADO. En las gr\u00e1ficas oficiales, efectivamente hay dos ausencias notorias. ISMAEL GARCIA CABEZA DE VACA. Diputado del PAN, que, para efectos pol\u00edticos, sus ausencias son frecuentes y tienen una l\u00f3gica.<\/div>\n<div dir=\"auto\">EMPERO. ARMANDO ZERTUCHE ZUANI es Diputado Local de Morena, por lo que su ausencia env\u00eda se\u00f1ales preocupantes, de entrada, su desd\u00e9n de estar presente en el evento, ciertamente tiene respaldo en su reciente quiebre, en donde acus\u00f3 a Morena de obstaculizarlo y no reconocer su trabajo y aporte al Movimiento.<\/div>\n<div dir=\"auto\">EN SEGUNDO TERMINO. Su ausencia en ese evento de inicio de sesiones legislativas, demuestra que no hubo cabildeo ni nadie que lo convenciera de estar presente. En si es esta la lectura m\u00e1s preocupante. ZERTUCHE ZUANI ha roto con Morena y ahora se mueve con independencia y sin m\u00e1s compromiso que su raz\u00f3n y l\u00f3gica. Nos queda claro, que su sacrificio electoral por Reynosa hace dos a\u00f1os, no fue reconocido y tambi\u00e9n es claro, que ahora no ceder\u00e1 por voluntad sus aspiraciones que ya ha manifestado para el 2027.<\/div>\n<div dir=\"auto\">SOLO DURANTE EL 2025 en los diferentes periodos vacacionales. 16 millones y medio de turistas pasearon y visitaron las playas de Tamaulipas, sentando un precedente hist\u00f3rico en materia tur\u00edstica.<\/div>\n<div dir=\"auto\">EL GOBERNADOR DE TAMAULIPAS. AMERICO VILLARREAL ANAYA ofreci\u00f3 este dato, asi como otro m\u00e1s revelador, en sentido de que de 40 mil se increment\u00f3 a 120 mil unidades de transito diario por la entidad, durante este diciembre pasado.<\/div>\n<div dir=\"auto\">LOS DIALOGOS POR TAMAULIPAS, est\u00e1n planteando una nueva estrategia de comunicaci\u00f3n, sobretodo la disponibilidad que ha mostrado AMERICO de ir mas all\u00e1 de la informaci\u00f3n que a diario se distribuyen a los medios, es informaci\u00f3n un poco m\u00e1s especial y sobre todo para ir desmenuzando y darle seguimiento durante la semana, incluso con otros sectores de la sociedad para respaldar la informaci\u00f3n y crear una sinergia por Tamaulipas. El esfuerzo lo vale.<\/div>\n","protected":false},"excerpt":{"rendered":"<p>EL PASADO VIERNES. Nuestra Columna fue llamada \u201cMorena se Desmorona\u201d y vaya que caus\u00f3 escozor entre personajes y dirigentes del Movimiento, cuando quiz\u00e1s sin leer y analizar con el rigor que planteamos, abordamos el panorama incierto a nivel nacional. DE PRONTO. MORENA se vi\u00f3 tomado y marginado por sus aliados: Partido del Trabajo y el [&hellip;]<\/p>\n","protected":false},"author":1,"featured_media":216328,"comment_status":"closed","ping_status":"closed","sticky":false,"template":"","format":"standard","meta":{"footnotes":""},"categories":[16],"tags":[],"class_list":["post-217630","post","type-post","status-publish","format-standard","has-post-thumbnail","hentry","category-opinion"],"_links":{"self":[{"href":"https:\/\/www.elsinodaldetamaulipas.com.mx\/index.php?rest_route=\/wp\/v2\/posts\/217630","targetHints":{"allow":["GET"]}}],"collection":[{"href":"https:\/\/www.elsinodaldetamaulipas.com.mx\/index.php?rest_route=\/wp\/v2\/posts"}],"about":[{"href":"https:\/\/www.elsinodaldetamaulipas.com.mx\/index.php?rest_route=\/wp\/v2\/types\/post"}],"author":[{"embeddable":true,"href":"https:\/\/www.elsinodaldetamaulipas.com.mx\/index.php?rest_route=\/wp\/v2\/users\/1"}],"replies":[{"embeddable":true,"href":"https:\/\/www.elsinodaldetamaulipas.com.mx\/index.php?rest_route=%2Fwp%2Fv2%2Fcomments&post=217630"}],"version-history":[{"count":1,"href":"https:\/\/www.elsinodaldetamaulipas.com.mx\/index.php?rest_route=\/wp\/v2\/posts\/217630\/revisions"}],"predecessor-version":[{"id":217631,"href":"https:\/\/www.elsinodaldetamaulipas.com.mx\/index.php?rest_route=\/wp\/v2\/posts\/217630\/revisions\/217631"}],"wp:featuredmedia":[{"embeddable":true,"href":"https:\/\/www.elsinodaldetamaulipas.com.mx\/index.php?rest_route=\/wp\/v2\/media\/216328"}],"wp:attachment":[{"href":"https:\/\/www.elsinodaldetamaulipas.com.mx\/index.php?rest_route=%2Fwp%2Fv2%2Fmedia&parent=217630"}],"wp:term":[{"taxonomy":"category","embeddable":true,"href":"https:\/\/www.elsinodaldetamaulipas.com.mx\/index.php?rest_route=%2Fwp%2Fv2%2Fcategories&post=217630"},{"taxonomy":"post_tag","embeddable":true,"href":"https:\/\/www.elsinodaldetamaulipas.com.mx\/index.php?rest_route=%2Fwp%2Fv2%2Ftags&post=217630"}],"curies":[{"name":"wp","href":"https:\/\/api.w.org\/{rel}","templated":true}]}}