{"id":217632,"date":"2026-01-19T12:42:19","date_gmt":"2026-01-19T16:42:19","guid":{"rendered":"https:\/\/www.elsinodaldetamaulipas.com.mx\/?p=217632"},"modified":"2026-01-19T12:42:19","modified_gmt":"2026-01-19T16:42:19","slug":"chantaje-politico","status":"publish","type":"post","link":"https:\/\/www.elsinodaldetamaulipas.com.mx\/?p=217632","title":{"rendered":"CHANTAJE POL\u00cdTICO"},"content":{"rendered":"<p>GOLPE A GOLPE<\/p>\n<p>Por Juan S\u00e1nchez Mendoza<\/p>\n<p>&nbsp;<\/p>\n<p>La propuesta de reforma electoral, que la comisi\u00f3n presidencial encargada del proyecto le present\u00f3 el mi\u00e9rcoles pr\u00f3ximo pasado (enero 14) a Claudia Sheinbaum Pardo, habr\u00e1 de modificarse por el chantaje de los partidos del Trabajo (PT) y Verde Ecologista de M\u00e9xico (PVEM) que amagan con votar en contra en caso de no conced\u00e9rseles al menos tres caprichos:<\/p>\n<p>Uno: que se mantenga el n\u00famero de legisladores plurinominales en el Senado de la Rep\u00fablica y en la C\u00e1mara de Diputados; y en caso de que se eliminen 100 curules, que estas sean de mayor\u00eda relativa;<\/p>\n<p>Otro: que de aprobarse la reducci\u00f3n al financiamiento p\u00fablico el monto de las prebendas sea igual para los seis membretes, sin importar la cifra de votos que hayan alcanzado en la elecci\u00f3n inmediata; y<\/p>\n<p>El tercero: que el proyecto no contemple prohibir las coaliciones en los procesos electorales.<\/p>\n<p>Adem\u00e1s, no causar\u00e1 efecto el prop\u00f3sito del diputado (morenista) Pablo G\u00f3mez \u00c1lvarez consignado en el documento, para que el Instituto Nacional Electoral (INE) se considere un \u00f3rgano administrativo del Estado y no como ente aut\u00f3nomo, pues la misma jefa del Ejecutivo federal descart\u00f3 pretender quitarle la autonom\u00eda, tras conocer el proyecto final que servir\u00eda de base en la redacci\u00f3n de la iniciativa que promover\u00e1 en febrero, aunque, inicialmente estaba programada para presentarse ante el Congreso de la Uni\u00f3n durante la primera quincena de este mes.<\/p>\n<p>Los chantajistas petistas y verdes \u2018act\u00faan\u2019 con alevos\u00eda y ventaja pues bien saben que sin los votos de sus legisladores no pasar\u00e1 la reforma, bajo la premisa de que morena, solo, no alcanza a cubrir las dos terceras partes requeridas para modificaciones a la Constituci\u00f3n Pol\u00edtica de M\u00e9xico.<\/p>\n<p>En la c\u00e1mara baja, el membrete guinda cuenta con 253 diputados, por lo que requiere el apoyo de los 62 verdes y los 49 petistas \u2013o, de al menos, 81 de ellos\u2013, para sacar avante la reforma; y en la c\u00e1mara alta conserva 67 senadores de los 85 requeridos para alcanzar la mayor\u00eda calificada en toda reforma constitucional, por lo que el PVEM pretende vender caro a sus 14 y el PT a sus seis, aunque la mayor\u00eda de estos solo sean \u2018prestados\u2019.<\/p>\n<p>Pero \u2018dura lex, sed lex\u2019 (la ley es dura, pero es ley) y de acuerdo con la fracci\u00f3n cuarta del art\u00edculo 54 constitucional de nuestro pa\u00eds, ning\u00fan partido pol\u00edtico podr\u00e1 tener m\u00e1s de 300 diputados considerando a los uninominales y de representaci\u00f3n proporcional; en tanto no fija un l\u00edmite senatorial. Pero s\u00ed establece que una modificaci\u00f3n a su articulado requiere tambi\u00e9n el voto de las dos terceras partes del pleno.<\/p>\n<p>Y de ah\u00ed se cuelgan, precisamente, los partidos chantajistas.<\/p>\n<p>Ante esa rebeld\u00eda, la secretaria de Gobernaci\u00f3n, Rosa Icela Rodr\u00edguez Vel\u00e1zquez, llam\u00f3 a cuentas a los dirigentes nacionales de ambos partidos.<\/p>\n<p>El viernes que nos antecede recibi\u00f3 al dirigente vitalicio del PT, Alberto Anaya Guti\u00e9rrez, quien, tras la reuni\u00f3n, manifest\u00f3 que \u00e9sta fue productiva y cordial, acordando que sus bancadas legislativas impulsar\u00e1n la reforma.<\/p>\n<p>Hoy, la funcionaria federal podr\u00eda dialogar con la presidenta del PVEM, Karen Castrej\u00f3n Trujillo, para negociar la adhesi\u00f3n del grupo parlamentario (en ambas c\u00e1maras) a la modificaci\u00f3n constitucional.<\/p>\n<p>\u00bfEn qu\u00e9 t\u00e9rminos lo hizo \u2018Beto\u2019 Anaya?<\/p>\n<p>\u00bfY bajo qu\u00e9 condiciones lo har\u00e1 la dirigente del ecologista?<\/p>\n<p>Los dos jefes partidistas deben explicarlo puntualmente a su estructura dirigente y militancia, so pena de alimentar la sospecha de que \u00e9l accedi\u00f3 a respaldar la iniciativa presidencial como vil Judas; y que ella har\u00eda lo mismo este d\u00eda, u otro, durante el di\u00e1logo que sostenga con Rosa Icela.<\/p>\n<p>O \u00bfacaso la secretaria de Gobernaci\u00f3n \u2018dobl\u00f3 las manos\u2019 en su primer encuentro, accediendo al chantaje del senador hidroc\u00e1lido? \u00bfY lo har\u00e1 ante la senadora guerrerense?<\/p>\n<p>No lo creo, pues Rodr\u00edguez Vel\u00e1zquez se distingue por ser una pol\u00edtica dura y firme en sus convicciones.<\/p>\n<p>Y eso, precisamente, lleva a suponer que el petista \u2018en su morral carga temas que no le conviene sean ventilados. As\u00ed que opt\u00f3 en vender al PT tal y como siempre lo ha hecho.<\/p>\n<p>En cuanto a Karen hay que esperar su pronunciamiento tras la reuni\u00f3n con Rosa Icela, para, entonces, opinar al respecto.<\/p>\n<p><strong>Fiscal\u00eda: primera pifia<\/strong><\/p>\n<p>La liberaci\u00f3n de Carlos Gorham Ruiz (a) \u2018La Rana\u2019 \u2013acusado de violaci\u00f3n\u2013 por instrucci\u00f3n de una jueza, que se neg\u00f3 vincularlo a proceso, exhibe falta de capacidad de la Fiscal\u00eda General de Justicia, a cargo de Jes\u00fas Eduardo Govea Orozco, para integrar la carpeta de investigaci\u00f3n.<\/p>\n<p>Ciertamente al individuo no puede consider\u00e1rsele culpable del delito ni inocente, hasta en tanto lo determine la autoridad judicial, pero la ligereza con que se ha manejado el caso muestra claramente que nada ha variado (en Tamaulipas) en materia de procuraci\u00f3n de justicia.<\/p>\n<p>Correo:\u00a0<a href=\"mailto:jusam_gg@hotmail.com\" target=\"_blank\" rel=\"noreferrer noopener\">jusam_gg@hotmail.com<\/a><\/p>\n","protected":false},"excerpt":{"rendered":"<p>GOLPE A GOLPE Por Juan S\u00e1nchez Mendoza &nbsp; La propuesta de reforma electoral, que la comisi\u00f3n presidencial encargada del proyecto le present\u00f3 el mi\u00e9rcoles pr\u00f3ximo pasado (enero 14) a Claudia Sheinbaum Pardo, habr\u00e1 de modificarse por el chantaje de los partidos del Trabajo (PT) y Verde Ecologista de M\u00e9xico (PVEM) que amagan con votar en [&hellip;]<\/p>\n","protected":false},"author":1,"featured_media":216132,"comment_status":"closed","ping_status":"closed","sticky":false,"template":"","format":"standard","meta":{"footnotes":""},"categories":[16],"tags":[],"class_list":["post-217632","post","type-post","status-publish","format-standard","has-post-thumbnail","hentry","category-opinion"],"_links":{"self":[{"href":"https:\/\/www.elsinodaldetamaulipas.com.mx\/index.php?rest_route=\/wp\/v2\/posts\/217632","targetHints":{"allow":["GET"]}}],"collection":[{"href":"https:\/\/www.elsinodaldetamaulipas.com.mx\/index.php?rest_route=\/wp\/v2\/posts"}],"about":[{"href":"https:\/\/www.elsinodaldetamaulipas.com.mx\/index.php?rest_route=\/wp\/v2\/types\/post"}],"author":[{"embeddable":true,"href":"https:\/\/www.elsinodaldetamaulipas.com.mx\/index.php?rest_route=\/wp\/v2\/users\/1"}],"replies":[{"embeddable":true,"href":"https:\/\/www.elsinodaldetamaulipas.com.mx\/index.php?rest_route=%2Fwp%2Fv2%2Fcomments&post=217632"}],"version-history":[{"count":1,"href":"https:\/\/www.elsinodaldetamaulipas.com.mx\/index.php?rest_route=\/wp\/v2\/posts\/217632\/revisions"}],"predecessor-version":[{"id":217633,"href":"https:\/\/www.elsinodaldetamaulipas.com.mx\/index.php?rest_route=\/wp\/v2\/posts\/217632\/revisions\/217633"}],"wp:featuredmedia":[{"embeddable":true,"href":"https:\/\/www.elsinodaldetamaulipas.com.mx\/index.php?rest_route=\/wp\/v2\/media\/216132"}],"wp:attachment":[{"href":"https:\/\/www.elsinodaldetamaulipas.com.mx\/index.php?rest_route=%2Fwp%2Fv2%2Fmedia&parent=217632"}],"wp:term":[{"taxonomy":"category","embeddable":true,"href":"https:\/\/www.elsinodaldetamaulipas.com.mx\/index.php?rest_route=%2Fwp%2Fv2%2Fcategories&post=217632"},{"taxonomy":"post_tag","embeddable":true,"href":"https:\/\/www.elsinodaldetamaulipas.com.mx\/index.php?rest_route=%2Fwp%2Fv2%2Ftags&post=217632"}],"curies":[{"name":"wp","href":"https:\/\/api.w.org\/{rel}","templated":true}]}}