{"id":217634,"date":"2026-01-19T12:45:01","date_gmt":"2026-01-19T16:45:01","guid":{"rendered":"https:\/\/www.elsinodaldetamaulipas.com.mx\/?p=217634"},"modified":"2026-01-19T12:45:01","modified_gmt":"2026-01-19T16:45:01","slug":"dice-trump-que-el-temec-es-irrelevante","status":"publish","type":"post","link":"https:\/\/www.elsinodaldetamaulipas.com.mx\/?p=217634","title":{"rendered":"DICE TRUMP QUE EL TEMEC ES IRRELEVANTE"},"content":{"rendered":"<p><strong>-Groenlandia no est\u00e1 en venta, aclara el primer ministro de la isla \u00e1rtica<\/strong><\/p>\n<p><strong>-Dizque ya no ser\u00e1 Am\u00e9rica para los americanos sino para los estadounidenses<\/strong><\/p>\n<p>H. Matamoros, Tam.-Mientras que el presidente de los Estados Unidos, DONALD TRUMP, asegura que el Tratado Comercial entre M\u00e9xico- Estados Unidos-Canad\u00e1 (TMEC) es irrelevante, en el pretendido dominio total del Hemisferio Occidental no quita el dedo del rengl\u00f3n de apoderarse \u201cpor las buenas o por las malas\u201d de la isla \u00e1rtica Groenlandia que pertenece a Dinamarca.<\/p>\n<p>Como es evidente, el par de temas antes mencionados generan posturas diametralmente opuestas desde la perspectiva del mandatario de la Uni\u00f3n Americana, aunque, eso s\u00ed, forman parte importante de la agenda norteamericana para 2026.<\/p>\n<p>Para el magnate neoyorquino el tratado comercial no tiene ninguna ventaja real, que no necesita de los productos canadienses y mexicanos, que tampoco necesitan los autos fabricados en Canad\u00e1 y en M\u00e9xico, y que respecto a la revisi\u00f3n del TMEC en el presente a\u00f1o se revisar\u00e1 detenidamente para decidir si se deja expirar o se elabora un nuevo acuerdo.<\/p>\n<p>Del mismo modo, haciendo alusi\u00f3n a la a\u00f1eja Doctrina Monroe que predica \u201cAm\u00e9rica para los americanos\u201d, el presidente TRUMP planea utilizar su poder\u00edo militar, tecnol\u00f3gico y econ\u00f3mico para anexar Groenlandia al territorio yanqui bajo el argumento o pretexto de la seguridad nacional en el norte del hemisferio occidental.<\/p>\n<p>No obstante, el criterio cerrado del t\u00edo Sam ha generado reacciones lo mismo entre los empresarios estadounidenses que en el gobierno de Dinamarca y de los habitantes en la isla \u00e1rtica.<\/p>\n<p>Veamos:<\/p>\n<p>La empresa de capital norteamericano General Motors anunci\u00f3 la inversi\u00f3n de mil millones de d\u00f3lares en M\u00e9xico para los pr\u00f3ximos dos a\u00f1os con el objetivo de fortalecer sus operaciones locales de manufactura y apuntalar su estrategia enfocada al mercado interno.<\/p>\n<p>Su filial en la rep\u00fablica mexicana vendi\u00f3 198 mil 153 unidades motrices en el a\u00f1o que reci\u00e9n termin\u00f3, lo que coloc\u00f3 a la trasnacional como el segundo mayor participante en el mercado automotriz.<\/p>\n<p>Cabe se\u00f1alar que General Motors tiene cuatro plantas productoras de unidades motrices y est\u00e1n ubicadas en Ramos Arizpe, Coahuila; Silao, Guanajuato; en San Luis Potos\u00ed capital; y en Toluca, Estado de M\u00e9xico. De acuerdo a lo anunciado la millonaria inversi\u00f3n fortalecer\u00e1 su cadena de producci\u00f3n en M\u00e9xico.<\/p>\n<p>Para atender el proteccionismo del presidente DONALD TRUMP que obliga a las empresas ha regresar a los Estados Unidos, General Motors increment\u00f3 la producci\u00f3n en sus plantas armadoras ubicadas en Michigan, Kansas y Tennessee.<\/p>\n<p>Respecto a Groenlandia, el mandatario republicano pretende a toda costa que Dinamarca le venda la isla \u00e1rtica y anexar a Canad\u00e1 como el estado 51 de la Uni\u00f3n Americana para lograr la hegemon\u00eda total y pr\u00e1cticamente apoderarse e influir a lo largo y ancho del hemisferio occidental.<\/p>\n<p>Sin embargo, JENS-FREDERIK NIELSEN, primer ministro de la isla \u00e1rtica fue claro al precisar que \u201cGroenlandia no est\u00e1 en venta y no quiere unirse a Estados Unidos. Nos enfrentamos a una crisis geopol\u00edtica, y si tenemos que elegir entre Estados Unidos y Dinamarca ahora mismo, elegimos Dinamarca\u201d.<\/p>\n<p>En consecuencia, el tema se torna altamente preocupante ante la firme postura del gobernante del territorio aut\u00f3nomo del Reino de Dinamarca y la obsesi\u00f3n de DONALD TRUMP por Doctrina Monroe y su predicamento de \u201cAm\u00e9rica para los americanos\u201d que, en este caso se transformar\u00eda en \u201cAm\u00e9rica para los estadounidenses\u201d.<\/p>\n<p>Desde otra \u00f3ptica, si bien es cierto que los pa\u00edses de la OTAN apoyan al gobierno dan\u00e9s e, incluso, han autorizado despliegue de fuerzas armadas, tambi\u00e9n es cierto que, envalentonado por la intervenci\u00f3n en Venezuela, el presidente norteamericano podr\u00eda utilizar su poder\u00edo b\u00e9lico para apropiarse \u201ca bayoneta calada\u201d de ese territorio aut\u00f3nomo del reino dan\u00e9s con argumento de proteger su seguridad nacional.<\/p>\n<p>Al margen de posturas comerciales y acciones geopol\u00edticas, la realidad es que el 2026 ser\u00e1 un a\u00f1o bastante tenso ante el criterio radical del mandatario de la Uni\u00f3n Americana respecto al tratado comercial y la pretensi\u00f3n de anexar la isla \u00e1rtica al pa\u00eds de las barras y las estrellas.<\/p>\n<p>\u00bfC\u00f3mo la ve?<\/p>\n<p>DESDE EL BALC\u00d3N:<\/p>\n<p>I.-Por supuesto que les asiste la raz\u00f3n a quienes consideran que la a\u00f1eja Doctrina Monroe que establece que \u201cAm\u00e9rica para los americanos\u201d, en la actualidad podr\u00eda considerarse como la Doctrina \u201cDonroe\u201d (en alusi\u00f3n a DONALD TRUMP) y que \u201cAm\u00e9rica es para los estadounidenses\u201d.<\/p>\n<p>Ni hablar.<\/p>\n<p>II.-Entre las actividades m\u00e1s recientes y relevantes del Club Primera Plana que preside el Maestro VIRGILIO ARIAS RAM\u00cdREZ se registra el saludo a los dirigentes del Congreso del Trabajo que preside el Lic. REYES SOBERANES MORENO, el pasado 18 de diciembre; la visita entre los d\u00edas 26 y 27 del mismo mes a la ciudad de Tequila, Jalisco, lugar de nacimiento de MANUEL CABALLERO, considerado el padre del periodismo\u00a0 moderno y el arte de reportear; el 30 de diciembre en Tuxtla Guti\u00e9rrez, Chiapas, entrega de Reconocimiento al periodista RAFAEL MOLINA MATUS y Reconocimiento Post Mortem al cronista de la ciudad, Dr. FERN\u00c1N PAVIA FARRERA, quien falleciera a los 105 a\u00f1os de edad; y la presencia, el 15 de enero del a\u00f1o en curso, en el Festival Internacional en Recuerdo de los Grandes Periodistas, evento que se llev\u00f3 a cabo en el Teatro Mar\u00eda Teresa Montoya, en la ciudad de M\u00e9xico.<\/p>\n<p>Y hasta la pr\u00f3xima.<\/p>\n<p><a href=\"mailto:mariodiaz27@prodigy.net.mx\" target=\"_blank\" rel=\"noreferrer noopener\">mariodiaz27@prodigy.net.mx<\/a><\/p>\n","protected":false},"excerpt":{"rendered":"<p>-Groenlandia no est\u00e1 en venta, aclara el primer ministro de la isla \u00e1rtica -Dizque ya no ser\u00e1 Am\u00e9rica para los americanos sino para los estadounidenses H. Matamoros, Tam.-Mientras que el presidente de los Estados Unidos, DONALD TRUMP, asegura que el Tratado Comercial entre M\u00e9xico- Estados Unidos-Canad\u00e1 (TMEC) es irrelevante, en el pretendido dominio total del [&hellip;]<\/p>\n","protected":false},"author":1,"featured_media":216580,"comment_status":"closed","ping_status":"closed","sticky":false,"template":"","format":"standard","meta":{"footnotes":""},"categories":[16],"tags":[],"class_list":["post-217634","post","type-post","status-publish","format-standard","has-post-thumbnail","hentry","category-opinion"],"_links":{"self":[{"href":"https:\/\/www.elsinodaldetamaulipas.com.mx\/index.php?rest_route=\/wp\/v2\/posts\/217634","targetHints":{"allow":["GET"]}}],"collection":[{"href":"https:\/\/www.elsinodaldetamaulipas.com.mx\/index.php?rest_route=\/wp\/v2\/posts"}],"about":[{"href":"https:\/\/www.elsinodaldetamaulipas.com.mx\/index.php?rest_route=\/wp\/v2\/types\/post"}],"author":[{"embeddable":true,"href":"https:\/\/www.elsinodaldetamaulipas.com.mx\/index.php?rest_route=\/wp\/v2\/users\/1"}],"replies":[{"embeddable":true,"href":"https:\/\/www.elsinodaldetamaulipas.com.mx\/index.php?rest_route=%2Fwp%2Fv2%2Fcomments&post=217634"}],"version-history":[{"count":1,"href":"https:\/\/www.elsinodaldetamaulipas.com.mx\/index.php?rest_route=\/wp\/v2\/posts\/217634\/revisions"}],"predecessor-version":[{"id":217635,"href":"https:\/\/www.elsinodaldetamaulipas.com.mx\/index.php?rest_route=\/wp\/v2\/posts\/217634\/revisions\/217635"}],"wp:featuredmedia":[{"embeddable":true,"href":"https:\/\/www.elsinodaldetamaulipas.com.mx\/index.php?rest_route=\/wp\/v2\/media\/216580"}],"wp:attachment":[{"href":"https:\/\/www.elsinodaldetamaulipas.com.mx\/index.php?rest_route=%2Fwp%2Fv2%2Fmedia&parent=217634"}],"wp:term":[{"taxonomy":"category","embeddable":true,"href":"https:\/\/www.elsinodaldetamaulipas.com.mx\/index.php?rest_route=%2Fwp%2Fv2%2Fcategories&post=217634"},{"taxonomy":"post_tag","embeddable":true,"href":"https:\/\/www.elsinodaldetamaulipas.com.mx\/index.php?rest_route=%2Fwp%2Fv2%2Ftags&post=217634"}],"curies":[{"name":"wp","href":"https:\/\/api.w.org\/{rel}","templated":true}]}}