{"id":217636,"date":"2026-01-19T18:52:48","date_gmt":"2026-01-19T22:52:48","guid":{"rendered":"https:\/\/www.elsinodaldetamaulipas.com.mx\/?p=217636"},"modified":"2026-01-19T18:52:48","modified_gmt":"2026-01-19T22:52:48","slug":"cumpleanos-de-ursula","status":"publish","type":"post","link":"https:\/\/www.elsinodaldetamaulipas.com.mx\/?p=217636","title":{"rendered":"CUMPLEA\u00d1OS DE \u00daRSULA"},"content":{"rendered":"<p><em><strong>Por Oscar D\u00edaz Salazar<\/strong><\/em><\/p>\n<p>Bueno y breve, por lo tanto dos veces bueno, as\u00ed fue el festejo de cumplea\u00f1os de la diputada Ursula Salazar Mojica,celebrado este s\u00e1bado 17 de enero en el Domo de Ciudad Madero.<\/p>\n<p>Y me voy a contradecir un poco, o tal vez un mucho, al referirles que si bien el \u201cprograma fue breve\u201d, pues solo consisti\u00f3 en una rese\u00f1a audiovisual de la trayectoria vital de la diputada y un discurso improvisado y muy emotivo de la propia festejada, mas sin embargo el acto se demor\u00f3 un buen tiempo porque la mayor\u00eda de los asistentes hicieron fila para saludar y fotografiarse con la cumplea\u00f1era.<\/p>\n<p>En la plataforma del domo se colocaron mesas donde se instalaron unas dos mil personas, que disfrutaron una fiesta con alimentos y muy buena m\u00fasica, bien ejecutada, bien cantada y con un excelente y muy alegre repertorio.<\/p>\n<p><img loading=\"lazy\" decoding=\"async\" class=\"aligncenter wp-image-217638 size-full\" src=\"https:\/\/www.elsinodaldetamaulipas.com.mx\/wp-content\/uploads\/2026\/01\/CUMPLE-2.jpg\" alt=\"\" width=\"1320\" height=\"756\" srcset=\"https:\/\/www.elsinodaldetamaulipas.com.mx\/wp-content\/uploads\/2026\/01\/CUMPLE-2.jpg 1320w, https:\/\/www.elsinodaldetamaulipas.com.mx\/wp-content\/uploads\/2026\/01\/CUMPLE-2-300x172.jpg 300w, https:\/\/www.elsinodaldetamaulipas.com.mx\/wp-content\/uploads\/2026\/01\/CUMPLE-2-1024x586.jpg 1024w, https:\/\/www.elsinodaldetamaulipas.com.mx\/wp-content\/uploads\/2026\/01\/CUMPLE-2-768x440.jpg 768w\" sizes=\"auto, (max-width: 1320px) 100vw, 1320px\" \/><\/p>\n<p>Cinco fotograf\u00edas de muy buen tama\u00f1o, una por cada d\u00e9cada de la diputada Ursula Salazar, fueron colocadas estrat\u00e9gicamente en el per\u00edmetro del recinto a manera de escenograf\u00eda. En la mesa que compart\u00ed con varios colegas periodistas, hubo uno que afirm\u00f3 que el diputado consorte, el Ing. Dionisio Cruz, era un suertudo, al tiempo de se\u00f1alar la fotograf\u00eda de los treinta a\u00f1os de la diputada.<\/p>\n<p>El festejo de cumplea\u00f1os se vio como un acto pol\u00edtico de la vieja escuela, un acto pol\u00edtico bien logrado, un ejercicio de una de las mejores pr\u00e1cticas de la tradici\u00f3n pol\u00edtica en nuestro pa\u00eds, y aqu\u00ed me refiero a la reuni\u00f3n de grandes contingentes, en un ambiente festivo y sin m\u00e1s recompensa que pasar un rato agradable, reforzar el sentido de pertenencia y saludar a los amigos y compa\u00f1eros.<\/p>\n<p>El grueso de los asistentes fueron l\u00edderes y activistas de la Fuerza Ursula, grupo pol\u00edtico que inici\u00f3 y fue creciendo alrededor de Do\u00f1a Ursula, -madre de la diputada &#8211; y que se ha enriquecido, consolidado y fortalecido con el liderazgo de la diputada.<\/p>\n<p>Por el n\u00famero y por su importancia en la sociedad de Tampico, Madero y Altamira, destaca la asistencia de los integrantes de la comunidad del Tec Madero, que dirige el Ing. Juan Dionisio Cruz, esposo de la cumplea\u00f1era.<\/p>\n<p>Es en actos como el de este s\u00e1bado donde se demuestra que no son frases vac\u00edas las que repiten los dirigentes de morena, cuando presumen de ser cercanos al pueblo bueno y sabio, y de hacer pol\u00edtica desde abajo y con la gente. Convocar a la raza cuando hay razones para festejar y no solo cuando requieres su apoyo o su voto.<\/p>\n<p>En un pueblo que se caracteriza por el relajo y por ser festivo, la pol\u00edtica tambi\u00e9n se hace con pachangas y en los jolgorios, y por eso me parece que fue muy buen evento pol\u00edtico, el festejo de cumplea\u00f1os de la diputada Ursula Salazar.<\/p>\n","protected":false},"excerpt":{"rendered":"<p>Por Oscar D\u00edaz Salazar Bueno y breve, por lo tanto dos veces bueno, as\u00ed fue el festejo de cumplea\u00f1os de la diputada Ursula Salazar Mojica,celebrado este s\u00e1bado 17 de enero en el Domo de Ciudad Madero. Y me voy a contradecir un poco, o tal vez un mucho, al referirles que si bien el \u201cprograma [&hellip;]<\/p>\n","protected":false},"author":1,"featured_media":217637,"comment_status":"closed","ping_status":"closed","sticky":false,"template":"","format":"standard","meta":{"footnotes":""},"categories":[16],"tags":[],"class_list":["post-217636","post","type-post","status-publish","format-standard","has-post-thumbnail","hentry","category-opinion"],"_links":{"self":[{"href":"https:\/\/www.elsinodaldetamaulipas.com.mx\/index.php?rest_route=\/wp\/v2\/posts\/217636","targetHints":{"allow":["GET"]}}],"collection":[{"href":"https:\/\/www.elsinodaldetamaulipas.com.mx\/index.php?rest_route=\/wp\/v2\/posts"}],"about":[{"href":"https:\/\/www.elsinodaldetamaulipas.com.mx\/index.php?rest_route=\/wp\/v2\/types\/post"}],"author":[{"embeddable":true,"href":"https:\/\/www.elsinodaldetamaulipas.com.mx\/index.php?rest_route=\/wp\/v2\/users\/1"}],"replies":[{"embeddable":true,"href":"https:\/\/www.elsinodaldetamaulipas.com.mx\/index.php?rest_route=%2Fwp%2Fv2%2Fcomments&post=217636"}],"version-history":[{"count":1,"href":"https:\/\/www.elsinodaldetamaulipas.com.mx\/index.php?rest_route=\/wp\/v2\/posts\/217636\/revisions"}],"predecessor-version":[{"id":217639,"href":"https:\/\/www.elsinodaldetamaulipas.com.mx\/index.php?rest_route=\/wp\/v2\/posts\/217636\/revisions\/217639"}],"wp:featuredmedia":[{"embeddable":true,"href":"https:\/\/www.elsinodaldetamaulipas.com.mx\/index.php?rest_route=\/wp\/v2\/media\/217637"}],"wp:attachment":[{"href":"https:\/\/www.elsinodaldetamaulipas.com.mx\/index.php?rest_route=%2Fwp%2Fv2%2Fmedia&parent=217636"}],"wp:term":[{"taxonomy":"category","embeddable":true,"href":"https:\/\/www.elsinodaldetamaulipas.com.mx\/index.php?rest_route=%2Fwp%2Fv2%2Fcategories&post=217636"},{"taxonomy":"post_tag","embeddable":true,"href":"https:\/\/www.elsinodaldetamaulipas.com.mx\/index.php?rest_route=%2Fwp%2Fv2%2Ftags&post=217636"}],"curies":[{"name":"wp","href":"https:\/\/api.w.org\/{rel}","templated":true}]}}