{"id":217640,"date":"2026-01-19T18:55:50","date_gmt":"2026-01-19T22:55:50","guid":{"rendered":"https:\/\/www.elsinodaldetamaulipas.com.mx\/?p=217640"},"modified":"2026-01-19T18:55:50","modified_gmt":"2026-01-19T22:55:50","slug":"con-un-pie-en-el-penal-cuando-entran","status":"publish","type":"post","link":"https:\/\/www.elsinodaldetamaulipas.com.mx\/?p=217640","title":{"rendered":"CON UN PIE EN EL PENAL \u00bfCU\u00c1NDO ENTRAN?"},"content":{"rendered":"<div class=\"post-content\">\n<p>Cd. Victoria, Tamaulipas.- Piensa mal y le atinas, como dicen. Nos entr\u00f3<br \/>\nla duda sobre la real existencia de las personas que, durante el cabecismo,<br \/>\nrecibieron cr\u00e9ditos de Fomicro.<br \/>\nEs uno de los motivos por los que estar\u00eda vinculado a proceso el ex<br \/>\nsecretario de Econom\u00eda, Carlos Alberto \u201cN\u201d, eterno aspirante a la alcald\u00eda de<br \/>\nMatamoros.<br \/>\nNo hemos redondeado la investigaci\u00f3n, pero hoy el inter\u00e9s est\u00e1 en<br \/>\nalguien que en apariencia se llama Nikolas Valera Huta, \u00bfexiste? \u00bfes<br \/>\nverdadero?. Habr\u00eda recibido un cr\u00e9dito en los primeros a\u00f1os del cabecismo.<br \/>\nLe cancelaron cuenta en 2020 y el Gobierno del Estado apechug\u00f3 la deuda<br \/>\npor 104.1 mil varos.<br \/>\nPor los siguientes a\u00f1os y hasta 2025 el nombre sigue apareciendo en los<br \/>\nestados financieros de Fomicro.<br \/>\nEn ese sexenio los fondos fueron orde\u00f1ados para beneficiar a figuras del<br \/>\npoder o sus amigos, como un abogado de Reynosa que recibi\u00f3 millones<br \/>\npara \u201creactivar\u201d su despacho jur\u00eddico.<br \/>\nSabemos que a mediados de octubre del 2025 Carlos recibi\u00f3 medidas<br \/>\ncautelares de un juez de control que le prohibi\u00f3 salir del pa\u00eds, ir a firmar al<br \/>\nJuzgado y pagar una fianza de 200 mil pesos, acusado de un \u201cbonche\u201d de<br \/>\npresuntos delitos: Abuso de autoridad, simulaci\u00f3n, cohecho, tr\u00e1fico de<br \/>\ninfluencias por un monto calculado en 32 milloncillos.<br \/>\nEs uno de los \u201cap\u00f3stoles\u201d cabecistas vinculados a Proceso. M\u00e1s de la<br \/>\nmitad de quienes lo acompa\u00f1aron en el gabinete est\u00e1n con un pie en la<br \/>\nc\u00e1rcel \u00bfcu\u00e1ndo el paso definitivo?. La sociedad quiere ver justicia.<br \/>\nSer\u00e1 grotesca \u00bfsurrealista? la campa\u00f1a panista de 2027 -con C\u00e9sar<br \/>\nVer\u00e1stegui al frente- con m\u00e1s de la mitad de los colaborades de Francisco<br \/>\nen el bote. No se necesita ser un genio para saber cu\u00e1les ser\u00e1n los temas<br \/>\nde los contrincantes.<br \/>\nY el golpe a la cabeza si, de aqu\u00ed a entonces, se resuelve en la Corte<br \/>\nque el Bar\u00f3n de las chamoyadas sigue con orden de aprehensi\u00f3n vigente.<br \/>\nEnero es cr\u00edtico para los procesos de varios que encaminan su<br \/>\nhumanidad hacia un centro de readaptaci\u00f3n social. El plazo para cerrar el<br \/>\nexpediente de Carlos vence el 20 (tres meses) de este.<br \/>\nEn la cuerda floja Don Jes\u00fas Alberto \u201cN\u201d, otro de los dedos chiquitos,<br \/>\ncomisionado a compras. El da\u00f1o patrimonial que se le atribuye en una baba<br \/>\nen comparaci\u00f3n con los patrimonios que detentan, 5.8 milloncillos por un<br \/>\ncontrato val\u00edn de seguros de vida para personal de Salud,<br \/>\nA veces es saludable vomitar a tiempo \u00bfno?.<\/p>\n<p>Ah! Do\u00f1a Lul\u00fa \u201cN\u201d, la se\u00f1orona de mucho respeto, aparente intocable<br \/>\n\u00bfya le dijo al Juez que solo recib\u00eda instrucciones del mero jefe? Su pecado y<br \/>\ncondena pueden ser menores.<br \/>\nAh\u00ed est\u00e1 con un pie por un monto de 139 millones. Le quitaron el<br \/>\npasaporte, que no salga del pa\u00eds, fijaron fianza de 300 mil. Presuntos<br \/>\ndelitos: Uso il\u00edcito del servicio p\u00fablico y uso il\u00edcito de atribuciones y<br \/>\nfacultades. Cada semana tiene que ir a firmar.<br \/>\nCaso extra\u00f1o el de Mario G\u00f3mez Monroy, colaborador pol\u00edtico desde la<br \/>\ncampa\u00f1a por diputaci\u00f3n federal 2003, Reynosa. Fue sentenciado a 19 a\u00f1os<br \/>\nde c\u00e1rcel por el caso de los seguros MetLife, pero sigue en libertad \u00bfbajo<br \/>\nqu\u00e9 condiciones? Nadie lo explica.<br \/>\nOtra cosa \u00bfles llega asesor\u00eda jur\u00eddica del otro lado? El \u00fanico que hace<br \/>\nbulto en penal es R\u00f3mulo \u201cN\u201d el ex de Bienestar. Fue capturado en San Luis<br \/>\nPotos\u00ed porque su defensa no respondi\u00f3 a los citatorios. Puede pasar largos<br \/>\na\u00f1os en prisi\u00f3n puesto que el da\u00f1o patrimonial al estado en millonario.<br \/>\nHay m\u00e1s. La imagen es que en todo el gobierno se dedicaron a la<br \/>\nrapi\u00f1a. La Fiscal\u00eda dice que ha vinculado a 31 ex colaboradores del<br \/>\ngobierno panista \u00bfcu\u00e1ntos son reos?.<br \/>\nGilberto \u201cN\u201d, ex de Desarrollo Urbano, fue de los primeros. Su caso viene<br \/>\nde octubre de 2023. Tiene tres procesos y ha tramitado muchos amparos.<br \/>\nY m\u00e1s mujeres. Do\u00f1a Gloria \u201cN\u201d, ex de Salud por un posible quebrando<br \/>\nde 343\u00a0millones, y Elda Aurora, la Contralora que se supone les vigilaba<br \/>\nmanos y u\u00f1as.<br \/>\nAh\u00ed dejamos el tema. Lo que s\u00ed, hay que dejar asentado desde ahora<br \/>\n\u00bfcon qu\u00e9 cara los azules van a ir a pedir el voto ciudadano en 2027 y 2028?<br \/>\nPuras verg\u00fcenzas.<br \/>\nY esperemos que, as\u00ed como los fiscales y jueces se apuraron en el caso<br \/>\nde un detenido por presuntamente violar a dos mujeres en el interior del<br \/>\nHospital Infantil, den prisa a estos asuntos que igual interesan.<br \/>\nTema parte, otra vez andar\u00e1 por ciudad Victoria la Presidenta Claudia<br \/>\nSheinbaum, como lo dijo en la ma\u00f1anera de este lunes, y confirm\u00f3 el<br \/>\nGobernador Am\u00e9rico Villarreal.<br \/>\nViene a la capital, dijo \u201ca anunciar varios temas en Tamaulipas\u201d. El<br \/>\njueves tocar\u00e1 Puebla y el viernes Veracruz.<br \/>\nPor lo que s4 entendi\u00f3 al contestar preguntas de los periodistas, habr\u00e1<br \/>\n\u201cma\u00f1aneras\u201d en cada entidad.<br \/>\nAbund\u00f3 el Gobernador que el objetivo central es la supervisi\u00f3n y revisi\u00f3n<br \/>\nde obras p\u00fablicas en la capital, lo que con seguridad incluye el acueducto<br \/>\npresa Vicente Guerrero, la obra m\u00e1s importante en marcha en muchos<br \/>\na\u00f1os.<br \/>\nEn una ma\u00f1ana de lunes bastante fr\u00eda, AVA presidi\u00f3 Honores a la<br \/>\nBandera en las instalaciones del Congreso del Estado, para inaugurar el<\/p>\n<p>Museo Legislativo, un espacio que guarda documentos y objetos que datan<br \/>\ndesde 1824, cuando se instal\u00f3 la primera legislatura.<\/p>\n<\/div>\n","protected":false},"excerpt":{"rendered":"<p>Cd. Victoria, Tamaulipas.- Piensa mal y le atinas, como dicen. Nos entr\u00f3 la duda sobre la real existencia de las personas que, durante el cabecismo, recibieron cr\u00e9ditos de Fomicro. Es uno de los motivos por los que estar\u00eda vinculado a proceso el ex secretario de Econom\u00eda, Carlos Alberto \u201cN\u201d, eterno aspirante a la alcald\u00eda de [&hellip;]<\/p>\n","protected":false},"author":1,"featured_media":216397,"comment_status":"closed","ping_status":"closed","sticky":false,"template":"","format":"standard","meta":{"footnotes":""},"categories":[16],"tags":[],"class_list":["post-217640","post","type-post","status-publish","format-standard","has-post-thumbnail","hentry","category-opinion"],"_links":{"self":[{"href":"https:\/\/www.elsinodaldetamaulipas.com.mx\/index.php?rest_route=\/wp\/v2\/posts\/217640","targetHints":{"allow":["GET"]}}],"collection":[{"href":"https:\/\/www.elsinodaldetamaulipas.com.mx\/index.php?rest_route=\/wp\/v2\/posts"}],"about":[{"href":"https:\/\/www.elsinodaldetamaulipas.com.mx\/index.php?rest_route=\/wp\/v2\/types\/post"}],"author":[{"embeddable":true,"href":"https:\/\/www.elsinodaldetamaulipas.com.mx\/index.php?rest_route=\/wp\/v2\/users\/1"}],"replies":[{"embeddable":true,"href":"https:\/\/www.elsinodaldetamaulipas.com.mx\/index.php?rest_route=%2Fwp%2Fv2%2Fcomments&post=217640"}],"version-history":[{"count":1,"href":"https:\/\/www.elsinodaldetamaulipas.com.mx\/index.php?rest_route=\/wp\/v2\/posts\/217640\/revisions"}],"predecessor-version":[{"id":217641,"href":"https:\/\/www.elsinodaldetamaulipas.com.mx\/index.php?rest_route=\/wp\/v2\/posts\/217640\/revisions\/217641"}],"wp:featuredmedia":[{"embeddable":true,"href":"https:\/\/www.elsinodaldetamaulipas.com.mx\/index.php?rest_route=\/wp\/v2\/media\/216397"}],"wp:attachment":[{"href":"https:\/\/www.elsinodaldetamaulipas.com.mx\/index.php?rest_route=%2Fwp%2Fv2%2Fmedia&parent=217640"}],"wp:term":[{"taxonomy":"category","embeddable":true,"href":"https:\/\/www.elsinodaldetamaulipas.com.mx\/index.php?rest_route=%2Fwp%2Fv2%2Fcategories&post=217640"},{"taxonomy":"post_tag","embeddable":true,"href":"https:\/\/www.elsinodaldetamaulipas.com.mx\/index.php?rest_route=%2Fwp%2Fv2%2Ftags&post=217640"}],"curies":[{"name":"wp","href":"https:\/\/api.w.org\/{rel}","templated":true}]}}