{"id":217644,"date":"2026-01-19T19:01:55","date_gmt":"2026-01-19T23:01:55","guid":{"rendered":"https:\/\/www.elsinodaldetamaulipas.com.mx\/?p=217644"},"modified":"2026-01-19T19:01:55","modified_gmt":"2026-01-19T23:01:55","slug":"justicia-al-pueblo","status":"publish","type":"post","link":"https:\/\/www.elsinodaldetamaulipas.com.mx\/?p=217644","title":{"rendered":"JUSTICIA AL PUEBLO"},"content":{"rendered":"<div class=\"post-content\">\n<p>LOS HECHOS<br \/>\nPOR Jos\u00e9 In\u00e9s Figueroa Vitela<\/p>\n<p>Al inicio del Segundo Periodo Ordinario de Sesiones del Congreso Local concurrieron, en<br \/>\ncalidad de invitados, la titular del Poder Judicial TANIA CONTRERAS L\u00d3PEZ, Senadora de la<br \/>\nRep\u00fablica OLGA PATRICIA SOSA y el coordinador de los diputados federales tamaulipecos<br \/>\nCARLOS ENRIQUE CANTUROSAS VILLARREAL, entre otros.<br \/>\nPersonajes de actualidad y prospectiva.<br \/>\nEl diputado local neolaredense, CHECO OJEDA, en su calidad de Presidente Electo de la<br \/>\nmesa para el periodo, no perdi\u00f3 la oportunidad de lucirse, con el discurso de apertura dl nuevo<br \/>\nciclo. Legislativo.<br \/>\nAh\u00ed, reafirm\u00f3 el compromiso de. La representaci\u00f3n popular con las causas de todos los<br \/>\ntamaulipecos; comprometi\u00f3 esfuerzos para seguir creciendo en la posici\u00f3n de vanguardia<br \/>\nnacional que ya ocupa la legislatura local y ponder\u00f3 el liderazgo legislativo de HUMBERTO<br \/>\nPRIETO HERRERA, desde la Presidencia de la Junta de Gobierno, en la consumaci\u00f3n de los<br \/>\nlogros obtenidos.<br \/>\nGrandes avances y mayores retos.<br \/>\nEl Instituto Nacional de Estad\u00edstica, Geograf\u00eda e Inform\u00e1tica, INEGI, entre otras entidades<br \/>\np\u00fablicas y privadas especializadas, han certificado el posicionamiento del Congreso<br \/>\ntamaulipeco y su l\u00edder, entre los cinco mejor calificados, m\u00e1s productivos, capacitados y<br \/>\nejecutantes de un marco jur\u00eddico con visi\u00f3n global, de aventajada integraci\u00f3n paritaria en toda<br \/>\nsu estructura y de mayor eficiencia, al contarse entre los que menos presupuesto ejercen y m\u00e1s<br \/>\nlogros concretan.<br \/>\nPor eso no dejan de desentonar las cr\u00edticas vertidas, hace unos d\u00edas, por ejemplo, por el<br \/>\nalcalde de R\u00edo Bravo, MIGUEL \u00c1NGEL ALMARAZ MALDONADO, quien, muy su estilo, uso el<br \/>\nsoliloquio de las redes sociales para acusar al Congreso y al gobierno tamaulipeco, de negarse<br \/>\na \u201cregresar\u201d para su manejo, la Comisi\u00f3n Municipal de Agua Potable y Alcantarillados.<br \/>\n\u201dNo es que se le haya negado -respondi\u00f3 ante los medios PRIETO HERRERA-; el<br \/>\nprocedimiento para determinar la procedencia de la solicitud no ha avanzado porque no se ha<br \/>\ncumplido con la entrega de las actas de Cabildo que autoricen y soliciten el procedimiento\u201d.<br \/>\nEl fin de semana circul\u00f3 en redes sociales un audiovisual que mejor ilustra la improcedencia de<br \/>\nuna medida como la que pretende ALMARAZ MALDONADO.<br \/>\nHabla y documenta el historial criminal del edil, procesado y encarcelado por robo y tr\u00e1fico de<br \/>\ncombustibles propiedad de la naci\u00f3n; de sus implicaciones en otros delitos y relaciones<br \/>\ncriminales; de su desaseada administraci\u00f3n municipal; de su confrontaci\u00f3n con el Estado y la<br \/>\nfederaci\u00f3n; de la agresi\u00f3n y despojo a ciudadanos y de la suma a las presiones contra el<br \/>\n\u00f3rgano administrador del sistema de aguas del municipio, neg\u00e1ndose a pagar consumos<br \/>\nmillonarios.<br \/>\nTodos, que como elementos por separado son suficientes para impedir que se se deje en sus<br \/>\nmanos el manejo de la COMAPA, a la que va, obviamente, no con la intenci\u00f3n de mejorar el<br \/>\nservicio, sino m\u00e1s vez con la idea de cu\u00e1nto dinero puede disponer de lo que s\u00ed pagan los<br \/>\nusuarios del servicio.<\/p>\n<p>En estricta justicia, ALMARAZ nunca debi\u00f3 ser Presidente Municipal de R\u00edo Bravo; lo fue,<br \/>\ngracias a las complicidades con el PAN y el narco-ex-gobernador huachicolero, FRANCISCO<br \/>\nJAVIER GARC\u00cdA CABEZA DE VACA, que fue quien le dio la candidatura e inhibi\u00f3 las<br \/>\ndenuncias por la coacci\u00f3n al voto, caracter\u00edstico de su campa\u00f1a, con el producto de sus<br \/>\nactividades il\u00edcitas.<br \/>\nHacerle justicia a los riobravenses, ahora significa que se le impida saquear y acabar de<br \/>\nquebrar la Comisi\u00f3n Municipal de Agua Potable y Alcantarillados, como \u00fanico elemento<br \/>\nindispensable para mantener la prestaci\u00f3n del servicio.<br \/>\nCuando ya haya reunido todos los requisitos del procedimiento para trasladar de la<br \/>\nadministraci\u00f3n estatal a la municipal el manejo del sistema de aguas y drenajes, el Poder<br \/>\nLegislativo y el propio gobierno estatal deber\u00e1n tomar en cuenta todos esos antecedentes que<br \/>\nacompa\u00f1an la personalidad y el actuar del solicitante.<br \/>\n\u201dPrimero que pague lo que debe y despu\u00e9s vemos\u201d, le dijeron en Victoria al sujeto de marras.<br \/>\nY la lista se vuelve interminable, repasando sus pendientes.<br \/>\n\u00abNo todo el que dice \u2018Se\u00f1or, Se\u00f1or\u2019, entrar\u00e1 en el Reino de los cielos\u00bb (Mateo 7:21)<\/p>\n<\/div>\n","protected":false},"excerpt":{"rendered":"<p>LOS HECHOS POR Jos\u00e9 In\u00e9s Figueroa Vitela Al inicio del Segundo Periodo Ordinario de Sesiones del Congreso Local concurrieron, en calidad de invitados, la titular del Poder Judicial TANIA CONTRERAS L\u00d3PEZ, Senadora de la Rep\u00fablica OLGA PATRICIA SOSA y el coordinador de los diputados federales tamaulipecos CARLOS ENRIQUE CANTUROSAS VILLARREAL, entre otros. Personajes de actualidad [&hellip;]<\/p>\n","protected":false},"author":1,"featured_media":216965,"comment_status":"closed","ping_status":"closed","sticky":false,"template":"","format":"standard","meta":{"footnotes":""},"categories":[16],"tags":[],"class_list":["post-217644","post","type-post","status-publish","format-standard","has-post-thumbnail","hentry","category-opinion"],"_links":{"self":[{"href":"https:\/\/www.elsinodaldetamaulipas.com.mx\/index.php?rest_route=\/wp\/v2\/posts\/217644","targetHints":{"allow":["GET"]}}],"collection":[{"href":"https:\/\/www.elsinodaldetamaulipas.com.mx\/index.php?rest_route=\/wp\/v2\/posts"}],"about":[{"href":"https:\/\/www.elsinodaldetamaulipas.com.mx\/index.php?rest_route=\/wp\/v2\/types\/post"}],"author":[{"embeddable":true,"href":"https:\/\/www.elsinodaldetamaulipas.com.mx\/index.php?rest_route=\/wp\/v2\/users\/1"}],"replies":[{"embeddable":true,"href":"https:\/\/www.elsinodaldetamaulipas.com.mx\/index.php?rest_route=%2Fwp%2Fv2%2Fcomments&post=217644"}],"version-history":[{"count":1,"href":"https:\/\/www.elsinodaldetamaulipas.com.mx\/index.php?rest_route=\/wp\/v2\/posts\/217644\/revisions"}],"predecessor-version":[{"id":217645,"href":"https:\/\/www.elsinodaldetamaulipas.com.mx\/index.php?rest_route=\/wp\/v2\/posts\/217644\/revisions\/217645"}],"wp:featuredmedia":[{"embeddable":true,"href":"https:\/\/www.elsinodaldetamaulipas.com.mx\/index.php?rest_route=\/wp\/v2\/media\/216965"}],"wp:attachment":[{"href":"https:\/\/www.elsinodaldetamaulipas.com.mx\/index.php?rest_route=%2Fwp%2Fv2%2Fmedia&parent=217644"}],"wp:term":[{"taxonomy":"category","embeddable":true,"href":"https:\/\/www.elsinodaldetamaulipas.com.mx\/index.php?rest_route=%2Fwp%2Fv2%2Fcategories&post=217644"},{"taxonomy":"post_tag","embeddable":true,"href":"https:\/\/www.elsinodaldetamaulipas.com.mx\/index.php?rest_route=%2Fwp%2Fv2%2Ftags&post=217644"}],"curies":[{"name":"wp","href":"https:\/\/api.w.org\/{rel}","templated":true}]}}