{"id":217646,"date":"2026-01-19T19:07:05","date_gmt":"2026-01-19T23:07:05","guid":{"rendered":"https:\/\/www.elsinodaldetamaulipas.com.mx\/?p=217646"},"modified":"2026-01-19T19:07:05","modified_gmt":"2026-01-19T23:07:05","slug":"politica-y-poder-la-urgencia-de-la-mesa-redonda","status":"publish","type":"post","link":"https:\/\/www.elsinodaldetamaulipas.com.mx\/?p=217646","title":{"rendered":"POL\u00cdTICA Y PODER: LA URGENCIA DE LA MESA REDONDA"},"content":{"rendered":"<div class=\"title-post\">\n<div class=\"post-views content-post post-241686 entry-meta load-static\">ORBE<\/div>\n<\/div>\n<div class=\"post-content\">\n<p>&nbsp;<\/p>\n<p>Ma. Teresa Medina Marroqu\u00edn.-<\/p>\n<p>-A LOS PODEROSOS DE M\u00c9XICO Y LA REGI\u00d3N LOS DOMINA LA<br \/>\nSOBERBIA<\/p>\n<p>-AD\u00c1N AUGUSTO L\u00d3PEZ Y RICARDO MONREAL NI A LA ESQUINA<br \/>\nCON LILLY T\u00c9LLEZ Y ALITO MORENO<\/p>\n<p>-MILES DE EGOS DEL TAMA\u00d1O DE LA MURALLA CHINA<\/p>\n<p>-PREMIAN A DEPORTISTAS DESTACADOS DE VICTORIA<\/p>\n<p>-ENTREGA LA UAT RECONOCIMIENTOS A ESTUDIANTES DEL CEINA<\/p>\n<p>Se sabe que en la pr\u00e1ctica moderna de la llamada mediaci\u00f3n, que forma<br \/>\nparte de las formas o mecanismos alternativos de justicia y de soluci\u00f3n de<br \/>\ncontroversias, suele utilizarse una mesa redonda.<br \/>\nDentro de este recurso, tan importante y civilizado para resolver v\u00eda<br \/>\nextrajudicial una buena parte de problemas que en las formas tradicionales<br \/>\nde hacer justicia ser\u00eda muy tardado, la mesa redonda tiene un motivo<br \/>\nsignificativo y relevante:<br \/>\nQue las partes que participen en estas reuniones, a fin de resolver disputas<br \/>\nsin necesidad de ir a juicios largos, costosos y desgastantes, est\u00e9n en un<br \/>\nambiente donde la ausencia de jerarqu\u00edas aliente la igualdad de condiciones<br \/>\nen la negociaci\u00f3n, sin que en esa b\u00fasqueda conjunta de soluciones haya<br \/>\nuna persona poderosa en la cabecera de la mesa que represente<br \/>\nsuperioridad por encima de quienes se encuentren en la mediaci\u00f3n.<br \/>\nMi reflexi\u00f3n, bas\u00e1ndome en este m\u00e9todo de alternativas de justicia, lo<br \/>\ntraslado a la evidente ausencia de trabajo pol\u00edtico en una gran parte de las<br \/>\nnaciones del mundo, donde M\u00e9xico para nada es una excepci\u00f3n.<br \/>\nFalta intenso trabajo pol\u00edtico en un escenario contaminado por miles de<br \/>\negos del tama\u00f1o de la muralla china, ordenando que se hagan sus<br \/>\nvoluntades o dando a entender que ah\u00ed s\u00f3lo sus chicharrones truenan.<\/p>\n<p>AD\u00c1N AUGUSTO L\u00d3PEZ Y RICARDO MONREAL NI A LA ESQUINA<br \/>\nCON LILLY T\u00c9LLEZ Y ALITO MORENO<\/p>\n<p>Desde Palacio Nacional en la Ciudad de M\u00e9xico, as\u00ed como en las<br \/>\ncoordinaciones que mandan en las c\u00e1maras de Diputados y Senadores,<br \/>\npocas veces o nunca se ven ni en fotos la presencia de la oposici\u00f3n dando<br \/>\nlos buenos d\u00edas.<\/p>\n<p>Ser\u00eda muy raro observar ya no digo negociando sino charlando al senador<br \/>\nAd\u00e1n Augusto L\u00f3pez con Lilly T\u00e9llez, Marko Cort\u00e9s o Ricardo Anaya o de<br \/>\nperdido con el priista \u201cAlito\u201d Alejandro Moreno.<br \/>\nTambi\u00e9n todo un acontecimiento ser\u00eda presenciar en San L\u00e1zaro a un<br \/>\nRicardo Monreal con el panista Germ\u00e1n Mart\u00ednez, con el priista Rub\u00e9n<br \/>\nMoreira o con el ex morenista Gibr\u00e1n Ram\u00edrez.<br \/>\nYa no digo ver a la presidenta Claudia Sheinbaum reunida con los dirigentes<br \/>\nnacionales de la oposici\u00f3n en el Sal\u00f3n Azul de Palacio Nacional; un<br \/>\nencuentro con Jorge Romero Herrera del PAN y Alejandro Moreno<br \/>\nC\u00e1rdenas del PRI que servir\u00eda para bajar un poco la alta tensi\u00f3n de las<br \/>\ndisputas pol\u00edticas en el panorama del pa\u00eds.<\/p>\n<p>LA DICTADURA CUBANA \u201cQUIERE\u201d DIALOGAR CON EU; PETRO<br \/>\nPONE EL EJEMPLO<\/p>\n<p>Dentro del plano internacional, de seguro har\u00eda mucho bien que ciertos<br \/>\npresidentes latinoamericanos buscaran una reuni\u00f3n, en mesa redonda, con<br \/>\nel presidente Donald Trump.<br \/>\nEncuentros de alto nivel, como el ya previsto entre Trump y Gustavo Petro<br \/>\nde Colombia que al final este \u00faltimo entendi\u00f3 eso de que m\u00e1s vale un mal<br \/>\narreglo que un buen pleito.<br \/>\nInclusive ya se habla de que hasta Miguel D\u00edaz-Canel anda interesado (\u00a1ya<br \/>\nsi no!) en sostener un di\u00e1logo con Estados Unidos, y todo a pesar de que en<br \/>\nsu soberbia todav\u00eda no da su brazo a torcer (como deber\u00eda) cuando el<br \/>\npueblo cubano est\u00e1 al borde de un estallido social por la falta de alimentos y<br \/>\nmedicinas, m\u00e1s una pobreza extrema y grav\u00edsimas restricciones pol\u00edticas.<br \/>\nDesgraciadamente hay individuos que prefieren morirse en la raya antes de<br \/>\nllegar a ciertos arreglos y soluciones por lo menos parciales, pero que al<br \/>\nmenos echen a andar a sus respectivas sociedades.<br \/>\nLa ausencia de buena pol\u00edtica y diplomacia tiene a M\u00e9xico y al mundo al<br \/>\nbordo de tragedias que muchas y muchos no quisi\u00e9ramos nunca lamentar.<br \/>\n\u00bfEs mucho pedir una mesa redonda o un par de sillones donde en la Casa<br \/>\nBlanca se acostumbran las presentaciones con visitas ilustres, a fin de<br \/>\nevitar conflictos y guerras, as\u00ed como grandes aflicciones para los pueblos?<\/p>\n<p>ENTREGA LA UAT RECONOCIMIENTOS A ESTUDIANTES DEL CEINA<\/p>\n<p>Buena noticia que el rector de la Universidad Aut\u00f3noma de Tamaulipas,<br \/>\nD\u00e1maso Anaya Alvarado, haya entregado Reconocimientos a Estudiantes<br \/>\nde Primer Lugar, Excelencia, Egresados y Fidelidad, correspondiente al<br \/>\nperiodo Oto\u00f1o 2025-3, del Centro de Idiomas para la Ni\u00f1ez y la<br \/>\nAdolescencia (CEINA).<br \/>\nPREMIAN A DEPORTISTAS DESTACADOS DE VICTORIA<\/p>\n<p>El gobierno de Victoria, que preside el alcalde, Lalo Gatt\u00e1s, galardon\u00f3 a<br \/>\nocho atletas en la ceremonia del Premio Municipal del Deporte y reconoci\u00f3<br \/>\ncomo Deportista del A\u00f1o 2025 a Gabriel \u00abLa Flecha\u00bb Avil\u00e9s por la conquista<br \/>\nde seis medallas de oro en campeonatos nacionales e internacionales de<br \/>\npara-atletismo.<br \/>\nHugo Res\u00e9ndez Silva, secretario del Ayuntamiento, en representaci\u00f3n del<br \/>\nalcalde de la Capital, felicit\u00f3 a los ganadores y reiter\u00f3 el compromiso de<br \/>\nseguir invirtiendo en la dignificaci\u00f3n de espacios deportivos para promover<br \/>\nla salud, activaci\u00f3n f\u00edsica y la formaci\u00f3n de m\u00e1s y mejores talentos que<br \/>\nsigan poniendo en alto a Victoria y Tamaulipas.<\/p>\n<p>\u00a1Dese\u00e1ndoles un d\u00eda maravilloso!<br \/>\ntessieprimera@hotmail.com, @columnaorbe, columnaorbe.wordpress.com<\/p>\n<\/div>\n","protected":false},"excerpt":{"rendered":"<p>ORBE &nbsp; Ma. Teresa Medina Marroqu\u00edn.- -A LOS PODEROSOS DE M\u00c9XICO Y LA REGI\u00d3N LOS DOMINA LA SOBERBIA -AD\u00c1N AUGUSTO L\u00d3PEZ Y RICARDO MONREAL NI A LA ESQUINA CON LILLY T\u00c9LLEZ Y ALITO MORENO -MILES DE EGOS DEL TAMA\u00d1O DE LA MURALLA CHINA -PREMIAN A DEPORTISTAS DESTACADOS DE VICTORIA -ENTREGA LA UAT RECONOCIMIENTOS A ESTUDIANTES [&hellip;]<\/p>\n","protected":false},"author":1,"featured_media":215030,"comment_status":"closed","ping_status":"closed","sticky":false,"template":"","format":"standard","meta":{"footnotes":""},"categories":[16],"tags":[],"class_list":["post-217646","post","type-post","status-publish","format-standard","has-post-thumbnail","hentry","category-opinion"],"_links":{"self":[{"href":"https:\/\/www.elsinodaldetamaulipas.com.mx\/index.php?rest_route=\/wp\/v2\/posts\/217646","targetHints":{"allow":["GET"]}}],"collection":[{"href":"https:\/\/www.elsinodaldetamaulipas.com.mx\/index.php?rest_route=\/wp\/v2\/posts"}],"about":[{"href":"https:\/\/www.elsinodaldetamaulipas.com.mx\/index.php?rest_route=\/wp\/v2\/types\/post"}],"author":[{"embeddable":true,"href":"https:\/\/www.elsinodaldetamaulipas.com.mx\/index.php?rest_route=\/wp\/v2\/users\/1"}],"replies":[{"embeddable":true,"href":"https:\/\/www.elsinodaldetamaulipas.com.mx\/index.php?rest_route=%2Fwp%2Fv2%2Fcomments&post=217646"}],"version-history":[{"count":1,"href":"https:\/\/www.elsinodaldetamaulipas.com.mx\/index.php?rest_route=\/wp\/v2\/posts\/217646\/revisions"}],"predecessor-version":[{"id":217647,"href":"https:\/\/www.elsinodaldetamaulipas.com.mx\/index.php?rest_route=\/wp\/v2\/posts\/217646\/revisions\/217647"}],"wp:featuredmedia":[{"embeddable":true,"href":"https:\/\/www.elsinodaldetamaulipas.com.mx\/index.php?rest_route=\/wp\/v2\/media\/215030"}],"wp:attachment":[{"href":"https:\/\/www.elsinodaldetamaulipas.com.mx\/index.php?rest_route=%2Fwp%2Fv2%2Fmedia&parent=217646"}],"wp:term":[{"taxonomy":"category","embeddable":true,"href":"https:\/\/www.elsinodaldetamaulipas.com.mx\/index.php?rest_route=%2Fwp%2Fv2%2Fcategories&post=217646"},{"taxonomy":"post_tag","embeddable":true,"href":"https:\/\/www.elsinodaldetamaulipas.com.mx\/index.php?rest_route=%2Fwp%2Fv2%2Ftags&post=217646"}],"curies":[{"name":"wp","href":"https:\/\/api.w.org\/{rel}","templated":true}]}}