{"id":217652,"date":"2026-01-19T19:41:27","date_gmt":"2026-01-19T23:41:27","guid":{"rendered":"https:\/\/www.elsinodaldetamaulipas.com.mx\/?p=217652"},"modified":"2026-01-19T19:41:27","modified_gmt":"2026-01-19T23:41:27","slug":"de-bandidos-a-politicos-la-historia-se-repite","status":"publish","type":"post","link":"https:\/\/www.elsinodaldetamaulipas.com.mx\/?p=217652","title":{"rendered":"DE BANDIDOS A POL\u00cdTICOS: LA HISTORIA SE REPITE"},"content":{"rendered":"<p>EL OR\u00c1CULO<br \/>\nPor Marcelino GARCIA CONTRERAS<br \/>\n\u201cAunque la mona se vista de seda, mona se queda\u201d, es un dicho popular que bien podr\u00eda aplicarse al alcalde de R\u00edo Bravo Miguel \u00c1ngel Almaraz Maldonado, y es que, aunque est\u00e1 adoptando posturas defensoras del pueblo de Rio Bravo, el pueblo lo conoce y sabe que es un \u201cBandido metido a Pol\u00edtico\u201d, su historia es muy conocida, es de los pioneros del Huachicol en Tamaulipas.<br \/>\nY miren estas \u201cChulas Fronteras\u201d, lo tienen registrado como un \u201cGran Bandido\u201d, pues en el 2007, en una bodega de \u2013 Miguel \u00c1ngel Almaraz- su propiedad, se decomisaron 45 mil litros de gasolina, asegur\u00e1ndole 2 \u2013huachicoleras- pipas con el combustible robado.<br \/>\nPero en ese mismo a\u00f1o 2007, en las elecciones locales del mes de noviembre, quien fuera el candidato del PT a la alcald\u00eda Juan Antonio Guajardo, acuso a Miguel \u00c1ngel Almaraz, en ese entonces militante del PRD y candidato, dando cuenta de la \u2013enorme- lana que le meti\u00f3 a su campa\u00f1a, derivado de las actividades il\u00edcitas.<br \/>\nEl 9 de marzo del a\u00f1o 2009 Miguel \u00c1ngel Almaraz es detenido como \u201ccabecilla\u201d de una banda dedicada a robar combustible a PEMEX, adem\u00e1s se mencion\u00f3 que le fueron detectadas muchas cuantas bancarias y 15 pipas con las que realizaba sus movimientos del robo de combustible.<br \/>\nEntonces el ladr\u00f3n que roba a bandido merece ser ascendido, seg\u00fan la Ley de la pol\u00edtica y la burocracia, entre los movimientos bancarios que se le detectaron a Miguel \u00c1ngel Almaraz, superaron los 46 millones de d\u00f3lares y 750 millones de pesos, lo anterior en el periodo comprendido del 2007 al 2008.<br \/>\nPero en el a\u00f1o 2015 Miguel \u00c1ngel Almaraz es liberado de la prisi\u00f3n de Tepic, Nayarit. Donde estuvo recluido y en proceso por casi 6 a\u00f1os.<br \/>\nNo tardo mucho y regreso a sus andadas de pol\u00edtico, pues en el a\u00f1o 2017 se postula nuevamente para la alcald\u00eda por la v\u00eda Independiente y el PRI lo puso en donde deber\u00eda estar, aplast\u00e1ndolo en las urnas.<br \/>\nEn el a\u00f1o 2023, Almaraz Maldonado repite la historia, pero en esta ocasi\u00f3n se postula por el Partido Acci\u00f3n Nacional, derrotando al candidato de MORENA.<br \/>\nY en el a\u00f1o 2024, el primer d\u00eda del mes de octubre Miguel \u00c1ngel Almaraz asume la alcald\u00eda riobravense, cargo que actualmente desempe\u00f1a hasta ahora.<br \/>\nEn el a\u00f1o 2025, Almaraz Maldonado, comete una serie de actividades provocando o retando al gobierno estatal y hasta el Congreso de Tamaulipas, con acciones locuaces en redes sociales, pero fue ignorado.<br \/>\nAhora en el 2026 Miguel \u00c1ngel Almaraz, a trav\u00e9s de un video pido que el Gobierno Estatal y al Congreso le \u2013escriture- la Comapa Rio Bravo, \u2013 a su \u2013 nombre- municipio. Para controlan este organismo.<br \/>\nPero como en estas \u201cChulas Fronteras\u201d de Reynosa, Rio Bravo, Matamoros, Nuevo Laredo y la Rivere\u00f1a, sobran los nombres y apellidos, de personas que fueron Gerentes de alguna COMAPA, que se enriquecieron al amparo de la complicidad y la protecci\u00f3n de alcaldes panistas en turno.<br \/>\nEl fondo es claro: Rio Bravo es hoy el laboratorio de una fractura pol\u00edtica donde el poder se ejerce saciando su apetito financiero.<br \/>\n\u201cAquellos que no pueden recordar el pasado est\u00e1n condenados a repetirlo\u201d.<br \/>\n\u00bfEntonces en Rio Bravo, la historia volver\u00e1 a repetirse, esto es de bandidos a pol\u00edticos?<br \/>\nOraculeros, nos vemos por Tamaulipas.<\/p>\n","protected":false},"excerpt":{"rendered":"<p>EL OR\u00c1CULO Por Marcelino GARCIA CONTRERAS \u201cAunque la mona se vista de seda, mona se queda\u201d, es un dicho popular que bien podr\u00eda aplicarse al alcalde de R\u00edo Bravo Miguel \u00c1ngel Almaraz Maldonado, y es que, aunque est\u00e1 adoptando posturas defensoras del pueblo de Rio Bravo, el pueblo lo conoce y sabe que es un [&hellip;]<\/p>\n","protected":false},"author":1,"featured_media":217653,"comment_status":"closed","ping_status":"closed","sticky":false,"template":"","format":"standard","meta":{"footnotes":""},"categories":[16],"tags":[],"class_list":["post-217652","post","type-post","status-publish","format-standard","has-post-thumbnail","hentry","category-opinion"],"_links":{"self":[{"href":"https:\/\/www.elsinodaldetamaulipas.com.mx\/index.php?rest_route=\/wp\/v2\/posts\/217652","targetHints":{"allow":["GET"]}}],"collection":[{"href":"https:\/\/www.elsinodaldetamaulipas.com.mx\/index.php?rest_route=\/wp\/v2\/posts"}],"about":[{"href":"https:\/\/www.elsinodaldetamaulipas.com.mx\/index.php?rest_route=\/wp\/v2\/types\/post"}],"author":[{"embeddable":true,"href":"https:\/\/www.elsinodaldetamaulipas.com.mx\/index.php?rest_route=\/wp\/v2\/users\/1"}],"replies":[{"embeddable":true,"href":"https:\/\/www.elsinodaldetamaulipas.com.mx\/index.php?rest_route=%2Fwp%2Fv2%2Fcomments&post=217652"}],"version-history":[{"count":1,"href":"https:\/\/www.elsinodaldetamaulipas.com.mx\/index.php?rest_route=\/wp\/v2\/posts\/217652\/revisions"}],"predecessor-version":[{"id":217654,"href":"https:\/\/www.elsinodaldetamaulipas.com.mx\/index.php?rest_route=\/wp\/v2\/posts\/217652\/revisions\/217654"}],"wp:featuredmedia":[{"embeddable":true,"href":"https:\/\/www.elsinodaldetamaulipas.com.mx\/index.php?rest_route=\/wp\/v2\/media\/217653"}],"wp:attachment":[{"href":"https:\/\/www.elsinodaldetamaulipas.com.mx\/index.php?rest_route=%2Fwp%2Fv2%2Fmedia&parent=217652"}],"wp:term":[{"taxonomy":"category","embeddable":true,"href":"https:\/\/www.elsinodaldetamaulipas.com.mx\/index.php?rest_route=%2Fwp%2Fv2%2Fcategories&post=217652"},{"taxonomy":"post_tag","embeddable":true,"href":"https:\/\/www.elsinodaldetamaulipas.com.mx\/index.php?rest_route=%2Fwp%2Fv2%2Ftags&post=217652"}],"curies":[{"name":"wp","href":"https:\/\/api.w.org\/{rel}","templated":true}]}}