{"id":217655,"date":"2026-01-19T20:24:53","date_gmt":"2026-01-20T00:24:53","guid":{"rendered":"https:\/\/www.elsinodaldetamaulipas.com.mx\/?p=217655"},"modified":"2026-01-19T20:24:53","modified_gmt":"2026-01-20T00:24:53","slug":"sheinbaum-reiterara-apoyo-a-americo-villarreal","status":"publish","type":"post","link":"https:\/\/www.elsinodaldetamaulipas.com.mx\/?p=217655","title":{"rendered":"SHEINBAUM REITERAR\u00c1 APOYO A AM\u00c9RICO VILLARREAL"},"content":{"rendered":"<div class=\"post-content\">\n<p>A MI MANERA<\/p>\n<p>Por Tello Montes<\/p>\n<p>&nbsp;<\/p>\n<ul class=\"wp-block-list\">\n<li>UAT y Gobierno de Nuevo Laredo fortalecen infraestructura en nueva Preparatoria<\/li>\n<li>Pesado pondr\u00e1 a cantar a Matamoros en su Bicentenario.<\/li>\n<\/ul>\n<p>La visita de este s\u00e1bado de la presidenta Claudia Sheinbaum a Tamaulipas no es un acto protocolario ni una gira m\u00e1s en la agenda federal. Es, en los hechos, una se\u00f1al pol\u00edtica clara: el proyecto de transformaci\u00f3n del estado tiene respaldo directo de la Presidencia de la Rep\u00fablica y continuidad en todos sus frentes.<\/p>\n<p>Que Ciudad Victoria sea el punto de encuentro para la supervisi\u00f3n de obras p\u00fablicas confirma dos cosas. Primero, que Tamaulipas est\u00e1 en el radar prioritario del Gobierno de M\u00e9xico. Segundo, que existe confianza en el rumbo que ha marcado el gobernador Am\u00e9rico Villarreal Anaya, cuyo trabajo se somete \u2014y supera\u2014 la revisi\u00f3n directa del m\u00e1s alto nivel.<\/p>\n<p>No es menor que esta visita se d\u00e9 durante la gesti\u00f3n presidencial de Sheinbaum. Con ella, la mandataria no solo ratifica su apoyo al doctor Am\u00e9rico Villarreal, sino que refrenda su compromiso con la transformaci\u00f3n de Tamaulipas en todos los renglones: infraestructura, desarrollo regional,<\/p>\n<p>bienestar social y planeaci\u00f3n de largo plazo. La revisi\u00f3n t\u00e9cnica de obras habla de un gobierno federal que no gobierna desde el escritorio, sino desde el territorio.<\/p>\n<p>La coordinaci\u00f3n entre Federaci\u00f3n y Estado vuelve a mostrarse como el eje que sostiene el avance. Lejos de improvisaciones, lo que se observa es seguimiento, evaluaci\u00f3n y correcci\u00f3n de rumbo cuando es necesario. Ese es el sello de una nueva forma de gobernar: cercana, t\u00e9cnica y responsable.<\/p>\n<p>Tamaulipas, una vez m\u00e1s, no est\u00e1 solo. Y la presencia de la presidenta en la capital del estado lo deja claro: la transformaci\u00f3n contin\u00faa, con respaldo presidencial y con un gobierno estatal alineado a un proyecto nacional que avanza con paso firme.<\/p>\n<p>A este respaldo presidencial se suma otra se\u00f1al que no pasa desapercibida. El propio Am\u00e9rico Villarreal Anaya dej\u00f3 en claro que no asistir\u00e1 a la Feria Interna que no asistir\u00e1 a la Feria Internacional de Turismo (Feria Internacional de Turismo) que se celebrar\u00e1 del 21 al 25 de enero en Madrid, optando por mantenerse en territorio tamaulipeco en una semana clave para la agenda estatal y nacional. No es ausencia, es prioridad pol\u00edtica.<\/p>\n<p>Lejos de desatender la vitrina internacional, el gobernador delega con estrategia: ser\u00e1 el secretario de Turismo, Benjam\u00edn Hern\u00e1ndez Rodr\u00edguez, quien represente a Tamaulipas en un evento donde, adem\u00e1s, el estado recibir\u00e1 un reconocimiento internacional por el Festival de Jazz de Tampico, considerado uno de los mejores eventos tur\u00edsticos y culturales realizados en 2025. Un premio que habla por s\u00ed solo del trabajo realizado.<\/p>\n<p>La decisi\u00f3n de Am\u00e9rico Villarreal es clara: mientras Tamaulipas es reconocido en el extranjero, el gobernador elige estar presente donde hoy se toman decisiones de fondo. En tiempos donde M\u00e9xico es pa\u00eds invitado en Fitur y el estado recibe aplausos internacionales, el mensaje es contundente: la promoci\u00f3n contin\u00faa, pero la conducci\u00f3n pol\u00edtica no se descuida. Aqu\u00ed se gobierna con los pies en la tierra y la mirada puesta en el largo plazo.<\/p>\n<p>PASANDO A OTRO TEMA\u2026. La Universidad Aut\u00f3noma de Tamaulipas y el Gobierno Municipal de Nuevo Laredo inauguraron nuevas obras de infraestructura en la Preparatoria UAT Campus Nuevo Laredo, en el marco del inicio del ciclo escolar universitario 2026-1.<\/p>\n<p>El rector D\u00e1maso Anaya Alvarado y la alcaldesa Carmen Lilia Canturosas Villarreal entregaron la techumbre monumental y el estacionamiento del plantel, obras destinadas a mejorar las condiciones de seguridad, movilidad y convivencia de la comunidad estudiantil.<\/p>\n<p>Durante el acto, ambas autoridades coincidieron en que la educaci\u00f3n es un eje estrat\u00e9gico para el desarrollo social, destacando la coordinaci\u00f3n institucional como factor clave para fortalecer la infraestructura educativa en esta regi\u00f3n fronteriza. Se subray\u00f3 adem\u00e1s el crecimiento sostenido de la preparatoria y su consolidaci\u00f3n como referente de la educaci\u00f3n media superior en Nuevo Laredo.<\/p>\n<p>La ceremonia cont\u00f3 con la participaci\u00f3n de autoridades universitarias, directivos del plantel y representantes del estudiantado, quienes reconocieron el impacto positivo de estas obras en la vida acad\u00e9mica y escolar.<\/p>\n<p>PESADO PONDR\u00c1 A CANTAR A MATAMOROS EN SU BICENTENARIO<\/p>\n<p>Matamoros se alista para una noche hist\u00f3rica. El grupo norte\u00f1o m\u00e1s s\u00f3lido y vigente del momento, Grupo Pesado, llegar\u00e1 a la ciudad como parte de los festejos del Bicentenario de Matamoros, en un concierto que promete fiesta, identidad y m\u00fasica a todo pulm\u00f3n.<\/p>\n<p>El anuncio fue realizado por el alcalde Beto Granados, quien confirm\u00f3 que la agrupaci\u00f3n se presentar\u00e1 el pr\u00f3ximo 28 de enero de 2026, en la Plaza Principal de Matamoros, en pleno coraz\u00f3n del centro hist\u00f3rico. Lo mejor: ser\u00e1 un concierto gratuito, pensado como un regalo para las familias matamorenses.<\/p>\n<p>La presentaci\u00f3n forma parte de la agenda oficial del Bicentenario y se integra a la gira \u201cPor Siempre Tour 2026\u201d, con la que Grupo Pesado recorre los escenarios m\u00e1s importantes del pa\u00eds. Canciones que ya son himnos, letras que conectan generaciones y un ambiente que garantiza una noche inolvidable.<\/p>\n<p>De manera tentativa, se prev\u00e9 tambi\u00e9n la presencia del gobernador del estado, Am\u00e9rico Villarreal Anaya, lo que dar\u00eda un mayor realce institucional a una celebraci\u00f3n que ya de por s\u00ed concentra la atenci\u00f3n regional. Su asistencia reforzar\u00eda el car\u00e1cter hist\u00f3rico del Bicentenario y el acompa\u00f1amiento del Gobierno del Estado a una fecha emblem\u00e1tica para Matamoros.<\/p>\n<p>M\u00e1s que un concierto, se trata de un gran espacio de convivencia y celebraci\u00f3n colectiva, donde la m\u00fasica norte\u00f1a se convierte en punto de encuentro. Matamoros cumple 200 a\u00f1os y lo har\u00e1 cantando fuerte, con una de las bandas m\u00e1s queridas del pa\u00eds. La cita est\u00e1 hecha: 28 de enero, Plaza Principal, fiesta, identidad y orgullo matamorense.<\/p>\n<\/div>\n","protected":false},"excerpt":{"rendered":"<p>A MI MANERA Por Tello Montes &nbsp; UAT y Gobierno de Nuevo Laredo fortalecen infraestructura en nueva Preparatoria Pesado pondr\u00e1 a cantar a Matamoros en su Bicentenario. La visita de este s\u00e1bado de la presidenta Claudia Sheinbaum a Tamaulipas no es un acto protocolario ni una gira m\u00e1s en la agenda federal. Es, en los [&hellip;]<\/p>\n","protected":false},"author":1,"featured_media":217663,"comment_status":"closed","ping_status":"closed","sticky":false,"template":"","format":"standard","meta":{"footnotes":""},"categories":[16],"tags":[],"class_list":["post-217655","post","type-post","status-publish","format-standard","has-post-thumbnail","hentry","category-opinion"],"_links":{"self":[{"href":"https:\/\/www.elsinodaldetamaulipas.com.mx\/index.php?rest_route=\/wp\/v2\/posts\/217655","targetHints":{"allow":["GET"]}}],"collection":[{"href":"https:\/\/www.elsinodaldetamaulipas.com.mx\/index.php?rest_route=\/wp\/v2\/posts"}],"about":[{"href":"https:\/\/www.elsinodaldetamaulipas.com.mx\/index.php?rest_route=\/wp\/v2\/types\/post"}],"author":[{"embeddable":true,"href":"https:\/\/www.elsinodaldetamaulipas.com.mx\/index.php?rest_route=\/wp\/v2\/users\/1"}],"replies":[{"embeddable":true,"href":"https:\/\/www.elsinodaldetamaulipas.com.mx\/index.php?rest_route=%2Fwp%2Fv2%2Fcomments&post=217655"}],"version-history":[{"count":1,"href":"https:\/\/www.elsinodaldetamaulipas.com.mx\/index.php?rest_route=\/wp\/v2\/posts\/217655\/revisions"}],"predecessor-version":[{"id":217665,"href":"https:\/\/www.elsinodaldetamaulipas.com.mx\/index.php?rest_route=\/wp\/v2\/posts\/217655\/revisions\/217665"}],"wp:featuredmedia":[{"embeddable":true,"href":"https:\/\/www.elsinodaldetamaulipas.com.mx\/index.php?rest_route=\/wp\/v2\/media\/217663"}],"wp:attachment":[{"href":"https:\/\/www.elsinodaldetamaulipas.com.mx\/index.php?rest_route=%2Fwp%2Fv2%2Fmedia&parent=217655"}],"wp:term":[{"taxonomy":"category","embeddable":true,"href":"https:\/\/www.elsinodaldetamaulipas.com.mx\/index.php?rest_route=%2Fwp%2Fv2%2Fcategories&post=217655"},{"taxonomy":"post_tag","embeddable":true,"href":"https:\/\/www.elsinodaldetamaulipas.com.mx\/index.php?rest_route=%2Fwp%2Fv2%2Ftags&post=217655"}],"curies":[{"name":"wp","href":"https:\/\/api.w.org\/{rel}","templated":true}]}}