{"id":217660,"date":"2026-01-19T21:05:15","date_gmt":"2026-01-20T01:05:15","guid":{"rendered":"https:\/\/www.elsinodaldetamaulipas.com.mx\/?p=217660"},"modified":"2026-01-19T21:05:15","modified_gmt":"2026-01-20T01:05:15","slug":"jovenes-uatenos-regresaron-a-las-aulas","status":"publish","type":"post","link":"https:\/\/www.elsinodaldetamaulipas.com.mx\/?p=217660","title":{"rendered":"J\u00d3VENES UATE\u00d1OS REGRESARON A LAS AULAS"},"content":{"rendered":"<div class=\"post-content\">\n<p>El regreso a clases presenciales en la Universidad Aut\u00f3noma de Tamaulipas (UAT) marca un hito transformador en el panorama educativo mexicano.<\/p>\n<p>En enero de 2026, con el nuevo ciclo escolar en marcha, la UAT reabre sus puertas en campus como Ciudad Victoria, Tampico y Nuevo Laredo, priorizando la hibridez digital-presencial para garantizar seguridad y accesibilidad.<\/p>\n<p>Este retorno no solo revitaliza el aprendizaje interactivo, sino que resalta el rol protag\u00f3nico de las mujeres, quienes han incrementado su participaci\u00f3n en un 25% en los \u00faltimos cinco a\u00f1os, seg\u00fan datos institucionales.<\/p>\n<p>La participaci\u00f3n femenina en la UAT ha evolucionado de manera notable.<\/p>\n<p>Hist\u00f3ricamente subrepresentadas en \u00e1reas STEM (ciencia, tecnolog\u00eda, ingenier\u00eda y matem\u00e1ticas), las mujeres ahora conforman el 55% de la matr\u00edcula total, impulsadas por programas como becas \u201cMujeres por la Ciencia\u201d y mentor\u00edas de liderazgo.<\/p>\n<p>En facultades como Ingenier\u00eda y Ciencias Biol\u00f3gicas, su presencia ha pasado del 30% al 48%, fomentando innovaci\u00f3n y diversidad.<\/p>\n<p>Este avance se evidencia en iniciativas como el Congreso Universitario de la Mujer, donde estudiantes y acad\u00e9micas debaten temas de equidad de g\u00e9nero, salud mental y emprendimiento.<\/p>\n<p>El regreso a clases amplifica este empoderamiento.<\/p>\n<p>Las mujeres lideran comit\u00e9s estudiantiles para la readaptaci\u00f3n pospandemia, organizando talleres de resiliencia emocional y protocolos sanitarios.<\/p>\n<p>Profesoras como la Dra. Mar\u00eda Elena L\u00f3pez, rectora em\u00e9rita, inspiran con su trayectoria, mientras que alumnas como Ana Garc\u00eda, ganadora del premio nacional de investigaci\u00f3n en 2025, representan el futuro.<\/p>\n<p>Sin embargo, persisten retos: la brecha digital en zonas rurales y la doble jornada (estudios-familia) demandan pol\u00edticas m\u00e1s inclusivas.<\/p>\n<p>En conclusi\u00f3n, el regreso a clases en la UAT es una oportunidad para consolidar la participaci\u00f3n femenina como motor de cambio.<\/p>\n<p>Al invertir en ellas, la universidad forja una sociedad m\u00e1s equitativa y competitiva.<\/p>\n<p>Este fen\u00f3meno refleja el compromiso de la UAT con los Objetivos de Desarrollo Sostenible de la ONU, particularmente el 5 (Igualdad de G\u00e9nero), posicion\u00e1ndola como referente nacional.<\/p>\n<\/div>\n","protected":false},"excerpt":{"rendered":"<p>El regreso a clases presenciales en la Universidad Aut\u00f3noma de Tamaulipas (UAT) marca un hito transformador en el panorama educativo mexicano. En enero de 2026, con el nuevo ciclo escolar en marcha, la UAT reabre sus puertas en campus como Ciudad Victoria, Tampico y Nuevo Laredo, priorizando la hibridez digital-presencial para garantizar seguridad y accesibilidad. [&hellip;]<\/p>\n","protected":false},"author":1,"featured_media":216300,"comment_status":"closed","ping_status":"closed","sticky":false,"template":"","format":"standard","meta":{"footnotes":""},"categories":[16],"tags":[],"class_list":["post-217660","post","type-post","status-publish","format-standard","has-post-thumbnail","hentry","category-opinion"],"_links":{"self":[{"href":"https:\/\/www.elsinodaldetamaulipas.com.mx\/index.php?rest_route=\/wp\/v2\/posts\/217660","targetHints":{"allow":["GET"]}}],"collection":[{"href":"https:\/\/www.elsinodaldetamaulipas.com.mx\/index.php?rest_route=\/wp\/v2\/posts"}],"about":[{"href":"https:\/\/www.elsinodaldetamaulipas.com.mx\/index.php?rest_route=\/wp\/v2\/types\/post"}],"author":[{"embeddable":true,"href":"https:\/\/www.elsinodaldetamaulipas.com.mx\/index.php?rest_route=\/wp\/v2\/users\/1"}],"replies":[{"embeddable":true,"href":"https:\/\/www.elsinodaldetamaulipas.com.mx\/index.php?rest_route=%2Fwp%2Fv2%2Fcomments&post=217660"}],"version-history":[{"count":1,"href":"https:\/\/www.elsinodaldetamaulipas.com.mx\/index.php?rest_route=\/wp\/v2\/posts\/217660\/revisions"}],"predecessor-version":[{"id":217672,"href":"https:\/\/www.elsinodaldetamaulipas.com.mx\/index.php?rest_route=\/wp\/v2\/posts\/217660\/revisions\/217672"}],"wp:featuredmedia":[{"embeddable":true,"href":"https:\/\/www.elsinodaldetamaulipas.com.mx\/index.php?rest_route=\/wp\/v2\/media\/216300"}],"wp:attachment":[{"href":"https:\/\/www.elsinodaldetamaulipas.com.mx\/index.php?rest_route=%2Fwp%2Fv2%2Fmedia&parent=217660"}],"wp:term":[{"taxonomy":"category","embeddable":true,"href":"https:\/\/www.elsinodaldetamaulipas.com.mx\/index.php?rest_route=%2Fwp%2Fv2%2Fcategories&post=217660"},{"taxonomy":"post_tag","embeddable":true,"href":"https:\/\/www.elsinodaldetamaulipas.com.mx\/index.php?rest_route=%2Fwp%2Fv2%2Ftags&post=217660"}],"curies":[{"name":"wp","href":"https:\/\/api.w.org\/{rel}","templated":true}]}}