{"id":217661,"date":"2026-01-19T21:02:20","date_gmt":"2026-01-20T01:02:20","guid":{"rendered":"https:\/\/www.elsinodaldetamaulipas.com.mx\/?p=217661"},"modified":"2026-01-19T21:02:20","modified_gmt":"2026-01-20T01:02:20","slug":"ahi-viene-claudia","status":"publish","type":"post","link":"https:\/\/www.elsinodaldetamaulipas.com.mx\/?p=217661","title":{"rendered":"AH\u00cd VIENE CLAUDIA"},"content":{"rendered":"<div class=\"post-content\">\n<p>EXPEDIENTE<\/p>\n<p>Azahel Jaramillo H.<\/p>\n<p>&nbsp;<\/p>\n<p><strong>\u00a0 \u00a0 \u00a0 \u00a0 \u00a0 \u00a0 \u00a0 \u00a0Sino hay chiqueo de \u00faltima hora la Presidenta Claudia Sheinbaum Pardo llegar\u00e1 este s\u00e1bado en gira de trabajo a Ciudad Victoria. As\u00ed lo confirm\u00f3 el gobernador Am\u00e9rico Villarreal tras la ceremonia de Honores del lunes.<\/strong><\/p>\n<p><strong>\u00a0 \u00a0 \u00a0 \u00a0 \u00a0 \u00a0 \u00a0 \u00bfA qu\u00e9 viene la Presidenta? Sin duda y para empezar a constatar el avance de la Segunda L\u00ednea del Acueducto Presa Vicente Guerrero-Cd. Victoria.<\/strong><\/p>\n<p><strong>\u00a0 \u00a0 \u00a0 \u00a0 \u00a0 \u00a0 Nacida en la Cd. de M\u00e9xico en el a\u00f1o de 1962, en el mero d\u00eda de San Juan, el 24 de junio, la doctora es C\u00e1ncer. De acuerdo a la Biblia de la astrolog\u00eda, escrita por Marion D. March y Joan McEvers, los nacidos en este signo son maternales, dom\u00e9sticos, intuitivos, sensibles, tenaces, compasivos, emotivos, patriotas, y (uf) de buena memoria. E igualmente son quisquillosos, se sienten heridos con facilidad, autocompasivos, manipulativos, y demasiado cautos. Sali\u00f3 al aire.\u00a0<\/strong><\/p>\n<p><strong>\u00a0 \u00a0 \u00a0 \u00a0 \u00a0 \u00a0 \u00a0 \u00a0El Dr. Am\u00e9rico dijo este lunes que la presidenta\u00a0 Sheinbaum, \u201cseguramente nos vendr\u00e1 a anunciar algunas de las cosas que hemos estado platicando con ella y de las grandes oportunidades de desarrollo e infraestructura para M\u00e9xico y que esto tambi\u00e9n traiga beneficios para las y los tamaulipecos\u201d.<\/strong><\/p>\n<p><strong>\u00a0 \u00a0 \u00a0 \u00a0 \u00a0 \u00a0 \u00a0 \u00a0 \u00a0 \u00a0 TATIANA CLOUTHIER CAUSA CONTROVERSIA EN NUEVO LEON\u00a0\u00a0<\/strong><\/p>\n<p><strong>\u00a0 \u00a0 \u00a0 \u00a0 \u00a0 \u00a0 \u00a0 \u00a0Pues ah\u00ed tienen que, ah que los vecinos, mientras en el vecino San Luis Potos\u00ed el gobernador Ricardo Gallardo Cardona, le baj\u00f3 tres rayitas a su intenci\u00f3n de dejarle a su esposa la gubernatura en el 2027, por lo que vet\u00f3 la \u00abLey Esposa\u00bb, que indicaba que en dicho estado para la gubernatura los partidos pol\u00edticos iban a tener la obligaci\u00f3n de postular solamente a integrantes del llamado \u00absexo d\u00e9bil\u00bb. Su esposa, es ahora, nom\u00e1s y casualmente Senadora de la Rep\u00fablica.\u00a0<\/strong><\/p>\n<p><strong>\u00a0 \u00a0 \u00a0 \u00a0 \u00a0 \u00a0 Igual los vecinos de Nuevo Le\u00f3n traen aquelarre. Y por lo que toca a la pretensa aspirante del partido MORENA a la gubernatura arm\u00f3 su controversia al cobrar 200 pesos por tomarse un caf\u00e9 con ella en un evento proselitista.<\/strong><\/p>\n<p><strong>\u00a0 \u00a0 \u00a0 \u00a0 \u00a0 \u00a0 Aunque no naci\u00f3 en el estado de Nuevo Le\u00f3n, ella reclama ser candidata a Gobernadora de all\u00e1 mismo, en raz\u00f3n de que estudi\u00f3 la licenciatura en Lengua Inglesa en el Instituto Tecnol\u00f3gico de Monterrey. El caso es que naci\u00f3 en Culiac\u00e1n, Sinaloa en agosto de 1964, es decir tiene 61 a\u00f1os.<\/strong><\/p>\n<p><strong>\u00a0 \u00a0 \u00a0 \u00a0 \u00a0 \u00a0 \u00a0 \u00a0 \u00a0Tatiana Clouthier tiene pasado panista. De hecho fue diputada federal del Partido Acci\u00f3n Nacional, desligandose de los azules y declarandode en el a\u00f1o 2004 \u00abdiputada federal independiente\u00bb. NOS VEMOS.\u00a0 \u00a0 \u00a0 \u00a0<\/strong><\/p>\n<\/div>\n","protected":false},"excerpt":{"rendered":"<p>EXPEDIENTE Azahel Jaramillo H. &nbsp; \u00a0 \u00a0 \u00a0 \u00a0 \u00a0 \u00a0 \u00a0 \u00a0Sino hay chiqueo de \u00faltima hora la Presidenta Claudia Sheinbaum Pardo llegar\u00e1 este s\u00e1bado en gira de trabajo a Ciudad Victoria. As\u00ed lo confirm\u00f3 el gobernador Am\u00e9rico Villarreal tras la ceremonia de Honores del lunes. \u00a0 \u00a0 \u00a0 \u00a0 \u00a0 \u00a0 \u00a0 \u00bfA [&hellip;]<\/p>\n","protected":false},"author":1,"featured_media":216297,"comment_status":"closed","ping_status":"closed","sticky":false,"template":"","format":"standard","meta":{"footnotes":""},"categories":[16],"tags":[],"class_list":["post-217661","post","type-post","status-publish","format-standard","has-post-thumbnail","hentry","category-opinion"],"_links":{"self":[{"href":"https:\/\/www.elsinodaldetamaulipas.com.mx\/index.php?rest_route=\/wp\/v2\/posts\/217661","targetHints":{"allow":["GET"]}}],"collection":[{"href":"https:\/\/www.elsinodaldetamaulipas.com.mx\/index.php?rest_route=\/wp\/v2\/posts"}],"about":[{"href":"https:\/\/www.elsinodaldetamaulipas.com.mx\/index.php?rest_route=\/wp\/v2\/types\/post"}],"author":[{"embeddable":true,"href":"https:\/\/www.elsinodaldetamaulipas.com.mx\/index.php?rest_route=\/wp\/v2\/users\/1"}],"replies":[{"embeddable":true,"href":"https:\/\/www.elsinodaldetamaulipas.com.mx\/index.php?rest_route=%2Fwp%2Fv2%2Fcomments&post=217661"}],"version-history":[{"count":1,"href":"https:\/\/www.elsinodaldetamaulipas.com.mx\/index.php?rest_route=\/wp\/v2\/posts\/217661\/revisions"}],"predecessor-version":[{"id":217671,"href":"https:\/\/www.elsinodaldetamaulipas.com.mx\/index.php?rest_route=\/wp\/v2\/posts\/217661\/revisions\/217671"}],"wp:featuredmedia":[{"embeddable":true,"href":"https:\/\/www.elsinodaldetamaulipas.com.mx\/index.php?rest_route=\/wp\/v2\/media\/216297"}],"wp:attachment":[{"href":"https:\/\/www.elsinodaldetamaulipas.com.mx\/index.php?rest_route=%2Fwp%2Fv2%2Fmedia&parent=217661"}],"wp:term":[{"taxonomy":"category","embeddable":true,"href":"https:\/\/www.elsinodaldetamaulipas.com.mx\/index.php?rest_route=%2Fwp%2Fv2%2Fcategories&post=217661"},{"taxonomy":"post_tag","embeddable":true,"href":"https:\/\/www.elsinodaldetamaulipas.com.mx\/index.php?rest_route=%2Fwp%2Fv2%2Ftags&post=217661"}],"curies":[{"name":"wp","href":"https:\/\/api.w.org\/{rel}","templated":true}]}}