{"id":217664,"date":"2026-01-19T20:27:18","date_gmt":"2026-01-20T00:27:18","guid":{"rendered":"https:\/\/www.elsinodaldetamaulipas.com.mx\/?p=217664"},"modified":"2026-01-19T20:27:18","modified_gmt":"2026-01-20T00:27:18","slug":"ya-le-hacia-falta-un-respiro","status":"publish","type":"post","link":"https:\/\/www.elsinodaldetamaulipas.com.mx\/?p=217664","title":{"rendered":"YA LE HACIA FALTA UN RESPIRO"},"content":{"rendered":"<p>*SEGUNDA EDICI\u00d3N HARTO INTERESANTE<br \/>\n*MUY BUENA CONVOCTORIA DE \u201cEL TRUKO\u201d<br \/>\n*No quiere dejar t\u00edtere con cabeza el presidente de los Estados Unidos de Norteam\u00e9rica DONALD TRUMP, que ahora se le esta haciendo de tos a sus aliados europeos por respaldar a Dinamarca y a la soberan\u00eda de Groenlandia, territorio aut\u00f3nomo dan\u00e9s.<br \/>\nTrump, elev\u00f3 la tensi\u00f3n transatl\u00e1ntica al amenazar con imponer aranceles punitivos a los pa\u00edses que integran la Uni\u00f3n Europea, aplicando un arancel adicional de 10 por ciento a partir del 1 de febrero a las importaciones procedentes de Dinamarca, Noruega, Suecia, Francia, Alemania, Reino Unido, Pa\u00edses Bajos y Finlandia.<br \/>\nY hay m\u00e1s, lo incrementar\u00eda, seg\u00fan su mensaje amenazante, a 25 por ciento desde el primero de junio si no se acepta un acuerdo para que Washington compre Groenlandia.<br \/>\nBruselas respondi\u00f3 que la medida abrir\u00eda una peligrosa espiral de represalias y convoc\u00f3 contactos de emergencia para articular una postura com\u00fan, mientras l\u00edderes europeos denunciaron la presi\u00f3n como inaceptable y reiteraron que el estatus del territorio no est\u00e1 en negociaci\u00f3n.<br \/>\nEl querer USA comprar esta isla no es algo nuevo, en l946 ofrecieron 100 millones de d\u00f3lares por ella, pero Dinamarca se neg\u00f3.<br \/>\nEste tema tiene muy ocupado al presidente gringo que seguramente va dejar por la paz un buen rato a M\u00e9xico, en donde de plano ya no le deja opci\u00f3n alguna a la presidenta CLAUDIA SHEINBAUM PARDO, ante las constantes amagues, ya sea por una cosa u otra.<br \/>\nSinceramente, Trump ha sido una piedra en el zapato para la presidenta Sheinbaum.<br \/>\n*PARA millones de mexicanos el tema de la seguridad es un c\u00e1ncer que no se puede extirpar, y que no hay cura para ello.<br \/>\nPor eso fue interesante la segunda edici\u00f3n de \u201cDi\u00e1logos con Am\u00e9rico\u201d, en donde el gobernador AM\u00c9RICO VILLARREAL ANAYA, se enfoc\u00f3 en ese duro problema y reiter\u00f3 que \u00abla paz no solo es la meta, sino que la paz es el camino, as\u00ed que tenemos que vivir en paz y buscar constantemente la meta de estar y mantener esa condici\u00f3n de nuestra sociedad\u00bb.<br \/>\nEn esta edici\u00f3n dominical trav\u00e9s del Sistema Estatal de Radio y Televisi\u00f3n, afirm\u00f3 que hoy existen mejores condiciones, resultados tangibles y datos objetivos que colocan a Tamaulipas entre los estados con mejores indicadores y percepci\u00f3n social en materia de paz y tranquilidad.<br \/>\nTrayendo a la memoria de que luego de estar ubicado entre los cinco estados con mayor violencia del pa\u00eds, hoy, como resultado de una estrategia basada en la coordinaci\u00f3n de esfuerzos, en Tamaulipas existe un entorno social favorable, m\u00e1s desarrollo y bienestar social, adem\u00e1s de mayor confianza de los inversionistas que alientan m\u00e1s empleos y crecimiento econ\u00f3mico.<br \/>\nAgreg\u00f3 que Tamaulipas atiende los ejes de la estrategia que impulsa la presidenta CLAUDIA SHEINBAUM, en atenci\u00f3n a las causas que originan la violencia, el fortalecimiento de los cuerpos de seguridad, el mejoramiento de las tareas de investigaci\u00f3n e inteligencia, as\u00ed como una mayor coordinaci\u00f3n con las fuerzas armadas y el gabinete de seguridad.<br \/>\nMencion\u00f3 que, como ejemplo de los resultados en materia de seguridad durante 2025, Tamaulipas recibi\u00f3 m\u00e1s de 16.5 millones de visitantes; adem\u00e1s, 150 mil connacionales que regresaron a nuestro pa\u00eds cruzaron por las carreteras del estado, destacando, asimismo, que la cifra de homicidios dolosos se redujo de 130 registrados cada mes al inicio de esta administraci\u00f3n a 17, el promedio mensual actual.<br \/>\nRespecto a los cuerpos de seguridad del Estado mencion\u00f3 que se ha puesto especial atenci\u00f3n a su capacidad operativa y de respuesta, m\u00e1s capacitaci\u00f3n, formaci\u00f3n profesional, equipamiento, ex\u00e1menes de control y confianza, rotaci\u00f3n de personal, el otorgamiento de m\u00e1s est\u00edmulos, pero tambi\u00e9n se aplican sanciones a quienes incumplen o se apartan de los lineamientos que rigen a su corporaci\u00f3n.<br \/>\nY dio a conocer que para continuar con este mejoramiento y reforzar la presencia y patrullaje en las carreteras del estado, este a\u00f1o se entregar\u00e1n, principalmente en la zona fronteriza, 15 nuevas Estaciones Seguras, ubicadas cada 25 kil\u00f3metros de distancia.<br \/>\nEste lunes despu\u00e9s de encabeza los honores de la bandera el doctor gobernador anunci\u00f3 la visita el pr\u00f3ximo s\u00e1bado a Suelo Victorense de la presidenta Sheinbaum.<br \/>\n*COMENTARIOS altamente positivos levant\u00f3 la puesta en marcha de 10 nuevas unidades de transporte p\u00fablico modernas y climatizadas en Suelo Neolaredense; gener\u00f3 una reacci\u00f3n inmediata entre usuarios y habitantes de distintos sectores de la ciudad, quienes identifican esta acci\u00f3n como una se\u00f1al clara de voluntad pol\u00edtica para atender una de las demandas hist\u00f3ricas en materia de movilidad urbana.<br \/>\nLa medida, encabezada por la presidenta municipal CARMEN LILIA CANTUROSAS VILLARREAL, en colaboraci\u00f3n con los concesionarios de Transporte P\u00fablico con quienes se firm\u00f3 un Convenio para la Modernizaci\u00f3n, Coordinaci\u00f3n y Mejoramiento del Servicio P\u00fablico de Transporte Urbano de Pasajeros, marca un antes y un despu\u00e9s en la forma de concebir el transporte p\u00fablico como un servicio esencial para la calidad de vida y el desarrollo social.<br \/>\nMencionaremos algunas reacciones por esta gran acci\u00f3n de la alcaldesa Canturosas Villarreal: \u201cEs excelente, muy bueno lo que est\u00e1 haciendo la alcaldesa\u201d, \u201cla modernizaci\u00f3n del transporte era una necesidad urgente\u201d, \u201cNuevo Laredo est\u00e1 creciendo en todos los sentidos, econ\u00f3mico y social, y ya era hora de modernizarnos\u201d, \u201cqu\u00e9 buena obra, ya nos hac\u00edan falta este tipo de camiones; ahora con aire acondicionado el traslado es mucho m\u00e1s c\u00f3modo; gracias a nuestra presidenta que siempre est\u00e1 pensando en Nuevo Laredo\u201d.<br \/>\nEste lunes visit\u00f3 Suelo Neolaredense el rector D\u00c1MASO ANAYA ALVARADO, para al lado de la alcaldesa Canturosas Villarreal, inaugurar obras de infraestructura de l Prepara de la Universidad Aut\u00f3noma de Tamaulipas.<br \/>\nMa\u00f1ana les pasamos la historia completita.<br \/>\n*TODA LA caballer\u00eda pesada del PAN Tamaulipeco, se reuni\u00f3 el fin de semana en Suelo Victorense para darle todo su apoyo y respaldo a la f\u00f3rmula que integran GLORIA DE LA GARZA y C\u00c9SAR \u201cEl Truko\u201d VER\u00c1STEGUI, para dirigir este instituto pol\u00edtico a nivel estatal.<br \/>\n\u201cEl Truko\u201d, mostr\u00f3 poder de convocatoria y todo parece indicar que ser\u00e1 el bueno para la presidencia del PAN estatal, en sustituci\u00f3n de LUIS REN\u00c9 \u201cEl Cachorro\u201d CANT\u00da GALV\u00c1N, que al parecer se le quitaron las ganas de seguir al frente.<br \/>\nNos soplaron al o\u00eddo que llegaron diputados federales y locales, alcaldes y l\u00edderes municipales.<br \/>\nSe vio a LETICIA SALAZAR, GERARDO PE\u00d1A, RAMIRO CORTES, y alguien que no pod\u00eda dejar solo a su amigo y entregarle todo su apoyo y respaldo nada m\u00e1s y nada menos que MIGUEL \u00c1NGEL ALMARAZ MALDONADO.<br \/>\nEl diputado federal, excandidato a la gubernatura y aspirante a la dirigencia estatal azul extern\u00f3: \u201cLleg\u00f3 el momento de construir una nueva historia para Acci\u00f3n Nacional en Tamaulipas; este a\u00f1o es fundamental, privilegiar la unidad, el trabajo en territorio abri\u00e9ndonos a la gente con las ideas de todos, vamos a edificar una base s\u00f3lida con la que construiremos el proyecto electoral rumbo al pr\u00f3ximo proceso intermedio\u201d.<br \/>\nEn una charla con la prensa de Suelo Victorense el presidente municipal de Suelo Riobravense dijo: \u201cEl PAN de Tamaulipas necesita un cambio, necesita gente que tenga visi\u00f3n de Estado, y con Truko y Gloria aqu\u00ed est\u00e1 el futuro del PAN\u201d.<br \/>\nPura miel, por el momento.<br \/>\n*EN SUELO Victorense el rector de la Universidad Aut\u00f3noma de Tamaulipas D\u00c1MASO ANAYA ALVARADO, acompa\u00f1ado de su esposa ISOLDA REND\u00d3N, presidi\u00f3 la Ceremonia de Entrega de Reconocimientos a Estudiantes de Primer Lugar, Excelencia, Egresados y Fidelidad, correspondiente al periodo Oto\u00f1o 2025-3, del Centro de Idiomas para la Ni\u00f1ez y la Adolescencia.<br \/>\nEl rector Anaya Alvarado, expres\u00f3 que este es un ejercicio de reconocimiento al esfuerzo estudiantil y al trabajo colaborativo que distingue a la comunidad universitaria, y que representa tambi\u00e9n el inicio de un nuevo camino para 47 estudiantes egresados de los programas de ingl\u00e9s y franc\u00e9s, quienes concluyen una etapa formativa, llevando consigo aprendizajes que trascienden el aula y que podr\u00e1n seguir fortaleciendo a lo largo de su desarrollo personal y acad\u00e9mico.<br \/>\nFelicit\u00f3, a nombre de la Universidad, a las familias, al personal docente y a los colaboradores del CeINA UAT, y de manera especial a las y los estudiantes egresados, destacando que cada generaci\u00f3n que concluye su formaci\u00f3n suma una historia que contin\u00faa transformando y fortaleciendo el compromiso social de la instituci\u00f3n.<br \/>\n*PARA LOS amigos automovilistas de Suelo Riobravense decirles que la calle Coahuila Norte de la Avenida M\u00e9xico a la calle Nayarit, ya qued\u00f3 al cien, con todo y sus rayas, l\u00edneas o se\u00f1ales, como usted guste llamarlas.<br \/>\nEs un tramo de trescientos metros bien pavimentado; y de la Nayarit, a dos cuadras m\u00e1s, debe de quedar listo ese tramo en esta semana, es cortes\u00eda del Gobierno Municipal que preside MIGUEL \u00c1NGEL ALMARAZ MALDONADO, claro con el pago de los impuestos.<br \/>\n*NO SE ALARME, no se alarme, no fue en M\u00e9xico sucedi\u00f3 en Espa\u00f1a, aunque en nuestro pa\u00eds el que se descarrilen trenes es muy com\u00fan.<br \/>\nDescarrilaron dos trenes de alta velocidad en las inmediaciones de Adamuz, en la provincia de C\u00f3rdoba, Espa\u00f1a, dej\u00f3 al menos 39 muertos y decenas de heridos, seg\u00fan reportes oficiales del Ministerio del Interior espa\u00f1ol.<br \/>\nEl siniestro, que ocurri\u00f3 en la madrugada de este lunes, activ\u00f3 un amplio operativo de emergencia en el que participaron servicios de rescate, bomberos y fuerzas de seguridad para atender a v\u00edctimas, asegurar la zona y restablecer la circulaci\u00f3n ferroviaria.<br \/>\nAutoridades regionales y nacionales han anunciado investigaciones para determinar las causas del accidente y han expresado condolencias a las familias de las v\u00edctimas mientras contin\u00faa la b\u00fasqueda de supervivientes entre los vagones afectadas.<br \/>\n*CUMPLI\u00d3 a\u00f1os el buen cuate JORGE SALINAS, que tuvo un s\u00e1bado de mucho rock con la nueva agrupaci\u00f3n \u201cMagia Negra\u201d que lidera el capit\u00e1n \u201cBETO\u201d TALAMANTES.<br \/>\nDe verdad nos atendieron de primera, agradecerle a su hijo ALEJANDRO SALINAS, que siempre estuvo al pendiente de que nada nos faltara.<br \/>\nUn monumental abrazo y que vengan muchos m\u00e1s.<br \/>\nVolveremos, HL\u2026D\u2026M<br \/>\nCorreo electr\u00f3nico: barre283@hotmail.com<\/p>\n","protected":false},"excerpt":{"rendered":"<p>*SEGUNDA EDICI\u00d3N HARTO INTERESANTE *MUY BUENA CONVOCTORIA DE \u201cEL TRUKO\u201d *No quiere dejar t\u00edtere con cabeza el presidente de los Estados Unidos de Norteam\u00e9rica DONALD TRUMP, que ahora se le esta haciendo de tos a sus aliados europeos por respaldar a Dinamarca y a la soberan\u00eda de Groenlandia, territorio aut\u00f3nomo dan\u00e9s. Trump, elev\u00f3 la tensi\u00f3n [&hellip;]<\/p>\n","protected":false},"author":1,"featured_media":216294,"comment_status":"closed","ping_status":"closed","sticky":false,"template":"","format":"standard","meta":{"footnotes":""},"categories":[16],"tags":[],"class_list":["post-217664","post","type-post","status-publish","format-standard","has-post-thumbnail","hentry","category-opinion"],"_links":{"self":[{"href":"https:\/\/www.elsinodaldetamaulipas.com.mx\/index.php?rest_route=\/wp\/v2\/posts\/217664","targetHints":{"allow":["GET"]}}],"collection":[{"href":"https:\/\/www.elsinodaldetamaulipas.com.mx\/index.php?rest_route=\/wp\/v2\/posts"}],"about":[{"href":"https:\/\/www.elsinodaldetamaulipas.com.mx\/index.php?rest_route=\/wp\/v2\/types\/post"}],"author":[{"embeddable":true,"href":"https:\/\/www.elsinodaldetamaulipas.com.mx\/index.php?rest_route=\/wp\/v2\/users\/1"}],"replies":[{"embeddable":true,"href":"https:\/\/www.elsinodaldetamaulipas.com.mx\/index.php?rest_route=%2Fwp%2Fv2%2Fcomments&post=217664"}],"version-history":[{"count":1,"href":"https:\/\/www.elsinodaldetamaulipas.com.mx\/index.php?rest_route=\/wp\/v2\/posts\/217664\/revisions"}],"predecessor-version":[{"id":217666,"href":"https:\/\/www.elsinodaldetamaulipas.com.mx\/index.php?rest_route=\/wp\/v2\/posts\/217664\/revisions\/217666"}],"wp:featuredmedia":[{"embeddable":true,"href":"https:\/\/www.elsinodaldetamaulipas.com.mx\/index.php?rest_route=\/wp\/v2\/media\/216294"}],"wp:attachment":[{"href":"https:\/\/www.elsinodaldetamaulipas.com.mx\/index.php?rest_route=%2Fwp%2Fv2%2Fmedia&parent=217664"}],"wp:term":[{"taxonomy":"category","embeddable":true,"href":"https:\/\/www.elsinodaldetamaulipas.com.mx\/index.php?rest_route=%2Fwp%2Fv2%2Fcategories&post=217664"},{"taxonomy":"post_tag","embeddable":true,"href":"https:\/\/www.elsinodaldetamaulipas.com.mx\/index.php?rest_route=%2Fwp%2Fv2%2Ftags&post=217664"}],"curies":[{"name":"wp","href":"https:\/\/api.w.org\/{rel}","templated":true}]}}